{"id":66334,"date":"2012-02-03T14:35:43","date_gmt":"2012-02-03T14:35:43","guid":{"rendered":"http:\/\/diariodominicano.ddns.net\/?p=66334"},"modified":"2012-02-03T14:35:43","modified_gmt":"2012-02-03T14:35:43","slug":"sigue-polemica-pero-alicia-en-el-pais-va","status":"publish","type":"post","link":"https:\/\/diariodominicano.com\/?p=66334","title":{"rendered":"Sigue pol\u00e9mica, pero \u00abAlicia en el pa\u00eds&#8230;\u00bb, va"},"content":{"rendered":"<p><body><\/p>\n<p><span class=\"text1noticias\">Santo Domingo, RD 3 febrero.-Jiri A. Srnec, director del famoso Teatro Negro de Praga, respondi\u00f3 desde esa ciudad al art\u00edculo publicado en DL esta semana, con una entrevista a Pavel Marek director del \u00abTeatro Nacional Negro de Praga\u00bb.<\/span><\/p>\n<\/p>\n<p><span class=\"text1noticias\">Srnec se muestra decepcionado por lo que est\u00e1 sucediendo con la supuesta violaci\u00f3n de sus derechos intelectuales, ya que seg\u00fan \u00e9l, el verdadero nombre del grupo de Marek es \u00abNational Black Light Theatre Prague\u00bb (tal y como consta en el documento de registro del nombre, en poder de Diario Libre), que incluso al traducirlo al espa\u00f1ol debe aparecer como Teatro Nacional Luz Negra de Praga.<\/span><\/p>\n<\/p>\n<p><span class=\"text1noticias\">Confirma la conversaci\u00f3n sostenida hace dos semanas con Jakub Marek, hijo de Pavel, \u00aby me asegur\u00f3 que en el contrato con el grupo Sugar Events est\u00e1 escrito claramente que deb\u00edan usar el nombre tal y como est\u00e1 registrado y que no deseaba que los productores locales tradujeran el nombre al espa\u00f1ol. Tuvimos una discusi\u00f3n acerca de la confusi\u00f3n que podr\u00eda traer la traducci\u00f3n de su nombre en los carteles y otro material promocional\u00bb. <\/span><\/p>\n<\/p>\n<p><span class=\"text1noticias\">Insiste en que debi\u00f3 en todo caso traducirse como Teatro Nacional de Luz Negra de Praga, lo cual hubiese evitado los inconvenientes creados.<\/span><\/p>\n<\/p>\n<p><span class=\"text1noticias\">Niega, de paso que la ex esposa suya trabajase actualmente con el grupo que se presenta este fin de semana en Rep\u00fablica Dominicana. \u00abMi ex esposa es una bailarina que actualmente estudia Historia en Par\u00eds\u00bb, afirm\u00f3.<\/span><\/p>\n<\/p>\n<p><span class=\"text1noticias\">El National Black Light Theater Prague presenta \u00abAlicia en el pa\u00eds de las maravillas\u00bb, de la mano de Sugar Events group, a beneficio de \u00abSave the Children Dominicana\u00bb.<\/span><\/p>\n<\/p>\n<p><span class=\"text1noticias\">Datos<\/span><\/p>\n<\/p>\n<p><span class=\"text1noticias\">Obra: \u00abAlicia en el Pa\u00eds de las Maravillas\u00bb<\/span><\/p>\n<\/p>\n<p><span class=\"text1noticias\">Grupo: National Black Light Theatre Prague <\/span><\/p>\n<\/p>\n<p><span class=\"text1noticias\">Fechas: 4 y 5 de febrero, 7 pm<\/span><\/p>\n<\/p>\n<p><span class=\"text1noticias\">Lugar: Sala Carlos Piantini del Teatro Nacional Eduardo Brito.<\/span><\/p>\n<\/p>\n<p><span class=\"text1noticias\">Boletas: RD$700 y RD$950 (balcones); RD$1,400 y RD$ 1,700 (platea); RD$2,000 <\/span>.<\/p>\n<\/p>\n<h6> 2012-02-03 14:35:43 <\/h6>\n<p><!--\n<link rel=\"stylesheet\" href=\"css\/bootstrap.min.css\">\n\n\n<ul class=\"pagination\">\n\t    \n\t\n\n<li >\n\t<a href='?page_no=18011'>Previous<\/a>\n\t<\/li>\n\n\n       \n    \n\n<li><a href='?page_no=1'>1<\/a><\/li>\n\n\n\n<li><a href='?page_no=2'>2<\/a><\/li>\n\n\n\n<li><a>...<\/a><\/li>\n\n\n\n<li><a href='?page_no=18010'>18010<\/a><\/li>\n\n\n\n<li><a href='?page_no=18011'>18011<\/a><\/li>\n\n\n\n<li class='active'><a>18012<\/a><\/li>\n\n\n\n<li><a href='?page_no=18013'>18013<\/a><\/li>\n\n\n\n<li><a href='?page_no=18014'>18014<\/a><\/li>\n\n\n\n<li><a>...<\/a><\/li>\n\n\n\n<li><a href='?page_no=22911'>22911<\/a><\/li>\n\n\n\n<li><a href='?page_no=22912'>22912<\/a><\/li>\n\n    \n\t\n\n<li >\n\t<a href='?page_no=18013'>Next<\/a>\n\t<\/li>\n\n\n    \n\n<li><a href='?page_no=22912'>Last &rsaquo;&rsaquo;<\/a><\/li>\n\n<\/ul>\n\n\n--><br \/>\n<\/body><\/p>\n","protected":false},"excerpt":{"rendered":"<p>Santo Domingo, RD 3 febrero.-Jiri A. Srnec, director del famoso Teatro Negro de Praga, respondi\u00f3 desde esa ciudad al art\u00edculo publicado en DL esta semana, con una entrevista a Pavel Marek director del \u00abTeatro Nacional Negro de Praga\u00bb. Srnec se muestra decepcionado por lo que est\u00e1 sucediendo con la supuesta violaci\u00f3n de sus derechos intelectuales, [&hellip;]<\/p>\n","protected":false},"author":3,"featured_media":0,"comment_status":"open","ping_status":"open","sticky":false,"template":"","format":"standard","meta":{"footnotes":""},"categories":[21],"tags":[],"class_list":["post-66334","post","type-post","status-publish","format-standard","hentry","category-cultura"],"_links":{"self":[{"href":"https:\/\/diariodominicano.com\/index.php?rest_route=\/wp\/v2\/posts\/66334","targetHints":{"allow":["GET"]}}],"collection":[{"href":"https:\/\/diariodominicano.com\/index.php?rest_route=\/wp\/v2\/posts"}],"about":[{"href":"https:\/\/diariodominicano.com\/index.php?rest_route=\/wp\/v2\/types\/post"}],"author":[{"embeddable":true,"href":"https:\/\/diariodominicano.com\/index.php?rest_route=\/wp\/v2\/users\/3"}],"replies":[{"embeddable":true,"href":"https:\/\/diariodominicano.com\/index.php?rest_route=%2Fwp%2Fv2%2Fcomments&post=66334"}],"version-history":[{"count":0,"href":"https:\/\/diariodominicano.com\/index.php?rest_route=\/wp\/v2\/posts\/66334\/revisions"}],"wp:attachment":[{"href":"https:\/\/diariodominicano.com\/index.php?rest_route=%2Fwp%2Fv2%2Fmedia&parent=66334"}],"wp:term":[{"taxonomy":"category","embeddable":true,"href":"https:\/\/diariodominicano.com\/index.php?rest_route=%2Fwp%2Fv2%2Fcategories&post=66334"},{"taxonomy":"post_tag","embeddable":true,"href":"https:\/\/diariodominicano.com\/index.php?rest_route=%2Fwp%2Fv2%2Ftags&post=66334"}],"curies":[{"name":"wp","href":"https:\/\/api.w.org\/{rel}","templated":true}]}}