{"id":66333,"date":"2012-02-03T19:04:38","date_gmt":"2012-02-03T19:04:38","guid":{"rendered":"http:\/\/diariodominicano.ddns.net\/?p=66333"},"modified":"2012-02-03T19:04:38","modified_gmt":"2012-02-03T19:04:38","slug":"el-ministerio-de-educacion-llama-a-participar-masivamente-en-acto-de-izamiento-de-bandera","status":"publish","type":"post","link":"https:\/\/diariodominicano.com\/?p=66333","title":{"rendered":"El Ministerio de Educaci\u00f3n llama a participar masivamente en acto de izamiento de bandera"},"content":{"rendered":"<p><body><\/p>\n<p><img decoding=\"async\" src=\"img3\/LEVANTALA CON ORGULLO.gif\" \/>  <\/p>\n<p><span class=\"text1noticias\">SANTO DOMINGO, 03 Feb 2012.-El Ministerio de Educaci\u00f3n, a trav\u00e9s del Viceministerio de Asuntos Culturales y en el marco del mes de la patria, organiza y  promueve un izamiento  nacional y especial de bandera, el pr\u00f3ximo 14 de Febrero, a prop\u00f3sito del d\u00eda de la amistad y el amor a la patria, con lo cual queremos inculcar  en ni\u00f1as\/os y adolescentes la necesidad de fortalecer los valores de la amistad y el amor por la patria, con el prop\u00f3sito de contribuir a la unidad de la familia y la sociedad en sentido general.<\/span><\/p>\n<\/p>\n<p><span class=\"text1noticias\">Tenemos como objetivo, con este izamiento, movilizar a toda la naci\u00f3n con el fin de fortalecer nuestro patrimonio educativo, cultural y mantener viva la memoria hist\u00f3rica del pa\u00eds y la democracia participativa, potenciando el amor, la solidaridad y los valores en sentido general.<\/span><\/p>\n<\/p>\n<p><span class=\"text1noticias\">En medio de las conmemoraciones patri\u00f3ticas y del d\u00eda de la amistad, estamos coordinando para una participaci\u00f3n masiva, no solo del Ministerio de Educaci\u00f3n, sino tambi\u00e9n de todas las instituciones gubernamentales en torno al pedestal de la bandera; adem\u00e1s, estamos invitando a los poderes legislativos y judicial, as\u00ed como tambi\u00e9n a toda la sociedad en sentido general.<\/span><\/p>\n<\/p>\n<p><span class=\"text1noticias\">Solicitamos a los medios de comunicaci\u00f3n escritos, televisivos, radiales y digitales que nos ayuden a difundir este prop\u00f3sito patri\u00f3tico a toda la familia dominicana, para que as\u00ed, todos juntos, rindamos homenaje a nuestros pro-hombres, pro-mujeres y a nuestros s\u00edmbolos patrios, fundamentado en el rescate y preservaci\u00f3n de los valores, especialmente la amistad y el amor a la patria.<\/span><\/p>\n<\/p>\n<p><span class=\"text1noticias\">\u00ab\u00a1Trabajemos por y para la patria que es lo mismo que trabajar para nuestros hijos y para nosotros mismos!\u00bb J.P.D.<\/span><\/p>\n<\/p>\n<p><strong><em><u><span class=\"text1noticias\">\u00a1Vamos todos a izar la Bandera y cantar el Himno Nacional completo este 14 de Febrero!<\/span><\/u><\/em><\/strong><\/p>\n<\/p>\n<p> .<\/p>\n<h6> 2012-02-03 19:04:38 <\/h6>\n<p><!--\n<link rel=\"stylesheet\" href=\"css\/bootstrap.min.css\">\n\n\n<ul class=\"pagination\">\n\t    \n\t\n\n<li >\n\t<a href='?page_no=18010'>Previous<\/a>\n\t<\/li>\n\n\n       \n    \n\n<li><a href='?page_no=1'>1<\/a><\/li>\n\n\n\n<li><a href='?page_no=2'>2<\/a><\/li>\n\n\n\n<li><a>...<\/a><\/li>\n\n\n\n<li><a href='?page_no=18009'>18009<\/a><\/li>\n\n\n\n<li><a href='?page_no=18010'>18010<\/a><\/li>\n\n\n\n<li class='active'><a>18011<\/a><\/li>\n\n\n\n<li><a href='?page_no=18012'>18012<\/a><\/li>\n\n\n\n<li><a href='?page_no=18013'>18013<\/a><\/li>\n\n\n\n<li><a>...<\/a><\/li>\n\n\n\n<li><a href='?page_no=22911'>22911<\/a><\/li>\n\n\n\n<li><a href='?page_no=22912'>22912<\/a><\/li>\n\n    \n\t\n\n<li >\n\t<a href='?page_no=18012'>Next<\/a>\n\t<\/li>\n\n\n    \n\n<li><a href='?page_no=22912'>Last &rsaquo;&rsaquo;<\/a><\/li>\n\n<\/ul>\n\n\n--><br \/>\n<\/body><\/p>\n","protected":false},"excerpt":{"rendered":"<p>SANTO DOMINGO, 03 Feb 2012.-El Ministerio de Educaci\u00f3n, a trav\u00e9s del Viceministerio de Asuntos Culturales y en el marco del mes de la patria, organiza y promueve un izamiento nacional y especial de bandera, el pr\u00f3ximo 14 de Febrero, a prop\u00f3sito del d\u00eda de la amistad y el amor a la patria, con lo cual [&hellip;]<\/p>\n","protected":false},"author":3,"featured_media":0,"comment_status":"open","ping_status":"open","sticky":false,"template":"","format":"standard","meta":{"footnotes":""},"categories":[21],"tags":[],"class_list":["post-66333","post","type-post","status-publish","format-standard","hentry","category-cultura"],"_links":{"self":[{"href":"https:\/\/diariodominicano.com\/index.php?rest_route=\/wp\/v2\/posts\/66333","targetHints":{"allow":["GET"]}}],"collection":[{"href":"https:\/\/diariodominicano.com\/index.php?rest_route=\/wp\/v2\/posts"}],"about":[{"href":"https:\/\/diariodominicano.com\/index.php?rest_route=\/wp\/v2\/types\/post"}],"author":[{"embeddable":true,"href":"https:\/\/diariodominicano.com\/index.php?rest_route=\/wp\/v2\/users\/3"}],"replies":[{"embeddable":true,"href":"https:\/\/diariodominicano.com\/index.php?rest_route=%2Fwp%2Fv2%2Fcomments&post=66333"}],"version-history":[{"count":0,"href":"https:\/\/diariodominicano.com\/index.php?rest_route=\/wp\/v2\/posts\/66333\/revisions"}],"wp:attachment":[{"href":"https:\/\/diariodominicano.com\/index.php?rest_route=%2Fwp%2Fv2%2Fmedia&parent=66333"}],"wp:term":[{"taxonomy":"category","embeddable":true,"href":"https:\/\/diariodominicano.com\/index.php?rest_route=%2Fwp%2Fv2%2Fcategories&post=66333"},{"taxonomy":"post_tag","embeddable":true,"href":"https:\/\/diariodominicano.com\/index.php?rest_route=%2Fwp%2Fv2%2Ftags&post=66333"}],"curies":[{"name":"wp","href":"https:\/\/api.w.org\/{rel}","templated":true}]}}