{"id":66332,"date":"2012-02-03T20:12:24","date_gmt":"2012-02-03T20:12:24","guid":{"rendered":"http:\/\/diariodominicano.ddns.net\/?p=66332"},"modified":"2012-02-03T20:12:24","modified_gmt":"2012-02-03T20:12:24","slug":"poemas-de-laureada-escritora-cubana-nercys-felipe-en-feria-literaria","status":"publish","type":"post","link":"https:\/\/diariodominicano.com\/?p=66332","title":{"rendered":"Poemas de laureada escritora cubana Nercys Felipe en feria literaria"},"content":{"rendered":"<p><body><\/p>\n<p><span class=\"text1noticias\">Pinar del R\u00edo, Cuba,3 febrero (PL).- Un poemario de la escritora cubana Nercys Felipe, Premio Nacional de Literatura 2011, figura entre las novedades de la Feria Internacional del Libro, que se celebrar\u00e1 en La Habana desde el pr\u00f3ximo jueves.<\/span><\/p>\n<\/p>\n<p><span class=\"text1noticias\"> Esa selecci\u00f3n de poes\u00eda (Con tanto fa sol la si) incluye textos in\u00e9ditos, confirm\u00f3 a Prensa Latina la autora de una decena de obras dedicadas al p\u00fablico infantil y juvenil.<\/span><\/p>\n<\/p>\n<p><span class=\"text1noticias\">El volumen publicado por la editorial Gente Nueva se presentar\u00e1 en el complejo Morro-Caba\u00f1a, habitual sede del mayor evento literario organizado en el pa\u00eds.<\/span><\/p>\n<\/p>\n<p><span class=\"text1noticias\">Felipe adelant\u00f3 que el mismo sello pondr\u00e1 a disposici\u00f3n de los lectores una nueva edici\u00f3n de Cuentos de Nato (1985), con atractivas ilustraciones y diferente formato.<\/span><\/p>\n<\/p>\n<p><span class=\"text1noticias\">Til\u00edn de oro es otro de los vol\u00famenes de su autor\u00eda que estar\u00e1n a la venta en la feria, asegur\u00f3.<\/span><\/p>\n<\/p>\n<p><span class=\"text1noticias\">Traducidas en varios idiomas y publicadas en pa\u00edses como Rusia, Argentina, Ecuador, Colombia, Holanda y Espa\u00f1a, sus narraciones y poemas alimentan fantas\u00edas en los m\u00e1s chicos y reviven pasajes de los d\u00edas de infancia, que muchos cre\u00edan perdidos.<\/span><\/p>\n<\/p>\n<p><span class=\"text1noticias\">En la pr\u00f3xima fiesta de las letras ver\u00e1 la luz una serie de libretos radiales de la \u00e9poca cuando trabaj\u00f3 como guionista en Radio Guam\u00e1, emisora provincial de su natal Pinar del R\u00edo, y Acercamiento a la obra de Nercys Felipe, firmado por dos coterr\u00e1neos.<\/span><\/p>\n<\/p>\n<p><span class=\"text1noticias\">Cuentos de Guane\u00bb (Premio Casa de las Am\u00e9ricas al igual que \u00abRom\u00e1n El\u00e9\u00bb), es mi m\u00e1s acabada y entra\u00f1able creaci\u00f3n, declar\u00f3 a Prensa Latina la intelectual nacida en 1935.<\/span><\/p>\n<\/p>\n<p><span class=\"text1noticias\">Esta historia -a\u00f1adi\u00f3- ligada al pueblo de mi ni\u00f1ez, crece en el coraz\u00f3n, donde siempre estuvo, sus protagonistas ya no habitan en el mundo real, pero existen dentro de m\u00ed, no volver\u00e9 a escribir algo igual, por su significado sentimental, dijo.<\/span><\/p>\n<\/p>\n<p><span class=\"text1noticias\">Considerada un canto al amor, al hombre mismo, el texto est\u00e1 colmado de evocaciones a la localidad ba\u00f1ada por el caudaloso r\u00edo Cuyaguateje.<\/span><\/p>\n<\/p>\n<p><span class=\"text1noticias\">Frutos tambi\u00e9n de su f\u00e9rtil imaginaci\u00f3n son \u00abPara que ellos canten\u00bb, 1975; \u00abM\u00fasica y colores\u00bb, 1976; \u00abPrenda\u00bb, 1980; \u00abSorcita\u00bb, 1989; El duende pintor\u00bb, 2000; y \u00abPajuela Fina\u00bb, 2002<\/span>.<\/p>\n<h6> 2012-02-03 20:12:24 <\/h6>\n<p><!--\n<link rel=\"stylesheet\" href=\"css\/bootstrap.min.css\">\n\n\n<ul class=\"pagination\">\n\t    \n\t\n\n<li >\n\t<a href='?page_no=18009'>Previous<\/a>\n\t<\/li>\n\n\n       \n    \n\n<li><a href='?page_no=1'>1<\/a><\/li>\n\n\n\n<li><a href='?page_no=2'>2<\/a><\/li>\n\n\n\n<li><a>...<\/a><\/li>\n\n\n\n<li><a href='?page_no=18008'>18008<\/a><\/li>\n\n\n\n<li><a href='?page_no=18009'>18009<\/a><\/li>\n\n\n\n<li class='active'><a>18010<\/a><\/li>\n\n\n\n<li><a href='?page_no=18011'>18011<\/a><\/li>\n\n\n\n<li><a href='?page_no=18012'>18012<\/a><\/li>\n\n\n\n<li><a>...<\/a><\/li>\n\n\n\n<li><a href='?page_no=22911'>22911<\/a><\/li>\n\n\n\n<li><a href='?page_no=22912'>22912<\/a><\/li>\n\n    \n\t\n\n<li >\n\t<a href='?page_no=18011'>Next<\/a>\n\t<\/li>\n\n\n    \n\n<li><a href='?page_no=22912'>Last &rsaquo;&rsaquo;<\/a><\/li>\n\n<\/ul>\n\n\n--><br \/>\n<\/body><\/p>\n","protected":false},"excerpt":{"rendered":"<p>Pinar del R\u00edo, Cuba,3 febrero (PL).- Un poemario de la escritora cubana Nercys Felipe, Premio Nacional de Literatura 2011, figura entre las novedades de la Feria Internacional del Libro, que se celebrar\u00e1 en La Habana desde el pr\u00f3ximo jueves. Esa selecci\u00f3n de poes\u00eda (Con tanto fa sol la si) incluye textos in\u00e9ditos, confirm\u00f3 a Prensa [&hellip;]<\/p>\n","protected":false},"author":3,"featured_media":0,"comment_status":"open","ping_status":"open","sticky":false,"template":"","format":"standard","meta":{"footnotes":""},"categories":[21],"tags":[],"class_list":["post-66332","post","type-post","status-publish","format-standard","hentry","category-cultura"],"_links":{"self":[{"href":"https:\/\/diariodominicano.com\/index.php?rest_route=\/wp\/v2\/posts\/66332","targetHints":{"allow":["GET"]}}],"collection":[{"href":"https:\/\/diariodominicano.com\/index.php?rest_route=\/wp\/v2\/posts"}],"about":[{"href":"https:\/\/diariodominicano.com\/index.php?rest_route=\/wp\/v2\/types\/post"}],"author":[{"embeddable":true,"href":"https:\/\/diariodominicano.com\/index.php?rest_route=\/wp\/v2\/users\/3"}],"replies":[{"embeddable":true,"href":"https:\/\/diariodominicano.com\/index.php?rest_route=%2Fwp%2Fv2%2Fcomments&post=66332"}],"version-history":[{"count":0,"href":"https:\/\/diariodominicano.com\/index.php?rest_route=\/wp\/v2\/posts\/66332\/revisions"}],"wp:attachment":[{"href":"https:\/\/diariodominicano.com\/index.php?rest_route=%2Fwp%2Fv2%2Fmedia&parent=66332"}],"wp:term":[{"taxonomy":"category","embeddable":true,"href":"https:\/\/diariodominicano.com\/index.php?rest_route=%2Fwp%2Fv2%2Fcategories&post=66332"},{"taxonomy":"post_tag","embeddable":true,"href":"https:\/\/diariodominicano.com\/index.php?rest_route=%2Fwp%2Fv2%2Ftags&post=66332"}],"curies":[{"name":"wp","href":"https:\/\/api.w.org\/{rel}","templated":true}]}}