{"id":663312,"date":"2026-02-01T12:25:03","date_gmt":"2026-02-01T16:25:03","guid":{"rendered":"https:\/\/diariodominicano.com\/?p=663312"},"modified":"2026-02-02T17:52:18","modified_gmt":"2026-02-02T21:52:18","slug":"la-autopista-del-ambar-es-necesaria","status":"publish","type":"post","link":"https:\/\/diariodominicano.com\/?p=663312","title":{"rendered":"La Autopista del \u00c1mbar, \u00bfes necesaria?"},"content":{"rendered":"\n<p>Por Ram\u00f3n Antonio Veras &nbsp;<\/p>\n\n\n\n<p>1.- Setenta y tres (73) a\u00f1os han transcurrido desde que me desempe\u00f1aba como cobrador de una compa\u00f1\u00eda vendedora de l\u00e1mparas de lujo.<\/p>\n\n\n\n<p>2.- Cada fin de mes deb\u00eda trasladarme, en un veh\u00edculo p\u00fablico, para cumplir mi labor desde la ciudad de Santiago de los Caballeros hasta Puerto Plata, que era la comunidad donde ejecutaba la tarea asignada.<\/p>\n\n\n\n<p>3.- Para ir a Puerto Plata, tomaba un carro que hac\u00eda la ruta por la Carretera Tur\u00edstica La Cumbre hasta llegar al Parque Central. Por esta v\u00eda regresaba el mismo d\u00eda a Santiago, ya terminado mi trabajo.<\/p>\n\n\n\n<p>4. Moverme desde Santiago a Puerto Plata por la carretera tur\u00edstica era para m\u00ed un deleite por la belleza que encierra su paisaje, que todav\u00eda hoy se conserva m\u00e1s hermoso.<\/p>\n\n\n\n<p>5.- Con el transcurrir del tiempo, otro itinerario era utilizado para llegar de manera segura y corta desde Santiago a Puerto Plata. La autopista Santiago-Navarrete.<\/p>\n\n\n\n<p>6.- Hoy como ayer, para hacer el trayecto desde Santiago de los Caballeros hasta la ciudad de San Felipe de Puerto Plata, no es cuesti\u00f3n del otro mundo, sino un paseo agradable.<\/p>\n\n\n\n<p>7.- En la actualidad, muchas personas salen desde Santiago a Puerto Plata para hacer turismo interno y recreaci\u00f3n sin la mayor inversi\u00f3n econ\u00f3mica. Es asunto de divertirse a bajo costo.<\/p>\n\n\n\n<p>8.- Es posible que la persona que decida leer este escrito se haga la pregunta: \u00bfQu\u00e9 persigue Negro Veras al ocuparse de destacar lo factible de viajar por la Carretera Tur\u00edstica La Cumbre, que une a Puerto Plata y a la ciudad de Santiago de los Caballeros?<\/p>\n\n\n\n<p>9.- Debo confesar que no tengo ning\u00fan inter\u00e9s personal en destacar las bondades de viajar en veh\u00edculo desde Santiago de los Caballeros a Puerto Plata, y viceversa, por la carretera tur\u00edstica.<\/p>\n\n\n\n<p>10.- Lo cierto es que me motiva saber si la carretera tur\u00edstica Santiago-Puerto Plata es funcional, porque, entonces, \u00bfpara qu\u00e9 construir otra ruta con el nombre de Carretera del \u00c1mbar?<\/p>\n\n\n\n<p>11.- Como no tengo conocimientos t\u00e9cnicos que me permitan opinar en uno u otro sentido de la conveniencia de otra v\u00eda que cumpla la misma funci\u00f3n que la actual, no estoy en condici\u00f3n de emitir opini\u00f3n a favor o en contra.<\/p>\n\n\n\n<p>12.- Creo que resulta provechoso para el pa\u00eds que mujeres y hombres que s\u00ed tienen calidad para emitir opiniones, como los ambientalistas, ge\u00f3logos y los ingenieros en infraestructuras viales digan cu\u00e1l es su parecer respecto a la construcci\u00f3n de la Autopista del \u00c1mbar.<\/p>\n\n\n\n<p>13.- Las personas vinculadas con la defensa del medio ambiente tienen la oportunidad de fijar su posici\u00f3n con respecto a todo el movimiento de \u00e1rboles y tierra que entra\u00f1a la Autopista del \u00c1mbar.<\/p>\n\n\n\n<p>14.- No me cabe la menor duda de los poderosos intereses que en el pa\u00eds pueden moverse para que la Autopista del \u00c1mbar se ejecute con el menor ruido en contra.<\/p>\n\n\n\n<p>15.- Conviene precisar que si la Autopista del \u00c1mbar viene a llenar un espacio de progreso, lo que procede es aplaudir su llegada, siempre y cuando sea construida en su totalidad con dinero propio y en terrenos no del Estado.<\/p>\n","protected":false},"excerpt":{"rendered":"<p>Por Ram\u00f3n Antonio Veras &nbsp; 1.- Setenta y tres (73) a\u00f1os han transcurrido desde que me desempe\u00f1aba como cobrador de una compa\u00f1\u00eda vendedora de l\u00e1mparas de lujo. 2.- Cada fin de mes deb\u00eda trasladarme, en un veh\u00edculo p\u00fablico, para cumplir mi labor desde la ciudad de Santiago de los Caballeros hasta Puerto Plata, que era [&hellip;]<\/p>\n","protected":false},"author":7,"featured_media":654589,"comment_status":"closed","ping_status":"closed","sticky":false,"template":"","format":"standard","meta":{"footnotes":""},"categories":[16],"tags":[426],"class_list":["post-663312","post","type-post","status-publish","format-standard","has-post-thumbnail","hentry","category-opiniones","tag-ramon-antonio-veras"],"_links":{"self":[{"href":"https:\/\/diariodominicano.com\/index.php?rest_route=\/wp\/v2\/posts\/663312","targetHints":{"allow":["GET"]}}],"collection":[{"href":"https:\/\/diariodominicano.com\/index.php?rest_route=\/wp\/v2\/posts"}],"about":[{"href":"https:\/\/diariodominicano.com\/index.php?rest_route=\/wp\/v2\/types\/post"}],"author":[{"embeddable":true,"href":"https:\/\/diariodominicano.com\/index.php?rest_route=\/wp\/v2\/users\/7"}],"replies":[{"embeddable":true,"href":"https:\/\/diariodominicano.com\/index.php?rest_route=%2Fwp%2Fv2%2Fcomments&post=663312"}],"version-history":[{"count":1,"href":"https:\/\/diariodominicano.com\/index.php?rest_route=\/wp\/v2\/posts\/663312\/revisions"}],"predecessor-version":[{"id":663391,"href":"https:\/\/diariodominicano.com\/index.php?rest_route=\/wp\/v2\/posts\/663312\/revisions\/663391"}],"wp:featuredmedia":[{"embeddable":true,"href":"https:\/\/diariodominicano.com\/index.php?rest_route=\/wp\/v2\/media\/654589"}],"wp:attachment":[{"href":"https:\/\/diariodominicano.com\/index.php?rest_route=%2Fwp%2Fv2%2Fmedia&parent=663312"}],"wp:term":[{"taxonomy":"category","embeddable":true,"href":"https:\/\/diariodominicano.com\/index.php?rest_route=%2Fwp%2Fv2%2Fcategories&post=663312"},{"taxonomy":"post_tag","embeddable":true,"href":"https:\/\/diariodominicano.com\/index.php?rest_route=%2Fwp%2Fv2%2Ftags&post=663312"}],"curies":[{"name":"wp","href":"https:\/\/api.w.org\/{rel}","templated":true}]}}