{"id":66328,"date":"2012-02-03T20:34:23","date_gmt":"2012-02-03T20:34:23","guid":{"rendered":"http:\/\/diariodominicano.ddns.net\/?p=66328"},"modified":"2012-02-03T20:34:23","modified_gmt":"2012-02-03T20:34:23","slug":"rigoletto-una-produccion-espectacular","status":"publish","type":"post","link":"https:\/\/diariodominicano.com\/?p=66328","title":{"rendered":"\u00abRigoletto\u00bb, una producci\u00f3n espectacular"},"content":{"rendered":"<p><body><\/p>\n<p><span class=\"text1noticias\">Miami, Florida 3 febrero.- Con una positiva acogida del p\u00fablico se estren\u00f3 el s\u00e1bado la nueva y espectacular producci\u00f3n de la Florida Grand Opera de Rigoletto, de Verdi. <\/span><\/p>\n<\/p>\n<p><span class=\"text1noticias\">La bella escenograf\u00eda de Allen Charles Klein, concebida originalmente para la Cincinnati Opera, fue aplaudida acto por acto, pues contribuye en mucho a crear las distintas atm\u00f3sferas: palacio ducal, mansi\u00f3n apartada, y taberna de las afueras.<\/span><\/p>\n<\/p>\n<p><span class=\"text1noticias\">Tambi\u00e9n fue aplaudido el toque original de sacar a Rigoletto sin camisa con su joroba durante unos compases de la obertura, bajo un spot luminoso, como para ir presentando al sinuoso personaje. Encomiable idea del director esc\u00e9nico Jeffrey Marc Buchman. <\/span><\/p>\n<\/p>\n<p><span class=\"text1noticias\">Sin embargo, su \u00abaporte\u00bb a la escena final, agregando el esp\u00edritu de Gilda, aunque impactante desde el punto visual, le resta dramatismo y fuerza al famoso d\u00fao de padre e hija moribunda. Eso sin contar que cambia el argumento, pues la joven a\u00fan no ha muerto.<\/span><\/p>\n<\/p>\n<p><span class=\"text1noticias\">Pero lo m\u00e1s importante de esta producci\u00f3n es la realizaci\u00f3n musical donde se luci\u00f3 nuevamente la orquesta de la FGO, esta noche bajo la batuta del energ\u00e9tico Andrew Bisantz, quien supo mantener el pulso r\u00edtmico de esta extraordinaria partitura sin robar protagonismo a los cantantes. Entre estos, la palma mayor es para Mark Walters, en el rol titular, que no s\u00f3lo mantuvo su personaje cre\u00edble en todas las situaciones, sino que su hermosa voz fue el mejor regalo de la noche. La bella Nadine Sierra tambi\u00e9n brill\u00f3 como la inocente y suicida Gilda, su Caro Nome fue el \u00fanico momento en que el teatro se vino abajo en aplausos. Michael Fabiano, lamentablemente no estuvo a la altura de los otros dos cantantes protag\u00f3nicos. Despu\u00e9s de un primer acto brillante, donde su Questa o quella lo cubri\u00f3 de aplausos, y tambi\u00e9n los obtuvo en el d\u00fao rom\u00e1ntico con Sierra, su voz comenz\u00f3 a decaer. Al final, su La donna e mobile dej\u00f3 mucho que desear, aunque tampoco fue un desastre. Hay que reconocer a su favor que su apostura y presencia esc\u00e9nica, al igual que su talento dram\u00e1tico, vistieron a su personaje de una credibilidad que lo sac\u00f3 del frecuente clich\u00e9, aunque Buchman (como la mayor\u00eda de los directores esc\u00e9nicos) no supo explicar visualmente el cambio de \u00e1nimo del personaje hacia Gilda. Aunque no est\u00e1 detallado en el libreto tal y como ha llegado a nosotros, el que ella prefiera irse con Rigoletto es lo que decepciona al duque, y pasa de cantar: \u00abQue sepa al fin quien la ama\/ que conozca quien soy\/ que aunque ocupo el trono\/ soy esclavo del amor\u00bb, a: \u00abLa mujer es voluble como pluma al viento\u00bb.<\/span><\/p>\n<\/p>\n<p><span class=\"text1noticias\">Muy bien el Sparafucile de Kevin Langan. En cambio, la Maddalena de Dana Beth Miller result\u00f3 muy esquem\u00e1tica<\/span>.<\/p>\n<h6> 2012-02-03 20:34:23 <\/h6>\n<p><!--\n<link rel=\"stylesheet\" href=\"css\/bootstrap.min.css\">\n\n\n<ul class=\"pagination\">\n\t    \n\t\n\n<li >\n\t<a href='?page_no=18005'>Previous<\/a>\n\t<\/li>\n\n\n       \n    \n\n<li><a href='?page_no=1'>1<\/a><\/li>\n\n\n\n<li><a href='?page_no=2'>2<\/a><\/li>\n\n\n\n<li><a>...<\/a><\/li>\n\n\n\n<li><a href='?page_no=18004'>18004<\/a><\/li>\n\n\n\n<li><a href='?page_no=18005'>18005<\/a><\/li>\n\n\n\n<li class='active'><a>18006<\/a><\/li>\n\n\n\n<li><a href='?page_no=18007'>18007<\/a><\/li>\n\n\n\n<li><a href='?page_no=18008'>18008<\/a><\/li>\n\n\n\n<li><a>...<\/a><\/li>\n\n\n\n<li><a href='?page_no=22911'>22911<\/a><\/li>\n\n\n\n<li><a href='?page_no=22912'>22912<\/a><\/li>\n\n    \n\t\n\n<li >\n\t<a href='?page_no=18007'>Next<\/a>\n\t<\/li>\n\n\n    \n\n<li><a href='?page_no=22912'>Last &rsaquo;&rsaquo;<\/a><\/li>\n\n<\/ul>\n\n\n--><br \/>\n<\/body><\/p>\n","protected":false},"excerpt":{"rendered":"<p>Miami, Florida 3 febrero.- Con una positiva acogida del p\u00fablico se estren\u00f3 el s\u00e1bado la nueva y espectacular producci\u00f3n de la Florida Grand Opera de Rigoletto, de Verdi. La bella escenograf\u00eda de Allen Charles Klein, concebida originalmente para la Cincinnati Opera, fue aplaudida acto por acto, pues contribuye en mucho a crear las distintas atm\u00f3sferas: [&hellip;]<\/p>\n","protected":false},"author":3,"featured_media":0,"comment_status":"open","ping_status":"open","sticky":false,"template":"","format":"standard","meta":{"footnotes":""},"categories":[21],"tags":[],"class_list":["post-66328","post","type-post","status-publish","format-standard","hentry","category-cultura"],"_links":{"self":[{"href":"https:\/\/diariodominicano.com\/index.php?rest_route=\/wp\/v2\/posts\/66328","targetHints":{"allow":["GET"]}}],"collection":[{"href":"https:\/\/diariodominicano.com\/index.php?rest_route=\/wp\/v2\/posts"}],"about":[{"href":"https:\/\/diariodominicano.com\/index.php?rest_route=\/wp\/v2\/types\/post"}],"author":[{"embeddable":true,"href":"https:\/\/diariodominicano.com\/index.php?rest_route=\/wp\/v2\/users\/3"}],"replies":[{"embeddable":true,"href":"https:\/\/diariodominicano.com\/index.php?rest_route=%2Fwp%2Fv2%2Fcomments&post=66328"}],"version-history":[{"count":0,"href":"https:\/\/diariodominicano.com\/index.php?rest_route=\/wp\/v2\/posts\/66328\/revisions"}],"wp:attachment":[{"href":"https:\/\/diariodominicano.com\/index.php?rest_route=%2Fwp%2Fv2%2Fmedia&parent=66328"}],"wp:term":[{"taxonomy":"category","embeddable":true,"href":"https:\/\/diariodominicano.com\/index.php?rest_route=%2Fwp%2Fv2%2Fcategories&post=66328"},{"taxonomy":"post_tag","embeddable":true,"href":"https:\/\/diariodominicano.com\/index.php?rest_route=%2Fwp%2Fv2%2Ftags&post=66328"}],"curies":[{"name":"wp","href":"https:\/\/api.w.org\/{rel}","templated":true}]}}