{"id":66326,"date":"2012-02-03T21:32:40","date_gmt":"2012-02-03T21:32:40","guid":{"rendered":"http:\/\/diariodominicano.ddns.net\/?p=66326"},"modified":"2012-02-03T21:32:40","modified_gmt":"2012-02-03T21:32:40","slug":"aduanas-deposita-ofrenda-floral-en-el-altar-de-la-patria","status":"publish","type":"post","link":"https:\/\/diariodominicano.com\/?p=66326","title":{"rendered":"Aduanas deposita ofrenda floral en el Altar de la Patria&#13;"},"content":{"rendered":"<p><body><\/p>\n<p><span class=\"text1noticias\">SANTO DOMINGO, 03 Feb 2012.-La Direcci\u00f3n General de Aduanas deposit\u00f3 este viernes una ofrenda floral en el Altar de la Patria con motivo de la celebraci\u00f3n del  Mes de la Patria, que empez\u00f3 el 26 de enero y concluir\u00e1 el 27 de este mes.<\/span><\/p>\n<\/p>\n<p><span class=\"text1noticias\">Con tal prop\u00f3sito acudi\u00f3 al recinto donde reposan los restos de los padres de nuestra nacionalidad una nutrida delegaci\u00f3n, encabezada por su subdirectora general, licenciada Leticia Pe\u00f1a, quien asisti\u00f3 al<\/span><\/p>\n<p><span class=\"text1noticias\">acto en representaci\u00f3n de Rafael Camilo, titular de la instituci\u00f3n, y destac\u00f3 la efem\u00e9ride y lo importante que resulta al pa\u00eds el que sus grandes hombres sean recordados y sus acciones imitadas por sus<\/span><\/p>\n<p><span class=\"text1noticias\">conciudadanos.<\/span><\/p>\n<\/p>\n<p><span class=\"text1noticias\"> \u00abCon esta ofrenda hacemos homenaje a la patria, a nuestra identidad nacional, a nuestros s\u00edmbolos y a aquellos h\u00e9roes que con gran sacrificio y esfuerzo nos regalaron la libertad y el pa\u00eds que hoy disfrutamos\u00bb, enfatiz\u00f3 la funcionaria.<\/span><\/p>\n<\/p>\n<p>mmmm<\/p>\n<h6> 2012-02-03 21:32:40 <\/h6>\n<p><!--\n<link rel=\"stylesheet\" href=\"css\/bootstrap.min.css\">\n\n\n<ul class=\"pagination\">\n\t    \n\t\n\n<li >\n\t<a href='?page_no=18003'>Previous<\/a>\n\t<\/li>\n\n\n       \n    \n\n<li><a href='?page_no=1'>1<\/a><\/li>\n\n\n\n<li><a href='?page_no=2'>2<\/a><\/li>\n\n\n\n<li><a>...<\/a><\/li>\n\n\n\n<li><a href='?page_no=18002'>18002<\/a><\/li>\n\n\n\n<li><a href='?page_no=18003'>18003<\/a><\/li>\n\n\n\n<li class='active'><a>18004<\/a><\/li>\n\n\n\n<li><a href='?page_no=18005'>18005<\/a><\/li>\n\n\n\n<li><a href='?page_no=18006'>18006<\/a><\/li>\n\n\n\n<li><a>...<\/a><\/li>\n\n\n\n<li><a href='?page_no=22911'>22911<\/a><\/li>\n\n\n\n<li><a href='?page_no=22912'>22912<\/a><\/li>\n\n    \n\t\n\n<li >\n\t<a href='?page_no=18005'>Next<\/a>\n\t<\/li>\n\n\n    \n\n<li><a href='?page_no=22912'>Last &rsaquo;&rsaquo;<\/a><\/li>\n\n<\/ul>\n\n\n--><br \/>\n<\/body><\/p>\n","protected":false},"excerpt":{"rendered":"<p>SANTO DOMINGO, 03 Feb 2012.-La Direcci\u00f3n General de Aduanas deposit\u00f3 este viernes una ofrenda floral en el Altar de la Patria con motivo de la celebraci\u00f3n del Mes de la Patria, que empez\u00f3 el 26 de enero y concluir\u00e1 el 27 de este mes. Con tal prop\u00f3sito acudi\u00f3 al recinto donde reposan los restos de [&hellip;]<\/p>\n","protected":false},"author":3,"featured_media":0,"comment_status":"open","ping_status":"open","sticky":false,"template":"","format":"standard","meta":{"footnotes":""},"categories":[21],"tags":[],"class_list":["post-66326","post","type-post","status-publish","format-standard","hentry","category-cultura"],"_links":{"self":[{"href":"https:\/\/diariodominicano.com\/index.php?rest_route=\/wp\/v2\/posts\/66326","targetHints":{"allow":["GET"]}}],"collection":[{"href":"https:\/\/diariodominicano.com\/index.php?rest_route=\/wp\/v2\/posts"}],"about":[{"href":"https:\/\/diariodominicano.com\/index.php?rest_route=\/wp\/v2\/types\/post"}],"author":[{"embeddable":true,"href":"https:\/\/diariodominicano.com\/index.php?rest_route=\/wp\/v2\/users\/3"}],"replies":[{"embeddable":true,"href":"https:\/\/diariodominicano.com\/index.php?rest_route=%2Fwp%2Fv2%2Fcomments&post=66326"}],"version-history":[{"count":0,"href":"https:\/\/diariodominicano.com\/index.php?rest_route=\/wp\/v2\/posts\/66326\/revisions"}],"wp:attachment":[{"href":"https:\/\/diariodominicano.com\/index.php?rest_route=%2Fwp%2Fv2%2Fmedia&parent=66326"}],"wp:term":[{"taxonomy":"category","embeddable":true,"href":"https:\/\/diariodominicano.com\/index.php?rest_route=%2Fwp%2Fv2%2Fcategories&post=66326"},{"taxonomy":"post_tag","embeddable":true,"href":"https:\/\/diariodominicano.com\/index.php?rest_route=%2Fwp%2Fv2%2Ftags&post=66326"}],"curies":[{"name":"wp","href":"https:\/\/api.w.org\/{rel}","templated":true}]}}