{"id":66325,"date":"2012-02-03T21:59:33","date_gmt":"2012-02-03T21:59:33","guid":{"rendered":"http:\/\/diariodominicano.ddns.net\/?p=66325"},"modified":"2012-02-03T21:59:33","modified_gmt":"2012-02-03T21:59:33","slug":"dominicana-july-ferreras-gana-concurso-de-literatura","status":"publish","type":"post","link":"https:\/\/diariodominicano.com\/?p=66325","title":{"rendered":"Dominicana July Ferreras gana concurso de Literatura"},"content":{"rendered":"<p><body><\/p>\n<p><span class=\"text1noticias\">Miami, Florida 3 febrero.- La casa editorial Voces de Hoy, anunci\u00f3  los resultados del Concurso Internacional de Literatura Infantil \u00abLos zapaticos de rosa\u00bb. <\/span><\/p>\n<\/p>\n<p><span class=\"text1noticias\">El concurso se efectu\u00f3 como homenaje a los 159 a\u00f1os del nacimiento de Jos\u00e9 Mart\u00ed, autor cubano del famoso poema que dio nombre a este concurso. La apertura de la convocatoria se hizo p\u00fablica el 29 de mayo del 2011.<\/span><\/p>\n<\/p>\n<p><span class=\"text1noticias\">El concurso consist\u00eda en 3 categor\u00edas: poes\u00eda, teatro y cuento. Con casi 100 obras recibidas de diferentes pa\u00edses (Espa\u00f1a, Argentina, Cuba, Venezuela, Colombia, Uruguay, entre otros), en  la categor\u00eda de cuento, la joven dominicana July Ferreras gan\u00f3 el primer lugar, con la obra llamada \u00abUn Baile M\u00e1gico\u00bb. <\/span><\/p>\n<\/p>\n<p><span class=\"text1noticias\">El premio consiste en un trofeo acreditativo, un certificado de reconocimiento que lleva impresa una obra de la reconocida artista Tina De Carlo y un ejemplar de la antolog\u00eda que se publicar\u00e1 con las obras premiadas, dentro de la Colecci\u00f3n El Zunzuncito, bajo el sello de la Editorial Voces de Hoy. La colecci\u00f3n estar\u00e1 a la venta dentro de unos meses.<\/span><\/p>\n<\/p>\n<p><span class=\"text1noticias\">El jurado estuvo integrado por las poetas y escritoras Gabriela Abeal (Argentina) y Josefina Ezpeleta (Cuba), quien tambi\u00e9n es la subdirectora de la Editorial Voces de Hoy, adem\u00e1s del escritor, periodista, editor e investigador literario, Jos\u00e9 Antonio Guti\u00e9rrez Caballero, m\u00e1s conocido en el \u00e1mbito literario como Josan Caballero (Cuba), quien tuvo a su cargo la presidencia del jurado.<\/span><\/p>\n<\/p>\n<p><span class=\"text1noticias\">July Ferreras es una joven de 29 a\u00f1os de edad, nacida y residente en Santo Domingo, Ingeniera industrial de profesi\u00f3n, con un post grado en calidad- productividad y actualmente cursando una Maestr\u00eda en Administraci\u00f3n de Empresas; expresa que siempre ha sentido una gran pasi\u00f3n por las artes. Esta es la primera obra que hace p\u00fablica, siendo agraciada con el primer lugar de su categor\u00eda. <\/span><\/p>\n<\/p>\n<p><span class=\"text1noticias\">En la actualidad est\u00e1 trabajando en otras obras literarias que espera poder hacerlas p\u00fablicas en el presente a\u00f1o<\/span>.<\/p>\n<\/p>\n<h6> 2012-02-03 21:59:33 <\/h6>\n<p><!--\n<link rel=\"stylesheet\" href=\"css\/bootstrap.min.css\">\n\n\n<ul class=\"pagination\">\n\t    \n\t\n\n<li >\n\t<a href='?page_no=18002'>Previous<\/a>\n\t<\/li>\n\n\n       \n    \n\n<li><a href='?page_no=1'>1<\/a><\/li>\n\n\n\n<li><a href='?page_no=2'>2<\/a><\/li>\n\n\n\n<li><a>...<\/a><\/li>\n\n\n\n<li><a href='?page_no=18001'>18001<\/a><\/li>\n\n\n\n<li><a href='?page_no=18002'>18002<\/a><\/li>\n\n\n\n<li class='active'><a>18003<\/a><\/li>\n\n\n\n<li><a href='?page_no=18004'>18004<\/a><\/li>\n\n\n\n<li><a href='?page_no=18005'>18005<\/a><\/li>\n\n\n\n<li><a>...<\/a><\/li>\n\n\n\n<li><a href='?page_no=22911'>22911<\/a><\/li>\n\n\n\n<li><a href='?page_no=22912'>22912<\/a><\/li>\n\n    \n\t\n\n<li >\n\t<a href='?page_no=18004'>Next<\/a>\n\t<\/li>\n\n\n    \n\n<li><a href='?page_no=22912'>Last &rsaquo;&rsaquo;<\/a><\/li>\n\n<\/ul>\n\n\n--><br \/>\n<\/body><\/p>\n","protected":false},"excerpt":{"rendered":"<p>Miami, Florida 3 febrero.- La casa editorial Voces de Hoy, anunci\u00f3 los resultados del Concurso Internacional de Literatura Infantil \u00abLos zapaticos de rosa\u00bb. El concurso se efectu\u00f3 como homenaje a los 159 a\u00f1os del nacimiento de Jos\u00e9 Mart\u00ed, autor cubano del famoso poema que dio nombre a este concurso. La apertura de la convocatoria se [&hellip;]<\/p>\n","protected":false},"author":3,"featured_media":0,"comment_status":"open","ping_status":"open","sticky":false,"template":"","format":"standard","meta":{"footnotes":""},"categories":[21],"tags":[],"class_list":["post-66325","post","type-post","status-publish","format-standard","hentry","category-cultura"],"_links":{"self":[{"href":"https:\/\/diariodominicano.com\/index.php?rest_route=\/wp\/v2\/posts\/66325","targetHints":{"allow":["GET"]}}],"collection":[{"href":"https:\/\/diariodominicano.com\/index.php?rest_route=\/wp\/v2\/posts"}],"about":[{"href":"https:\/\/diariodominicano.com\/index.php?rest_route=\/wp\/v2\/types\/post"}],"author":[{"embeddable":true,"href":"https:\/\/diariodominicano.com\/index.php?rest_route=\/wp\/v2\/users\/3"}],"replies":[{"embeddable":true,"href":"https:\/\/diariodominicano.com\/index.php?rest_route=%2Fwp%2Fv2%2Fcomments&post=66325"}],"version-history":[{"count":0,"href":"https:\/\/diariodominicano.com\/index.php?rest_route=\/wp\/v2\/posts\/66325\/revisions"}],"wp:attachment":[{"href":"https:\/\/diariodominicano.com\/index.php?rest_route=%2Fwp%2Fv2%2Fmedia&parent=66325"}],"wp:term":[{"taxonomy":"category","embeddable":true,"href":"https:\/\/diariodominicano.com\/index.php?rest_route=%2Fwp%2Fv2%2Fcategories&post=66325"},{"taxonomy":"post_tag","embeddable":true,"href":"https:\/\/diariodominicano.com\/index.php?rest_route=%2Fwp%2Fv2%2Ftags&post=66325"}],"curies":[{"name":"wp","href":"https:\/\/api.w.org\/{rel}","templated":true}]}}