{"id":66324,"date":"2012-02-04T14:49:27","date_gmt":"2012-02-04T14:49:27","guid":{"rendered":"http:\/\/diariodominicano.ddns.net\/?p=66324"},"modified":"2012-02-04T14:49:27","modified_gmt":"2012-02-04T14:49:27","slug":"funglode-ygfdd-entregan-sus-premios-correspondientes-al-ano-2011","status":"publish","type":"post","link":"https:\/\/diariodominicano.com\/?p=66324","title":{"rendered":"FUNGLODE yGFDD entregan sus premios correspondientes al a\u00f1o 2011"},"content":{"rendered":"<p><body><\/p>\n<p><span class=\"text1noticias\">Santo Domingo, RD 4 febrero.- La Fundaci\u00f3n Global Democracia y Desarrollo (FUNGLODE), y su instituci\u00f3n hermana en Estados Unidos, la Global Foundation for Democracy and Development (GFDD), hicieron entrega, este mi\u00e9rcoles 1 de febrero, de las estatuillas y galardones en met\u00e1lico correspondientes a los Premios FUNGLODE\/GFDD 2011.<\/span><\/p>\n<\/p>\n<p><span class=\"text1noticias\">Los ganadores del concurso, que se disput\u00f3 en las categor\u00edas de Poes\u00eda, Ensayo, Cuento, Periodismo, Fotograf\u00eda y Documental, recibieron sus galardones de manos del director ejecutivo FUNGLODE, Marco Herrera; del Ministro de Cultura y director del Centro de Estudios de la Cultura de la instituci\u00f3n, Jos\u00e9 Rafael Lantigua, y de la directora de los Premios, Catherine Florentino.<\/span><\/p>\n<\/p>\n<p><span class=\"text1noticias\">Las palabras de agradecimiento en nombre de los ganadores estuvieron a cargo de Nan Chevalier, ganador del primer lugar en la categor\u00eda Cuento Juan Bosch, y del tercer lugar en la categor\u00eda Ensayo Pedro Francisco Bon\u00f3.<\/span><\/p>\n<\/p>\n<p><span class=\"text1noticias\">En la edici\u00f3n 2011 de los Premios FUNGLODE\/GFDD se recibieron 281 obras: 146 cuentos, 42 poes\u00edas, 11 ensayos, 51 conjuntos fotogr\u00e1ficos, 4 documentales y 27 reportajes period\u00edsticos.<\/span><\/p>\n<\/p>\n<p><span class=\"text1noticias\">Los galardonados en los tres primeros lugares de casi todas las categor\u00edas obtendr\u00e1n premios en met\u00e1lico que oscilan entre RD$50,000.00 y RD$100,000.00.<\/span><\/p>\n<\/p>\n<p><span class=\"text1noticias\">Los ganadores por categor\u00edas fueron:<\/span><\/p>\n<\/p>\n<p><span class=\"text1noticias\">Premio Fotograf\u00eda \u00abAbelardo Rodr\u00edguez Urdaneta\u00bb<\/span><\/p>\n<\/p>\n<p><span class=\"text1noticias\">Primer lugar en la categor\u00eda a color: \u00abDevoci\u00f3n, Balconeando y Patrono\u00bb, de Angelita Casals.<\/span><\/p>\n<\/p>\n<p><span class=\"text1noticias\">Segundo lugar en la categor\u00eda color: \u00abVigilante de la Patria\u00bb, de Ruddy Florentino.<\/span><\/p>\n<\/p>\n<p><span class=\"text1noticias\">Menci\u00f3n de honor: \u00abA color\u00bb, de Roger Ram\u00edrez.<\/span><\/p>\n<\/p>\n<p><span class=\"text1noticias\">Primer lugar en la categor\u00eda blanco y negro: \u00abRomanos\u00bb, de Francisco Fortunato.<\/span><\/p>\n<\/p>\n<p><span class=\"text1noticias\">Segundo lugar en categor\u00eda blanco y negro: \u00abMar Caribe, I, II y III\u00bb, de Herminio Alberti Le\u00f3n.<\/span><\/p>\n<\/p>\n<p><span class=\"text1noticias\">Primer Lugar en la categor\u00eda libre: \u00abVentana natural, cascada del tiempo y huellas\u00bb, de Herminio Alberti Le\u00f3n.<\/span><\/p>\n<\/p>\n<p><span class=\"text1noticias\">Segundo lugar en la categor\u00eda libre: \u00abLibre\u00bb, de Roger Ram\u00edrez.<\/span><\/p>\n<\/p>\n<p><span class=\"text1noticias\">El premio del p\u00fablico a la mejor fotograf\u00eda corresponde a: \u00ab\u00cdntima soledad, dos aguas y medio ser\u00bb, del fot\u00f3grafo Roberto Jos\u00e9 Valera L\u00f3pez.<\/span><\/p>\n<\/p>\n<p><span class=\"text1noticias\">Premio Documental \u00abMax Pou\u00bb<\/span><\/p>\n<\/p>\n<p><span class=\"text1noticias\">Premio \u00fanico: \u00abObra: 30 de marzo, consolidaci\u00f3n de la Independencia Nacional\u00bb, de V\u00edctor R. Valerio.<\/span><\/p>\n<\/p>\n<p><span class=\"text1noticias\">El jurado puntualiz\u00f3 que Valerio present\u00f3 un an\u00e1lisis minucioso y original, que incluye datos fehacientes y poco conocidos, de uno de los hitos m\u00e1s importantes del pa\u00eds.<\/span><\/p>\n<\/p>\n<p><span class=\"text1noticias\">Destacaron que, adem\u00e1s, us\u00f3 adecuadamente las t\u00e9cnicas del documental en los aspectos de la investigaci\u00f3n, narraci\u00f3n, an\u00e1lisis de expertos en la materia, recreaciones, ilustraciones y animaciones.<\/span><\/p>\n<\/p>\n<p><span class=\"text1noticias\">Premio de Cuento \u00abJuan Bosch\u00bb<\/span><\/p>\n<\/p>\n<p><span class=\"text1noticias\">Primer lugar: \u00abEl mu\u00f1eco de trapos\u00bb, de Nan Chevalier (Seud\u00f3nimo: El curr\u00e1),<\/span><\/p>\n<\/p>\n<p><span class=\"text1noticias\">Segundo lugar: \u00abDawtown\u00bb, de Kianny N. Antigua (Seud\u00f3nimo: Propuesta).<\/span><\/p>\n<\/p>\n<p><span class=\"text1noticias\">Tercer lugar: \u00abPorfirio y la serpiente\u00bb, de Daniel Rodr\u00edguez (Seud\u00f3nimo: Castel).<\/span><\/p>\n<\/p>\n<p><span class=\"text1noticias\">Menciones especiales:<\/span><\/p>\n<\/p>\n<p><span class=\"text1noticias\">\u00abEnglish sesi\u00f3n II en espa\u00f1ol\u00bb, de Kianny N. Antigua (Seud\u00f3nimo: P\u00faa).<\/span><\/p>\n<\/p>\n<p><span class=\"text1noticias\">\u00abFrank\u00bb, de Eliezer Emil Matos (Seud\u00f3nimo: Felipito).<\/span><\/p>\n<\/p>\n<p><span class=\"text1noticias\">\u00abViaje abisal\u00bb, de Olivier Batista Lemaire (Seud\u00f3nimo: Tolstoi 2011).<\/span><\/p>\n<\/p>\n<p><span class=\"text1noticias\">\u00abLa teor\u00eda de las medias tintas\u00bb de Aurora Tactuk (Seud\u00f3nimo: Lady Madrid).<\/span><\/p>\n<\/p>\n<p><span class=\"text1noticias\">\u00abAngora\u00bb, de Pablo Reyes P\u00e9rez (Seud\u00f3nimo: Magdalena).<\/span><\/p>\n<\/p>\n<p><span class=\"text1noticias\">Premio de Poes\u00eda \u00abPedro Mir\u00bb<\/span><\/p>\n<\/p>\n<p><span class=\"text1noticias\">Premio \u00fanico: \u00abHechas y Sospechas\u00bb, de C\u00e9sar A. Zapata (Seud\u00f3nimo: Amigo de Unamuno).<\/span><\/p>\n<\/p>\n<p><span class=\"text1noticias\">El jurado se\u00f1al\u00f3 que el trabajo de C\u00e9sar Zapata se caracteriza por utilizar un l\u00e9xico claro, sencillo y contundente. Tambi\u00e9n resaltaron su extraordinaria capacidad de s\u00edntesis, su autenticidad y pujanza emocional.<\/span><\/p>\n<\/p>\n<p><span class=\"text1noticias\">Menciones especiales:<\/span><\/p>\n<\/p>\n<p><span class=\"text1noticias\">\u00abCeremonia \u00edntima en torno a la lluvia y otros oniropoemas\u00bb, de Oliver Batista (Seud\u00f3nimo: Orfeo fabulador de las sombras).<\/span><\/p>\n<\/p>\n<p><span class=\"text1noticias\">\u00abLa Casa del Leproso\u00bb, de Elvy Alberto Tejera (Seud\u00f3nimo: Quincas Borbas).<\/span><\/p>\n<\/p>\n<p><span class=\"text1noticias\">\u00abLa m\u00e1quina de sombra\u00bb, de Fernando Berroa (Seud\u00f3nimo: Poeta fingidor peque\u00f1o Dios).<\/span><\/p>\n<\/p>\n<p><span class=\"text1noticias\">Premio de Ensayo \u00abPedro Francisco Bon\u00f3\u00bb<\/span><\/p>\n<\/p>\n<p><span class=\"text1noticias\">Primer lugar: \u00abUna centuria tocando acorde\u00f3n: de \u00d1ico Lora a Tatico Henr\u00edquez\u00bb, de Pedro Carreras Aguilera (Seud\u00f3nimo: Juancito Trucupey).<\/span><\/p>\n<\/p>\n<p><span class=\"text1noticias\">Los evaluadores expresaron que en su ensayo, Carreras re\u00fane cinco de las condiciones fundamentales de un buen trabajo: unidad tem\u00e1tica, documentaci\u00f3n abundante, metodolog\u00eda organizativa, s\u00f3lida exposici\u00f3n del pensamiento y buena redacci\u00f3n.<\/span><\/p>\n<\/p>\n<p><span class=\"text1noticias\">Indicaron que el autor, mediante una breve, pero sustanciosa panor\u00e1mica del merengue, trasciende el marco de la simple historia para, desde una perspectiva anal\u00edtica bien orquestada, valorar la funci\u00f3n social y pol\u00edtica de este ritmo dominicano.<\/span><\/p>\n<\/p>\n<p><span class=\"text1noticias\">Segundo lugar: \u00abAntropolog\u00eda del sem\u00e1foro: el comercio informal en Santo Domingo\u00bb, de Bismar Gal\u00e1n (Seud\u00f3nimo: Abril 23).<\/span><\/p>\n<\/p>\n<p><span class=\"text1noticias\">Tercer lugar: \u00abAnti-h\u00e9roes onettianos: habitantes de proyectos fallidos\u00bb, de Nan Chevalier (Seud\u00f3nimo: El p\u00f3quer).<\/span><\/p>\n<\/p>\n<p><span class=\"text1noticias\">Menci\u00f3n especial:<\/span><\/p>\n<\/p>\n<p><span class=\"text1noticias\">\u00abJos\u00e9 Luis Alem\u00e1n (1928-2007): vigencia y pertinencia de un pensador\u00bb, de Rafael R\u00f3mulo Brea L\u00f3pez (Seud\u00f3nimo: El que persevera).<\/span><\/p>\n<\/p>\n<p><span class=\"text1noticias\">Premio de Periodismo \u00abRafael Herrera\u00bb<\/span><\/p>\n<\/p>\n<p><span class=\"text1noticias\">Primer lugar: Serie de trabajos sobre menores de edad en el tr\u00e1fico de drogas de, Mariela Mej\u00eda Gil, en Diario Libre.<\/span><\/p>\n<\/p>\n<p><span class=\"text1noticias\">El jurado dijo que Mariela Mej\u00eda present\u00f3 de manera clara y entretenida, pero con profundidad un problema acuciante que afecta a toda la sociedad, sustentando el reportaje con estad\u00edsticas, entrevistas y detalles de ambientaci\u00f3n que revelan excelencia period\u00edstica.<\/span><\/p>\n<\/p>\n<p><span class=\"text1noticias\">Segundo lugar: Serie de trabajos sobre el drama de llegar a viejo en la Rep\u00fablica Dominicana, de Leissy Torres, en El D\u00eda.<\/span><\/p>\n<\/p>\n<p><span class=\"text1noticias\">Los evaluadores indicaron que el trabajo de Torres sirvi\u00f3 para llamar la atenci\u00f3n a una injusticia social pocas veces resaltada y que, adem\u00e1s, mostr\u00f3 aspectos distintos con gran lucidez y calidad period\u00edstica<\/span><\/p>\n<\/p>\n<p><span class=\"text1noticias\">Tercer lugar: Serie de reportajes acerca del VII Festival Internacional de Teatro de Santo Domingo 2011, de Laura Peralta, en List\u00edn Diario.<\/span><\/p>\n<\/p>\n<p><span class=\"text1noticias\">El jurado dijo que Laura Peralta logr\u00f3 capturar de manera comprensiva y abarcadora un acontecimiento cultural relevante, de manera sugerente y atractiva, con una amplitud inusual en el periodismo dominicano.<\/span><\/p>\n<\/p>\n<p><span class=\"text1noticias\">Menciones especiales:<\/span><\/p>\n<\/p>\n<p><span class=\"text1noticias\">Reportajes sobre nacimientos de ni\u00f1os haitianos en hospitales dominicanos, de Lisania Batista Mateo, Diario Libre.<\/span><\/p>\n<\/p>\n<p><span class=\"text1noticias\">Reportajes sobre enfermos mentales que deambulan por Santo Domingo, de Juan Eduardo Thomas Rodr\u00edguez, Andrea Luna y Catherine Luna, List\u00edn Diario.<\/span><\/p>\n<\/p>\n<p><span class=\"text1noticias\">Reportajes sobre mujeres dominicanas dedicas al cine, de Indhira Suero, List\u00edn Diario.<\/span><\/p>\n<\/p>\n<p><span class=\"text1noticias\">Los jurados por categor\u00edas fueron:<\/span><\/p>\n<\/p>\n<p><span class=\"text1noticias\">Premio Abelardo Rodr\u00edguez Urdaneta (Fotograf\u00eda): Mayra Johnson, Domingo Batista y Jeannette Miller.<\/span><\/p>\n<\/p>\n<p><span class=\"text1noticias\">Premio Max Pou (Documental): Marlon Soto, F\u00e9lix Manuel Lora y Martha Checo.<\/span><\/p>\n<\/p>\n<p><span class=\"text1noticias\">Premio Rafael Herrera (Periodismo): Rafael Molina Morillo, Mario Rivadulla y Jos\u00e9 B\u00e1ez Guerrero.<\/span><\/p>\n<\/p>\n<p><span class=\"text1noticias\">Premio Pedro Mir (Poes\u00eda): Basilio Belliard, Le\u00f3n David y Jos\u00e9 M\u00e1rmol.<\/span><\/p>\n<\/p>\n<p><span class=\"text1noticias\">Premio Pedro Francisco Bon\u00f3 (Ensayo): Franklin Guti\u00e9rrez, Soledad \u00c1lvarez y Alejandro Arvelo.<\/span><\/p>\n<\/p>\n<p><span class=\"text1noticias\">Premio Juan Bosch (Cuento): Luis Mart\u00edn G\u00f3mez, Pedro Antonio Valdez y Luis R. Santos.<\/span><\/p>\n<h6> 2012-02-04 14:49:27 <\/h6>\n<p><!--\n<link rel=\"stylesheet\" href=\"css\/bootstrap.min.css\">\n\n\n<ul class=\"pagination\">\n\t    \n\t\n\n<li >\n\t<a href='?page_no=18001'>Previous<\/a>\n\t<\/li>\n\n\n       \n    \n\n<li><a href='?page_no=1'>1<\/a><\/li>\n\n\n\n<li><a href='?page_no=2'>2<\/a><\/li>\n\n\n\n<li><a>...<\/a><\/li>\n\n\n\n<li><a href='?page_no=18000'>18000<\/a><\/li>\n\n\n\n<li><a href='?page_no=18001'>18001<\/a><\/li>\n\n\n\n<li class='active'><a>18002<\/a><\/li>\n\n\n\n<li><a href='?page_no=18003'>18003<\/a><\/li>\n\n\n\n<li><a href='?page_no=18004'>18004<\/a><\/li>\n\n\n\n<li><a>...<\/a><\/li>\n\n\n\n<li><a href='?page_no=22911'>22911<\/a><\/li>\n\n\n\n<li><a href='?page_no=22912'>22912<\/a><\/li>\n\n    \n\t\n\n<li >\n\t<a href='?page_no=18003'>Next<\/a>\n\t<\/li>\n\n\n    \n\n<li><a href='?page_no=22912'>Last &rsaquo;&rsaquo;<\/a><\/li>\n\n<\/ul>\n\n\n--><br \/>\n<\/body><\/p>\n","protected":false},"excerpt":{"rendered":"<p>Santo Domingo, RD 4 febrero.- La Fundaci\u00f3n Global Democracia y Desarrollo (FUNGLODE), y su instituci\u00f3n hermana en Estados Unidos, la Global Foundation for Democracy and Development (GFDD), hicieron entrega, este mi\u00e9rcoles 1 de febrero, de las estatuillas y galardones en met\u00e1lico correspondientes a los Premios FUNGLODE\/GFDD 2011. Los ganadores del concurso, que se disput\u00f3 en [&hellip;]<\/p>\n","protected":false},"author":3,"featured_media":0,"comment_status":"open","ping_status":"open","sticky":false,"template":"","format":"standard","meta":{"footnotes":""},"categories":[21],"tags":[],"class_list":["post-66324","post","type-post","status-publish","format-standard","hentry","category-cultura"],"_links":{"self":[{"href":"https:\/\/diariodominicano.com\/index.php?rest_route=\/wp\/v2\/posts\/66324","targetHints":{"allow":["GET"]}}],"collection":[{"href":"https:\/\/diariodominicano.com\/index.php?rest_route=\/wp\/v2\/posts"}],"about":[{"href":"https:\/\/diariodominicano.com\/index.php?rest_route=\/wp\/v2\/types\/post"}],"author":[{"embeddable":true,"href":"https:\/\/diariodominicano.com\/index.php?rest_route=\/wp\/v2\/users\/3"}],"replies":[{"embeddable":true,"href":"https:\/\/diariodominicano.com\/index.php?rest_route=%2Fwp%2Fv2%2Fcomments&post=66324"}],"version-history":[{"count":0,"href":"https:\/\/diariodominicano.com\/index.php?rest_route=\/wp\/v2\/posts\/66324\/revisions"}],"wp:attachment":[{"href":"https:\/\/diariodominicano.com\/index.php?rest_route=%2Fwp%2Fv2%2Fmedia&parent=66324"}],"wp:term":[{"taxonomy":"category","embeddable":true,"href":"https:\/\/diariodominicano.com\/index.php?rest_route=%2Fwp%2Fv2%2Fcategories&post=66324"},{"taxonomy":"post_tag","embeddable":true,"href":"https:\/\/diariodominicano.com\/index.php?rest_route=%2Fwp%2Fv2%2Ftags&post=66324"}],"curies":[{"name":"wp","href":"https:\/\/api.w.org\/{rel}","templated":true}]}}