{"id":66322,"date":"2012-02-04T15:00:31","date_gmt":"2012-02-04T15:00:31","guid":{"rendered":"http:\/\/diariodominicano.ddns.net\/?p=66322"},"modified":"2012-02-04T15:00:31","modified_gmt":"2012-02-04T15:00:31","slug":"cultura-anuncia-ganadores-concurso-de-minificcion-ciudad-del-ozama","status":"publish","type":"post","link":"https:\/\/diariodominicano.com\/?p=66322","title":{"rendered":"Cultura anuncia ganadores Concurso de Minificci\u00f3n Ciudad del Ozama"},"content":{"rendered":"<p><body><\/p>\n<p><span class=\"text1noticias\">Santo Domingo, RD 4 febrero.- El Ministerio de Cultura, a trav\u00e9s de la Direcci\u00f3n de Gesti\u00f3n Literaria, dio a conocer los nombres de los ganadores del segundo concurso de Minificci\u00f3n Ciudad del Ozama, en el que participaron 126 textos, de m\u00e1s de cien autores dominicanos.<\/span><\/p>\n<p><span class=\"text1noticias\"> <\/span><\/p>\n<p><span class=\"text1noticias\">Con este certamen los organizadores buscan promover y estimular el cultivo de la minificci\u00f3n o microficci\u00f3n en el pa\u00eds.<\/span><\/p>\n<p><span class=\"text1noticias\"> <\/span><\/p>\n<p><span class=\"text1noticias\">Los ganadores de esta segunda versi\u00f3n fueron el primer lugar Manuel Alexander  Pe\u00f1a, \u00abVangelsin\u00bb;  segundo  V\u00edctor Eugenio Pe\u00f1a , \u00abMala consejera\u00bb y  tercero V\u00edctor Eugenio Pe\u00f1a, \u00abEl \u00faltimo funeral\u00bb.<\/span><\/p>\n<p><span class=\"text1noticias\"> <\/span><\/p>\n<p><span class=\"text1noticias\">Las menciones de honor las obtuvieron Virginia Francisca Cuevas, \u00abCaperucita roja\u00bb; Pedro Paulino, \u00abPescador de sue\u00f1os\u00bb; Fernando Berroa , \u00abEl secreto de Eva\u00bb; Eric Sim\u00f3, \u00abParadoja\u00bb; Rafael Peralta Romero , \u00abEva y Newton\u00bb; Brunilda Contreras , \u00abMachismo\u00bb y Herm\u00e1n Ram\u00f3n Mella Chavier, \u00abReencuentro\u00bb.<\/span><\/p>\n<p><span class=\"text1noticias\"> <\/span><\/p>\n<p><span class=\"text1noticias\">Tambi\u00e9n, Jonathan Bueno, \u00abEl proceso\u00bb; Aquiles Juli\u00e1n, \u00abSirena\u00bb y Emelda Ramos, \u00abArmon\u00eda en las alturas\u00bb.<\/span><\/p>\n<p><span class=\"text1noticias\"> <\/span><\/p>\n<p><span class=\"text1noticias\">El ganador del primer lugar recibir\u00e1 40 mil pesos y un diploma; el del segundo, 30 mil y diploma y el del tercero, 20 mil pesos y un diploma. En tanto que los ganadores de las menciones de honor recibir\u00e1n 10 mil pesos y un diploma.<\/span><\/p>\n<p><span class=\"text1noticias\"> <\/span><\/p>\n<p><span class=\"text1noticias\">Los destacados escritores dominicanos Marcio Veloz Maggiolo,   \u00c1ngela Hern\u00e1ndez y Eugenio Garc\u00eda Cuevas participaron como jurados.<\/span><\/p>\n<p><span class=\"text1noticias\"> <\/span><\/p>\n<p><span class=\"text1noticias\">La primera versi\u00f3n de este certamen lo convoc\u00f3 la revista Pa\u00eds Cultural, en el 2010, para celebrar la capitalidad americana de la cultura, que le correspondi\u00f3 a la ciudad de Santo Domingo.<\/span><\/p>\n<p><span class=\"text1noticias\"> <\/span><\/p>\n<p><span class=\"text1noticias\">El escritor Basilio Belliard, director de Gesti\u00f3n Literaria y el abogado notario Tulio Salvador Casta\u00f1os dieron a conocer los nombres de los ganadores<\/span>.<\/p>\n<h6> 2012-02-04 15:00:31 <\/h6>\n<p><!--\n<link rel=\"stylesheet\" href=\"css\/bootstrap.min.css\">\n\n\n<ul class=\"pagination\">\n\t    \n\t\n\n<li >\n\t<a href='?page_no=17999'>Previous<\/a>\n\t<\/li>\n\n\n       \n    \n\n<li><a href='?page_no=1'>1<\/a><\/li>\n\n\n\n<li><a href='?page_no=2'>2<\/a><\/li>\n\n\n\n<li><a>...<\/a><\/li>\n\n\n\n<li><a href='?page_no=17998'>17998<\/a><\/li>\n\n\n\n<li><a href='?page_no=17999'>17999<\/a><\/li>\n\n\n\n<li class='active'><a>18000<\/a><\/li>\n\n\n\n<li><a href='?page_no=18001'>18001<\/a><\/li>\n\n\n\n<li><a href='?page_no=18002'>18002<\/a><\/li>\n\n\n\n<li><a>...<\/a><\/li>\n\n\n\n<li><a href='?page_no=22911'>22911<\/a><\/li>\n\n\n\n<li><a href='?page_no=22912'>22912<\/a><\/li>\n\n    \n\t\n\n<li >\n\t<a href='?page_no=18001'>Next<\/a>\n\t<\/li>\n\n\n    \n\n<li><a href='?page_no=22912'>Last &rsaquo;&rsaquo;<\/a><\/li>\n\n<\/ul>\n\n\n--><br \/>\n<\/body><\/p>\n","protected":false},"excerpt":{"rendered":"<p>Santo Domingo, RD 4 febrero.- El Ministerio de Cultura, a trav\u00e9s de la Direcci\u00f3n de Gesti\u00f3n Literaria, dio a conocer los nombres de los ganadores del segundo concurso de Minificci\u00f3n Ciudad del Ozama, en el que participaron 126 textos, de m\u00e1s de cien autores dominicanos. Con este certamen los organizadores buscan promover y estimular el [&hellip;]<\/p>\n","protected":false},"author":3,"featured_media":0,"comment_status":"open","ping_status":"open","sticky":false,"template":"","format":"standard","meta":{"footnotes":""},"categories":[21],"tags":[],"class_list":["post-66322","post","type-post","status-publish","format-standard","hentry","category-cultura"],"_links":{"self":[{"href":"https:\/\/diariodominicano.com\/index.php?rest_route=\/wp\/v2\/posts\/66322","targetHints":{"allow":["GET"]}}],"collection":[{"href":"https:\/\/diariodominicano.com\/index.php?rest_route=\/wp\/v2\/posts"}],"about":[{"href":"https:\/\/diariodominicano.com\/index.php?rest_route=\/wp\/v2\/types\/post"}],"author":[{"embeddable":true,"href":"https:\/\/diariodominicano.com\/index.php?rest_route=\/wp\/v2\/users\/3"}],"replies":[{"embeddable":true,"href":"https:\/\/diariodominicano.com\/index.php?rest_route=%2Fwp%2Fv2%2Fcomments&post=66322"}],"version-history":[{"count":0,"href":"https:\/\/diariodominicano.com\/index.php?rest_route=\/wp\/v2\/posts\/66322\/revisions"}],"wp:attachment":[{"href":"https:\/\/diariodominicano.com\/index.php?rest_route=%2Fwp%2Fv2%2Fmedia&parent=66322"}],"wp:term":[{"taxonomy":"category","embeddable":true,"href":"https:\/\/diariodominicano.com\/index.php?rest_route=%2Fwp%2Fv2%2Fcategories&post=66322"},{"taxonomy":"post_tag","embeddable":true,"href":"https:\/\/diariodominicano.com\/index.php?rest_route=%2Fwp%2Fv2%2Ftags&post=66322"}],"curies":[{"name":"wp","href":"https:\/\/api.w.org\/{rel}","templated":true}]}}