{"id":66321,"date":"2012-02-04T15:04:47","date_gmt":"2012-02-04T15:04:47","guid":{"rendered":"http:\/\/diariodominicano.ddns.net\/?p=66321"},"modified":"2012-02-04T15:04:47","modified_gmt":"2012-02-04T15:04:47","slug":"escritores-exigen-a-alvarito-arvelo-pida-disculpas-por-insultar-a-enriquillo-sanchez","status":"publish","type":"post","link":"https:\/\/diariodominicano.com\/?p=66321","title":{"rendered":"Escritores exigen a Alvarito Arvelo  pida disculpas por insultar a Enriquillo S\u00e1nchez"},"content":{"rendered":"<p><body><\/p>\n<p><span class=\"text1noticias\">Santo Domingo, RD 4 febrero.-Un grupo de poetas y narradores manifest\u00f3 su repudio contra el comentarista radial \u00c1lvaro Arvelo hijo, por los insultos que profiri\u00f3 contra Enriquillo S\u00e1nchez, poeta y narrador fallecido que ser\u00e1 honrado en la pr\u00f3xima Feria Internacional del Libro de Santo Domingo.<\/span><\/p>\n<p><span class=\"text1noticias\"> <\/span><\/p>\n<p><span class=\"text1noticias\">Enriquillo S\u00e1nchez Mulet (1947-2004) naci\u00f3 el 25 de agosto en la ciudad de Santo Domingo. Estudi\u00f3 letras en la Universidad Aut\u00f3noma de Santo Domingo (UASD), de la que fue profesor, investigador y miembro del Centro de Estudios de la Realidad Dominicana.<\/span><\/p>\n<p><span class=\"text1noticias\"> <\/span><\/p>\n<p><span class=\"text1noticias\">En 1983 obtuvo el Premio Anual de Poes\u00eda Salom\u00e9 Ure\u00f1a de Henr\u00edquez y dos a\u00f1os despu\u00e9s el Latinoamericano Rub\u00e9n Dar\u00edo, concedido en Nicaragua. Como articulista public\u00f3 numerosos trabajos en la prensa nacional recogidos en el volumen titulado Para uso oficial solamente. Muri\u00f3 de un paro respiratorio el 13 de julio de 2004, a los 57 a\u00f1os de edad.<\/span><\/p>\n<p><span class=\"text1noticias\"> <\/span><\/p>\n<p><span class=\"text1noticias\">A continuaci\u00f3n el comunicado de los poetas y narradorses:<\/span><\/p>\n<p><span class=\"text1noticias\"> <\/span><\/p>\n<p><span class=\"text1noticias\">Ante la injuria de Alvaro Arvelo contra Enriquillo S\u00e1nchez<\/span><\/p>\n<p><span class=\"text1noticias\"> <\/span><\/p>\n<p><span class=\"text1noticias\">Los abajo firmantes manifestamos nuestro repudio e indignaci\u00f3n ante las consideraciones emitidas por el se\u00f1or \u00c1lvaro Arvelo hijo en El Gobierno de la Ma\u00f1ana el pasado jueves 02 de febrero a trav\u00e9s de la Z101 FM en referencia a la decisi\u00f3n del Ministerio de Cultura de honrar, a trav\u00e9s de la dedicatoria, al desaparecido escritor dominicano Enriquillo S\u00e1nchez.<\/span><\/p>\n<p><span class=\"text1noticias\"> <\/span><\/p>\n<p><span class=\"text1noticias\">Entendemos que los calificativos empleados por el se\u00f1or Arvelo para criticar esta dedicatoria fueron una falta de respeto may\u00fascula a la vida y trayectoria de un escritor de la talla de Enriquillo S\u00e1nchez, con un prontuario de m\u00e1s de diez obras en su haber, entre poes\u00eda, novela, cuento y ensayo, habiendo obtenido premios como el Nacional de Poes\u00eda Salom\u00e9 Ure\u00f1a (1983 y 1996) y el Latinoamericano Rub\u00e9n Dar\u00edo en Nicaragua (1984), adem\u00e1s del nacional de Ensayo \u00abPedro Henr\u00edquez Ure\u00f1a\u00bb (2003), adem\u00e1s de otros premios de cuento.<\/span><\/p>\n<p><span class=\"text1noticias\"> <\/span><\/p>\n<p><span class=\"text1noticias\">Pretender restar m\u00e9ritos a una carrera en la literatura tan prol\u00edfica con argumentos que apelan a su vida personal y privada nos parece un ejercicio bajo y vil que cre\u00edamos superado hace bastante tiempo en los medios de comunicaci\u00f3n dominicanos.<\/span><\/p>\n<p><span class=\"text1noticias\"> <\/span><\/p>\n<p><span class=\"text1noticias\">En tal sentido, reclamamos de la estaci\u00f3n Z101 en general y del se\u00f1or Arvelo en particular, una disculpa p\u00fablica ante este atentado moral contra uno de los m\u00e1s dignos representantes de la generaci\u00f3n literaria dominicana de la posguerra.<\/span><\/p>\n<p><span class=\"text1noticias\"> <\/span><\/p>\n<p><span class=\"text1noticias\">Firman:<\/span><\/p>\n<p><span class=\"text1noticias\"> <\/span><\/p>\n<p><span class=\"text1noticias\">Alex\u00e9i Teller\u00edas D\u00edaz<\/span><\/p>\n<p><span class=\"text1noticias\"> <\/span><\/p>\n<p><span class=\"text1noticias\">Deidamia Gal\u00e1n<\/span><\/p>\n<p><span class=\"text1noticias\"> <\/span><\/p>\n<p><span class=\"text1noticias\">Luis Reynaldo P\u00e9rez<\/span><\/p>\n<p><span class=\"text1noticias\"> <\/span><\/p>\n<p><span class=\"text1noticias\">Isis Aquino<\/span><\/p>\n<p><span class=\"text1noticias\"> <\/span><\/p>\n<p><span class=\"text1noticias\">Ricardo Cabrera<\/span><\/p>\n<p><span class=\"text1noticias\"> <\/span><\/p>\n<p><span class=\"text1noticias\">Lusmerlin Lantigua<\/span><\/p>\n<p><span class=\"text1noticias\"> <\/span><\/p>\n<p><span class=\"text1noticias\">Lauristely Pe\u00f1a Solano<\/span><\/p>\n<p><span class=\"text1noticias\"> <\/span><\/p>\n<p><span class=\"text1noticias\">C\u00e9sar Augusto Zapata Santos<\/span><\/p>\n<p><span class=\"text1noticias\"> <\/span><\/p>\n<p><span class=\"text1noticias\">Martha Rivera Garrido<\/span><\/p>\n<p><span class=\"text1noticias\"> <\/span><\/p>\n<p><span class=\"text1noticias\">Claudio Troisemme<\/span><\/p>\n<p><span class=\"text1noticias\"> <\/span><\/p>\n<p><span class=\"text1noticias\">Jos\u00e9 Arias<\/span>.<\/p>\n<h6> 2012-02-04 15:04:47 <\/h6>\n<p><!--\n<link rel=\"stylesheet\" href=\"css\/bootstrap.min.css\">\n\n\n<ul class=\"pagination\">\n\t    \n\t\n\n<li >\n\t<a href='?page_no=17998'>Previous<\/a>\n\t<\/li>\n\n\n       \n    \n\n<li><a href='?page_no=1'>1<\/a><\/li>\n\n\n\n<li><a href='?page_no=2'>2<\/a><\/li>\n\n\n\n<li><a>...<\/a><\/li>\n\n\n\n<li><a href='?page_no=17997'>17997<\/a><\/li>\n\n\n\n<li><a href='?page_no=17998'>17998<\/a><\/li>\n\n\n\n<li class='active'><a>17999<\/a><\/li>\n\n\n\n<li><a href='?page_no=18000'>18000<\/a><\/li>\n\n\n\n<li><a href='?page_no=18001'>18001<\/a><\/li>\n\n\n\n<li><a>...<\/a><\/li>\n\n\n\n<li><a href='?page_no=22911'>22911<\/a><\/li>\n\n\n\n<li><a href='?page_no=22912'>22912<\/a><\/li>\n\n    \n\t\n\n<li >\n\t<a href='?page_no=18000'>Next<\/a>\n\t<\/li>\n\n\n    \n\n<li><a href='?page_no=22912'>Last &rsaquo;&rsaquo;<\/a><\/li>\n\n<\/ul>\n\n\n--><br \/>\n<\/body><\/p>\n","protected":false},"excerpt":{"rendered":"<p>Santo Domingo, RD 4 febrero.-Un grupo de poetas y narradores manifest\u00f3 su repudio contra el comentarista radial \u00c1lvaro Arvelo hijo, por los insultos que profiri\u00f3 contra Enriquillo S\u00e1nchez, poeta y narrador fallecido que ser\u00e1 honrado en la pr\u00f3xima Feria Internacional del Libro de Santo Domingo. Enriquillo S\u00e1nchez Mulet (1947-2004) naci\u00f3 el 25 de agosto en [&hellip;]<\/p>\n","protected":false},"author":3,"featured_media":0,"comment_status":"open","ping_status":"open","sticky":false,"template":"","format":"standard","meta":{"footnotes":""},"categories":[21],"tags":[],"class_list":["post-66321","post","type-post","status-publish","format-standard","hentry","category-cultura"],"_links":{"self":[{"href":"https:\/\/diariodominicano.com\/index.php?rest_route=\/wp\/v2\/posts\/66321","targetHints":{"allow":["GET"]}}],"collection":[{"href":"https:\/\/diariodominicano.com\/index.php?rest_route=\/wp\/v2\/posts"}],"about":[{"href":"https:\/\/diariodominicano.com\/index.php?rest_route=\/wp\/v2\/types\/post"}],"author":[{"embeddable":true,"href":"https:\/\/diariodominicano.com\/index.php?rest_route=\/wp\/v2\/users\/3"}],"replies":[{"embeddable":true,"href":"https:\/\/diariodominicano.com\/index.php?rest_route=%2Fwp%2Fv2%2Fcomments&post=66321"}],"version-history":[{"count":0,"href":"https:\/\/diariodominicano.com\/index.php?rest_route=\/wp\/v2\/posts\/66321\/revisions"}],"wp:attachment":[{"href":"https:\/\/diariodominicano.com\/index.php?rest_route=%2Fwp%2Fv2%2Fmedia&parent=66321"}],"wp:term":[{"taxonomy":"category","embeddable":true,"href":"https:\/\/diariodominicano.com\/index.php?rest_route=%2Fwp%2Fv2%2Fcategories&post=66321"},{"taxonomy":"post_tag","embeddable":true,"href":"https:\/\/diariodominicano.com\/index.php?rest_route=%2Fwp%2Fv2%2Ftags&post=66321"}],"curies":[{"name":"wp","href":"https:\/\/api.w.org\/{rel}","templated":true}]}}