{"id":66320,"date":"2012-02-04T15:10:18","date_gmt":"2012-02-04T15:10:18","guid":{"rendered":"http:\/\/diariodominicano.ddns.net\/?p=66320"},"modified":"2012-02-04T15:10:18","modified_gmt":"2012-02-04T15:10:18","slug":"musicos-y-artistas-cubanos-lamentan-la-muerte-de-la-cantautora-sara-gonzalez","status":"publish","type":"post","link":"https:\/\/diariodominicano.com\/?p=66320","title":{"rendered":"M\u00fasicos y artistas cubanos lamentan la muerte de la cantautora Sara Gonz\u00e1lez"},"content":{"rendered":"<p><body><\/p>\n<p><span class=\"text1noticias\">La Habana, Cuba, 4 febrero.- M\u00fasicos, artistas y amigos manifestaron este jueves, 2 de febrero, su pesar por la muerte de la cantautora cubana Sara Gonz\u00e1lez, una de las voces fundadoras del Movimiento de la Nueva Trova de la isla.<\/span><\/p>\n<\/p>\n<p><span class=\"text1noticias\">Uno de ellos, Silvio Rodr\u00edguez, colg\u00f3 en su blog \u00abSegunda cita\u00bb una reciente foto suya junto a la artista, bajo el t\u00edtulo \u00abSara\u00bb, y sin palabras, al que se le han sumado comentarios de otras personas que elogian su obra y lamentan su fallecimiento el pasado mi\u00e9rcoles en La Habana.<\/span><\/p>\n<\/p>\n<p><span class=\"text1noticias\">El l\u00edder de la Revoluci\u00f3n cubana, Fidel Castro, su hermano, el presidente Ra\u00fal Castro, y tambi\u00e9n el presidente de Nicaragua, Daniel Ortega, enviaron ofrendas florales a la sede del Instituto de la M\u00fasica, donde se encuentran expuestas las cenizas de la cantante, seg\u00fan inform\u00f3 la televisi\u00f3n estatal.<\/span><\/p>\n<\/p>\n<p><span class=\"text1noticias\">All\u00ed acudieron a rendirle homenaje m\u00fasicos como Carlos Varela y Amaury P\u00e9rez, y el presidente de la Uni\u00f3n de Escritores y Artistas de Cuba (UNEAC), el escritor Miguel Barnet.<\/span><\/p>\n<\/p>\n<p><span class=\"text1noticias\">Gonz\u00e1lez (1951-2012) produjo m\u00fasica para cine, televisi\u00f3n y radio adem\u00e1s de sus discos en solitario y de participar en varios discos colectivos.<\/span><\/p>\n<\/p>\n<p><span class=\"text1noticias\">Su trayectoria estuvo especialmente marcada por el Grupo de Experimentaci\u00f3n Sonora del ICAIC (Instituto Cubano de Arte e Industria Cinematogr\u00e1ficos), dirigido por el guitarrista y director de orquesta Leo Brower, y al que se incorpor\u00f3 en 1972 junto a los cantautores Silvio Rodr\u00edguez, Pablo Milan\u00e9s y Noel Nicola.<\/span><\/p>\n<\/p>\n<p><span class=\"text1noticias\">Sara Gonz\u00e1lez se destac\u00f3 como una de las voces fundacionales del emblem\u00e1tico \u00abMovimiento de la Nueva Trova\u00bb surgido en la isla en la d\u00e9cada de los a\u00f1os 70 del pasado siglo<\/span>.<\/p>\n<\/p>\n<h6> 2012-02-04 15:10:18 <\/h6>\n<p><!--\n<link rel=\"stylesheet\" href=\"css\/bootstrap.min.css\">\n\n\n<ul class=\"pagination\">\n\t    \n\t\n\n<li >\n\t<a href='?page_no=17997'>Previous<\/a>\n\t<\/li>\n\n\n       \n    \n\n<li><a href='?page_no=1'>1<\/a><\/li>\n\n\n\n<li><a href='?page_no=2'>2<\/a><\/li>\n\n\n\n<li><a>...<\/a><\/li>\n\n\n\n<li><a href='?page_no=17996'>17996<\/a><\/li>\n\n\n\n<li><a href='?page_no=17997'>17997<\/a><\/li>\n\n\n\n<li class='active'><a>17998<\/a><\/li>\n\n\n\n<li><a href='?page_no=17999'>17999<\/a><\/li>\n\n\n\n<li><a href='?page_no=18000'>18000<\/a><\/li>\n\n\n\n<li><a>...<\/a><\/li>\n\n\n\n<li><a href='?page_no=22911'>22911<\/a><\/li>\n\n\n\n<li><a href='?page_no=22912'>22912<\/a><\/li>\n\n    \n\t\n\n<li >\n\t<a href='?page_no=17999'>Next<\/a>\n\t<\/li>\n\n\n    \n\n<li><a href='?page_no=22912'>Last &rsaquo;&rsaquo;<\/a><\/li>\n\n<\/ul>\n\n\n--><br \/>\n<\/body><\/p>\n","protected":false},"excerpt":{"rendered":"<p>La Habana, Cuba, 4 febrero.- M\u00fasicos, artistas y amigos manifestaron este jueves, 2 de febrero, su pesar por la muerte de la cantautora cubana Sara Gonz\u00e1lez, una de las voces fundadoras del Movimiento de la Nueva Trova de la isla. Uno de ellos, Silvio Rodr\u00edguez, colg\u00f3 en su blog \u00abSegunda cita\u00bb una reciente foto suya [&hellip;]<\/p>\n","protected":false},"author":3,"featured_media":0,"comment_status":"open","ping_status":"open","sticky":false,"template":"","format":"standard","meta":{"footnotes":""},"categories":[21],"tags":[],"class_list":["post-66320","post","type-post","status-publish","format-standard","hentry","category-cultura"],"_links":{"self":[{"href":"https:\/\/diariodominicano.com\/index.php?rest_route=\/wp\/v2\/posts\/66320","targetHints":{"allow":["GET"]}}],"collection":[{"href":"https:\/\/diariodominicano.com\/index.php?rest_route=\/wp\/v2\/posts"}],"about":[{"href":"https:\/\/diariodominicano.com\/index.php?rest_route=\/wp\/v2\/types\/post"}],"author":[{"embeddable":true,"href":"https:\/\/diariodominicano.com\/index.php?rest_route=\/wp\/v2\/users\/3"}],"replies":[{"embeddable":true,"href":"https:\/\/diariodominicano.com\/index.php?rest_route=%2Fwp%2Fv2%2Fcomments&post=66320"}],"version-history":[{"count":0,"href":"https:\/\/diariodominicano.com\/index.php?rest_route=\/wp\/v2\/posts\/66320\/revisions"}],"wp:attachment":[{"href":"https:\/\/diariodominicano.com\/index.php?rest_route=%2Fwp%2Fv2%2Fmedia&parent=66320"}],"wp:term":[{"taxonomy":"category","embeddable":true,"href":"https:\/\/diariodominicano.com\/index.php?rest_route=%2Fwp%2Fv2%2Fcategories&post=66320"},{"taxonomy":"post_tag","embeddable":true,"href":"https:\/\/diariodominicano.com\/index.php?rest_route=%2Fwp%2Fv2%2Ftags&post=66320"}],"curies":[{"name":"wp","href":"https:\/\/api.w.org\/{rel}","templated":true}]}}