{"id":66319,"date":"2012-02-04T17:12:23","date_gmt":"2012-02-04T17:12:23","guid":{"rendered":"http:\/\/diariodominicano.ddns.net\/?p=66319"},"modified":"2012-02-04T17:12:23","modified_gmt":"2012-02-04T17:12:23","slug":"recuerdan-llegada-de-caamano-hace-39-anos","status":"publish","type":"post","link":"https:\/\/diariodominicano.com\/?p=66319","title":{"rendered":"Recuerdan llegada de Caama\u00f1o hace 39 a\u00f1os"},"content":{"rendered":"<p><body><\/p>\n<p><img decoding=\"async\" src=\"http:\/\/localhost:8080\/img3\/expedicioncaama%C3%83%C2%B1o.JPG\" \/>  <\/p>\n<p><span class=\"text1noticias\">Rep.Dom, 4 de Febrero.- El 39 aniversario del desembarco del grupo guerrillero encabezado por Francisco Alberto Caama\u00f1o De\u00f1\u00f3 fue conmemorado  con un acto solemne en el que participaron combatientes revolucionarios, j\u00f3venes, mujeres y ni\u00f1os de Santo Domingo y otras localidades de la regi\u00f3n sur.<\/span><\/p>\n<\/p>\n<p><span class=\"text1noticias\">\tEl acto organizado por la Fundaci\u00f3n Caama\u00f1o habl\u00f3 Claudio Caama\u00f1o Grull\u00f3n, sobreviviente de la guerrilla que entr\u00f3 al pa\u00eds el 2 de febrero de 1973, quien destac\u00f3 las cualidades revolucionarias y humanas del H\u00e9roe Nacional.<\/span><\/p>\n<\/p>\n<p><span class=\"text1noticias\">\tAsimismo, Caama\u00f1o Grull\u00f3n relat\u00f3 los pormenores del desembarco de los nueve hombres y el posterior ascenso a las monta\u00f1as de la cordillera Central.<\/span><\/p>\n<\/p>\n<p><span class=\"text1noticias\">\tA juicio del presidente de la Fundaci\u00f3n Caama\u00f1o, el proyecto nunca fue concebido para que entraran solo nueve hombres, sino cerca de 500 combatientes, pero Caama\u00f1o De\u00f1\u00f3 fue traicionado por varios miembros del estado mayor constitucionalista de 1965.<\/span><\/p>\n<\/p>\n<p><span class=\"text1noticias\">Agreg\u00f3 que los planes originales fueron hechos con Juan Bosch en Benidorm, Espa\u00f1a, pero que por presiones de los norteamericanos al ex presidente dominicano y a varios integrantes de su estado mayor durante la guerra de 1965,  fueron delatados a Estados Unidos y al gobierno de Joaqu\u00edn Balaguer.<\/span><\/p>\n<\/p>\n<p><span class=\"text1noticias\">Dijo que Caama\u00f1o antes de salir de Europa entreg\u00f3 documentos y dinero a Bosch, a Ram\u00f3n Mont\u00e9s Arache y H\u00e9ctor Lachapelle D\u00edaz, que estaban en Europa, para que facilitaran la llegada a Cuba de cientos de hombres que se preparar\u00edan para volver al pa\u00eds a la lucha armada.<\/span><\/p>\n<\/p>\n<p><span class=\"text1noticias\">No obstante, el dinero se perdi\u00f3 y ning\u00fan combatiente fue enviado, lo que oblig\u00f3 a Caama\u00f1o De\u00f1\u00f3 a integrar su proyecto con militantes de izquierda que se entrenaban en Cuba.<\/span><\/p>\n<\/p>\n<p><span class=\"text1noticias\">Caama\u00f1o Grull\u00f3n destac\u00f3 la alta preparaci\u00f3n militar y operativa del grupo que comand\u00f3 Caama\u00f1o De\u00f1\u00f3 y postul\u00f3 votos para que el sacrificio del H\u00e9roe Nacional y sus compa\u00f1eros se convierta en ejemplo para las futuras luchas que tiene que librar el pueblo dominicano.<\/span><\/p>\n<\/p>\n<p><span class=\"text1noticias\">El dirigente revolucionario Eligio Antonio Blanco Pe\u00f1a consider\u00f3 que el pueblo dominicano tiene que continuar la lucha del Presidente en Armas y sus compa\u00f1eros para completar la obra de la libertad, el progreso y la justicia.<\/span><\/p>\n<\/p>\n<p><span class=\"text1noticias\">El acto se inici\u00f3 con las notas del himno nacional entonado por todos los asistentes, seguido de unas palabras de Fabiola V\u00e9lez, quien relat\u00f3 una parte de los \u00faltimos meses que pas\u00f3 el H\u00e9roe Nacional en Europa antes de partir a Cuba para preparar su retorno al pa\u00eds a proseguir la lucha armada contra la dictadura balaguerista impuesta por los agresores norteamericanos.<\/span><\/p>\n<\/p>\n<p><span class=\"text1noticias\">\tV\u00e9lez, secretaria de la Fundaci\u00f3n Caama\u00f1o, record\u00f3 que la \u00faltima vez que vio a Caama\u00f1o De\u00f1\u00f3 en Valencia, Espa\u00f1a, el l\u00edder revolucionario estaba muy contento compartiendo con sus familiares, lo que luego entendi\u00f3 como una despedida sin anunciar. No volvi\u00f3 a verlo.<\/span><\/p>\n<\/p>\n<p><span class=\"text1noticias\">\tEn la actividad intervinieron una decena de personas que expresaron el reconocimiento y la eterna recordaci\u00f3n a Caama\u00f1o De\u00f1\u00f3, Eberto Lalane Jos\u00e9, Mario Nelson Gal\u00e1n Dur\u00e1n, Alfredo P\u00e9rez Vargas, Juan Ram\u00f3n Payero Ulloa, Ram\u00f3n Euclides Holgu\u00edn Marte, Toribio Pe\u00f1a J\u00e1quez, todos fallecidos, y a Hamlet Hermann y Claudio Caama\u00f1o, sobrevivientes de la lucha guerrillera.<\/span><\/p>\n<\/p>\n<p><span class=\"text1noticias\">\tCaama\u00f1o Grull\u00f3n invit\u00f3 a todas las personas que puedan asistir a los actos de homenaje a Caama\u00f1o De\u00f1\u00f3 y sus compa\u00f1eros en el 39 aniversario de su fusilamiento en Sabana Qu\u00e9liz, pr\u00f3ximo a Alto Bandera, programados para los d\u00edas 18 y 19 de este mes.<\/span><\/p>\n<\/p>\n<p><span class=\"text1noticias\">\tCaama\u00f1o De\u00f1\u00f3 muri\u00f3 fusilado por las tropas miliares al servicio de Balaguer y los agresores norteamericanos el 16 de febrero de 1973 luego de ser capturado con una herida de bala en una pierna. El mismo d\u00eda cayeron heridos y rematados Alfredo P\u00e9rez Vargas y Lalane Jos\u00e9<\/span>. <\/p>\n<\/p>\n<h6> 2012-02-04 17:12:23 <\/h6>\n<p><!--\n<link rel=\"stylesheet\" href=\"css\/bootstrap.min.css\">\n\n\n<ul class=\"pagination\">\n\t    \n\t\n\n<li >\n\t<a href='?page_no=17996'>Previous<\/a>\n\t<\/li>\n\n\n       \n    \n\n<li><a href='?page_no=1'>1<\/a><\/li>\n\n\n\n<li><a href='?page_no=2'>2<\/a><\/li>\n\n\n\n<li><a>...<\/a><\/li>\n\n\n\n<li><a href='?page_no=17995'>17995<\/a><\/li>\n\n\n\n<li><a href='?page_no=17996'>17996<\/a><\/li>\n\n\n\n<li class='active'><a>17997<\/a><\/li>\n\n\n\n<li><a href='?page_no=17998'>17998<\/a><\/li>\n\n\n\n<li><a href='?page_no=17999'>17999<\/a><\/li>\n\n\n\n<li><a>...<\/a><\/li>\n\n\n\n<li><a href='?page_no=22911'>22911<\/a><\/li>\n\n\n\n<li><a href='?page_no=22912'>22912<\/a><\/li>\n\n    \n\t\n\n<li >\n\t<a href='?page_no=17998'>Next<\/a>\n\t<\/li>\n\n\n    \n\n<li><a href='?page_no=22912'>Last &rsaquo;&rsaquo;<\/a><\/li>\n\n<\/ul>\n\n\n--><br \/>\n<\/body><\/p>\n","protected":false},"excerpt":{"rendered":"<p>Rep.Dom, 4 de Febrero.- El 39 aniversario del desembarco del grupo guerrillero encabezado por Francisco Alberto Caama\u00f1o De\u00f1\u00f3 fue conmemorado con un acto solemne en el que participaron combatientes revolucionarios, j\u00f3venes, mujeres y ni\u00f1os de Santo Domingo y otras localidades de la regi\u00f3n sur. El acto organizado por la Fundaci\u00f3n Caama\u00f1o habl\u00f3 Claudio Caama\u00f1o Grull\u00f3n, [&hellip;]<\/p>\n","protected":false},"author":3,"featured_media":0,"comment_status":"open","ping_status":"open","sticky":false,"template":"","format":"standard","meta":{"footnotes":""},"categories":[21],"tags":[],"class_list":["post-66319","post","type-post","status-publish","format-standard","hentry","category-cultura"],"_links":{"self":[{"href":"https:\/\/diariodominicano.com\/index.php?rest_route=\/wp\/v2\/posts\/66319","targetHints":{"allow":["GET"]}}],"collection":[{"href":"https:\/\/diariodominicano.com\/index.php?rest_route=\/wp\/v2\/posts"}],"about":[{"href":"https:\/\/diariodominicano.com\/index.php?rest_route=\/wp\/v2\/types\/post"}],"author":[{"embeddable":true,"href":"https:\/\/diariodominicano.com\/index.php?rest_route=\/wp\/v2\/users\/3"}],"replies":[{"embeddable":true,"href":"https:\/\/diariodominicano.com\/index.php?rest_route=%2Fwp%2Fv2%2Fcomments&post=66319"}],"version-history":[{"count":0,"href":"https:\/\/diariodominicano.com\/index.php?rest_route=\/wp\/v2\/posts\/66319\/revisions"}],"wp:attachment":[{"href":"https:\/\/diariodominicano.com\/index.php?rest_route=%2Fwp%2Fv2%2Fmedia&parent=66319"}],"wp:term":[{"taxonomy":"category","embeddable":true,"href":"https:\/\/diariodominicano.com\/index.php?rest_route=%2Fwp%2Fv2%2Fcategories&post=66319"},{"taxonomy":"post_tag","embeddable":true,"href":"https:\/\/diariodominicano.com\/index.php?rest_route=%2Fwp%2Fv2%2Ftags&post=66319"}],"curies":[{"name":"wp","href":"https:\/\/api.w.org\/{rel}","templated":true}]}}