{"id":66318,"date":"2012-02-04T19:26:01","date_gmt":"2012-02-04T19:26:01","guid":{"rendered":"http:\/\/diariodominicano.ddns.net\/?p=66318"},"modified":"2012-02-04T19:26:01","modified_gmt":"2012-02-04T19:26:01","slug":"de-manera-simultanea-ministerios-de-educacion-y-cultura-lanzan-en-cuatro-provincias-el-diplomado-en-educacion-artistica","status":"publish","type":"post","link":"https:\/\/diariodominicano.com\/?p=66318","title":{"rendered":"De manera simult\u00e1nea, ministerios de Educaci\u00f3n y Cultura lanzan en cuatro provincias el diplomado en educaci\u00f3n art\u00edstica"},"content":{"rendered":"<p><body><\/p>\n<p><img decoding=\"async\" src=\"img3\/formacionartistica.JPG\" \/>  <\/p>\n<p><span class=\"text1noticias\">En esta primera etapa, 240 maestros  de Ban\u00ed, San Pedro de Macor\u00eds, Moca y Santo Domingo comenzaran a recibir capacitaciones de connotados artistas dominicanos <\/span><\/p>\n<\/p>\n<p><span class=\"text1noticias\">Rep.Dom, 4 de Febrero.- El Ministerio de Educaci\u00f3n a trav\u00e9s del Instituto Nacional de Formaci\u00f3n y Capacitaci\u00f3n del Magisterio (INAFOCAM) y el Ministerio de Cultura a trav\u00e9s del Sistema Nacional de Formaci\u00f3n Art\u00edstica especializada (SINFAE) iniciaron de manera simultanea, en cuatro provincias del pa\u00eds, la primera etapa del diplomado en Educaci\u00f3n Art\u00edstica dirigido a los maestros de los  niveles  B\u00e1sico y Medio del Sistema Educativo Dominicano.<\/span><\/p>\n<\/p>\n<p><span class=\"text1noticias\">En Santo Domingo el acto inicio del diplomado se realiz\u00f3 en el Conservatorio Nacional de M\u00fasica. Estuvo encabezado por el Director General de Bellas Artes doctor Franklin  Dom\u00ednguez, la viceministra de Cultura, licenciada. Bernarda Jorge; la directora Ejecutiva por INAFOCAM, licenciada. Gineida Castillo D\u00edaz y el director del SINFAE, licenciado Domingo De Los Santos.<\/span><\/p>\n<\/p>\n<p><span class=\"text1noticias\">En esta primera etapa comenzaran a recibir capacitaciones de connotados artistas dominicanos 240 docentes de la regionales:03 de Azua (Distrito Educativo de Ban\u00ed); 05, de San Pedro de Macor\u00eds ;06 de la Vega (Distrito Educativo de Moca) y las regionales 10 y 15 de Santo Domingo.<\/span><\/p>\n<\/p>\n<p><span class=\"text1noticias\">Un grupo de docentes recibir\u00e1n clases en el Conservatorio Nacional de M\u00fasica de Santo Domingo, otro grupo desarrollar\u00e1 su jornada en el recinto Juan Vicente Moscoso del Instituto Superior de Formaci\u00f3n Docente Salome Ure\u00f1a (ISFODOSU) de San Pedro de Macor\u00eds.<\/span><\/p>\n<\/p>\n<p><span class=\"text1noticias\">Las clases para el grupo de Moca se desarrollar\u00e1n en el Museo Ram\u00f3n C\u00e1ceres de Estancia Nueva, Moca; y el grupo de Ban\u00ed la recibir\u00e1 en el Centro Cultural Perell\u00f3.<\/span><\/p>\n<\/p>\n<p><span class=\"text1noticias\">Cuatro m\u00f3dulos comprender\u00e1n el desarrollo del programa: Educaci\u00f3n Art\u00edstica, Apreciaci\u00f3n Art\u00edstica, Artes Visuales (Artes pl\u00e1sticas y Artes Aplicadas) y Artes esc\u00e9nicas (M\u00fasica Teatro y Danza). Tambi\u00e9n se contempla actividades complementarias como las visitas guiadas a los principales museos y sitios de inter\u00e9s art\u00edstico, conversatorios con artistas reconocidos y  presentaciones de las artes esc\u00e9nicas. <\/span><\/p>\n<\/p>\n<p><span class=\"text1noticias\">Los participantes a cursar el programa de capacitaci\u00f3n deber\u00e1n alcanzar el dominio te\u00f3rico y la capacidad de realizar aplicaciones de las Artes Pl\u00e1sticas, M\u00fasica, Teatro y Danza.<\/span><\/p>\n<\/p>\n<p><span class=\"text1noticias\">Los docentes deber\u00e1n desarrollar sus destrezas expresivas y apreciativas que les permitan realizar  propuestas art\u00edsticas en el contexto escolar considerando el curr\u00edculo educativo  dominicano.<\/span><\/p>\n<\/p>\n<p><span class=\"text1noticias\">El personal especializado en artes responsable de capacitar a los maestros esta conformado por Andreina Jim\u00e9nez,, Manuela Feliz, Sandra Mustelier, Esmeralda Compres, Julissa Rivera, Jochi Mu\u00f1oz, Alba Rosa Fontfrias, Kelvin Paredes, Mercedes Valerio, Rosa Rivera, Manuel Toribio, Sandra Ram\u00edrez, Jazm\u00edn Mercedes, \u00c1ngela Holgu\u00edn,  Anny Ram\u00edrez, Miguel Valenzuela, Marcos Garc\u00eda, Alexander Jerez, Hermes Mej\u00eda, Marianella Sallent, Nicol\u00e1s Ayala, Antonia Alc\u00e1ntara, Dionis Rufino, Jos\u00e9 Polanco y Giseh Cuesta<\/span>.<\/p>\n<\/p>\n<h6> 2012-02-04 19:26:01 <\/h6>\n<p><!--\n<link rel=\"stylesheet\" href=\"css\/bootstrap.min.css\">\n\n\n<ul class=\"pagination\">\n\t    \n\t\n\n<li >\n\t<a href='?page_no=17995'>Previous<\/a>\n\t<\/li>\n\n\n       \n    \n\n<li><a href='?page_no=1'>1<\/a><\/li>\n\n\n\n<li><a href='?page_no=2'>2<\/a><\/li>\n\n\n\n<li><a>...<\/a><\/li>\n\n\n\n<li><a href='?page_no=17994'>17994<\/a><\/li>\n\n\n\n<li><a href='?page_no=17995'>17995<\/a><\/li>\n\n\n\n<li class='active'><a>17996<\/a><\/li>\n\n\n\n<li><a href='?page_no=17997'>17997<\/a><\/li>\n\n\n\n<li><a href='?page_no=17998'>17998<\/a><\/li>\n\n\n\n<li><a>...<\/a><\/li>\n\n\n\n<li><a href='?page_no=22911'>22911<\/a><\/li>\n\n\n\n<li><a href='?page_no=22912'>22912<\/a><\/li>\n\n    \n\t\n\n<li >\n\t<a href='?page_no=17997'>Next<\/a>\n\t<\/li>\n\n\n    \n\n<li><a href='?page_no=22912'>Last &rsaquo;&rsaquo;<\/a><\/li>\n\n<\/ul>\n\n\n--><br \/>\n<\/body><\/p>\n","protected":false},"excerpt":{"rendered":"<p>En esta primera etapa, 240 maestros de Ban\u00ed, San Pedro de Macor\u00eds, Moca y Santo Domingo comenzaran a recibir capacitaciones de connotados artistas dominicanos Rep.Dom, 4 de Febrero.- El Ministerio de Educaci\u00f3n a trav\u00e9s del Instituto Nacional de Formaci\u00f3n y Capacitaci\u00f3n del Magisterio (INAFOCAM) y el Ministerio de Cultura a trav\u00e9s del Sistema Nacional de [&hellip;]<\/p>\n","protected":false},"author":3,"featured_media":0,"comment_status":"open","ping_status":"open","sticky":false,"template":"","format":"standard","meta":{"footnotes":""},"categories":[21],"tags":[],"class_list":["post-66318","post","type-post","status-publish","format-standard","hentry","category-cultura"],"_links":{"self":[{"href":"https:\/\/diariodominicano.com\/index.php?rest_route=\/wp\/v2\/posts\/66318","targetHints":{"allow":["GET"]}}],"collection":[{"href":"https:\/\/diariodominicano.com\/index.php?rest_route=\/wp\/v2\/posts"}],"about":[{"href":"https:\/\/diariodominicano.com\/index.php?rest_route=\/wp\/v2\/types\/post"}],"author":[{"embeddable":true,"href":"https:\/\/diariodominicano.com\/index.php?rest_route=\/wp\/v2\/users\/3"}],"replies":[{"embeddable":true,"href":"https:\/\/diariodominicano.com\/index.php?rest_route=%2Fwp%2Fv2%2Fcomments&post=66318"}],"version-history":[{"count":0,"href":"https:\/\/diariodominicano.com\/index.php?rest_route=\/wp\/v2\/posts\/66318\/revisions"}],"wp:attachment":[{"href":"https:\/\/diariodominicano.com\/index.php?rest_route=%2Fwp%2Fv2%2Fmedia&parent=66318"}],"wp:term":[{"taxonomy":"category","embeddable":true,"href":"https:\/\/diariodominicano.com\/index.php?rest_route=%2Fwp%2Fv2%2Fcategories&post=66318"},{"taxonomy":"post_tag","embeddable":true,"href":"https:\/\/diariodominicano.com\/index.php?rest_route=%2Fwp%2Fv2%2Ftags&post=66318"}],"curies":[{"name":"wp","href":"https:\/\/api.w.org\/{rel}","templated":true}]}}