{"id":66317,"date":"2012-02-06T12:56:19","date_gmt":"2012-02-06T12:56:19","guid":{"rendered":"http:\/\/diariodominicano.ddns.net\/?p=66317"},"modified":"2012-02-06T12:56:19","modified_gmt":"2012-02-06T12:56:19","slug":"en-bellas-artes-se-inicia-el-22-de-febrero-gira-teatral","status":"publish","type":"post","link":"https:\/\/diariodominicano.com\/?p=66317","title":{"rendered":"&#13;En Bellas Artes se inicia el 22 de febrero gira teatral"},"content":{"rendered":"<p><body><\/p>\n<p><span class=\"text1noticias\">Santo Domingo, RD 6 febrero.- Si te gusta el teatro y eres un fiel amante de tu  pa\u00eds, no te puedes perder  esta  gira, que presenta una comedia compuesta por un  elenco de artistas dominicanos que se unieron para hacer realidad un sue\u00f1o. <\/span><\/p>\n<\/p>\n<p><span class=\"text1noticias\">Estos artistas han ensayado  d\u00eda y noche  para  presentar su primera producci\u00f3n teatral  que  lleva por nombre \u00abSecuestro de amor\u00bb.  <\/span><\/p>\n<p><span class=\"text1noticias\"> <\/span><\/p>\n<p><span class=\"text1noticias\">Esta obra fue escrita y producida bajo la producci\u00f3n de Expr\u00e9sate Dominicano y el director teatral cubano, Husmell D\u00edaz S\u00e1nchez.<\/span><\/p>\n<p><span class=\"text1noticias\"> <\/span><\/p>\n<p><span class=\"text1noticias\">El montaje<\/span><\/p>\n<p><span class=\"text1noticias\">\u00abSecuestro de amor\u00bb es una comedia contempor\u00e1nea, que pretende presentarse en varias salas de teatro del pa\u00eds en el 2012, y representa la realidad en la que viven los dominicanos, en un montaje lleno de color, m\u00fasica y danza, con un  dise\u00f1o art\u00edstico que hacen de dicho espect\u00e1culo una obra distinta a las dem\u00e1s.<\/span><\/p>\n<p><span class=\"text1noticias\"> <\/span><\/p>\n<p><span class=\"text1noticias\">El grupo Expr\u00e9sate Dominicano dar\u00e1 inicio a su gira   adem\u00e1s del arte y el entretenimiento, la producci\u00f3n busca llevar un mensaje de amor y esperanza para el pa\u00eds. La gira teatral iniciar\u00e1  los d\u00edas 28 y 29 de febrero del 2012, en la Sala M\u00e1ximo Avil\u00e9s Blonda, del Palacio de Bellas Artes.<\/span><\/p>\n<p><span class=\"text1noticias\"> <\/span><\/p>\n<p><span class=\"text1noticias\">En la puesta en escena se desarrollan varias tramas de la vida cotidiana; hombres poderosos, mujeres emancipadas y maltratos; amigos que se traicionan, enamorados clandestinos;  valores que perduran<\/span>.<\/p>\n<h6> 2012-02-06 12:56:19 <\/h6>\n<p><!--\n<link rel=\"stylesheet\" href=\"css\/bootstrap.min.css\">\n\n\n<ul class=\"pagination\">\n\t    \n\t\n\n<li >\n\t<a href='?page_no=17994'>Previous<\/a>\n\t<\/li>\n\n\n       \n    \n\n<li><a href='?page_no=1'>1<\/a><\/li>\n\n\n\n<li><a href='?page_no=2'>2<\/a><\/li>\n\n\n\n<li><a>...<\/a><\/li>\n\n\n\n<li><a href='?page_no=17993'>17993<\/a><\/li>\n\n\n\n<li><a href='?page_no=17994'>17994<\/a><\/li>\n\n\n\n<li class='active'><a>17995<\/a><\/li>\n\n\n\n<li><a href='?page_no=17996'>17996<\/a><\/li>\n\n\n\n<li><a href='?page_no=17997'>17997<\/a><\/li>\n\n\n\n<li><a>...<\/a><\/li>\n\n\n\n<li><a href='?page_no=22911'>22911<\/a><\/li>\n\n\n\n<li><a href='?page_no=22912'>22912<\/a><\/li>\n\n    \n\t\n\n<li >\n\t<a href='?page_no=17996'>Next<\/a>\n\t<\/li>\n\n\n    \n\n<li><a href='?page_no=22912'>Last &rsaquo;&rsaquo;<\/a><\/li>\n\n<\/ul>\n\n\n--><br \/>\n<\/body><\/p>\n","protected":false},"excerpt":{"rendered":"<p>Santo Domingo, RD 6 febrero.- Si te gusta el teatro y eres un fiel amante de tu pa\u00eds, no te puedes perder esta gira, que presenta una comedia compuesta por un elenco de artistas dominicanos que se unieron para hacer realidad un sue\u00f1o. Estos artistas han ensayado d\u00eda y noche para presentar su primera producci\u00f3n [&hellip;]<\/p>\n","protected":false},"author":3,"featured_media":0,"comment_status":"open","ping_status":"open","sticky":false,"template":"","format":"standard","meta":{"footnotes":""},"categories":[21],"tags":[],"class_list":["post-66317","post","type-post","status-publish","format-standard","hentry","category-cultura"],"_links":{"self":[{"href":"https:\/\/diariodominicano.com\/index.php?rest_route=\/wp\/v2\/posts\/66317","targetHints":{"allow":["GET"]}}],"collection":[{"href":"https:\/\/diariodominicano.com\/index.php?rest_route=\/wp\/v2\/posts"}],"about":[{"href":"https:\/\/diariodominicano.com\/index.php?rest_route=\/wp\/v2\/types\/post"}],"author":[{"embeddable":true,"href":"https:\/\/diariodominicano.com\/index.php?rest_route=\/wp\/v2\/users\/3"}],"replies":[{"embeddable":true,"href":"https:\/\/diariodominicano.com\/index.php?rest_route=%2Fwp%2Fv2%2Fcomments&post=66317"}],"version-history":[{"count":0,"href":"https:\/\/diariodominicano.com\/index.php?rest_route=\/wp\/v2\/posts\/66317\/revisions"}],"wp:attachment":[{"href":"https:\/\/diariodominicano.com\/index.php?rest_route=%2Fwp%2Fv2%2Fmedia&parent=66317"}],"wp:term":[{"taxonomy":"category","embeddable":true,"href":"https:\/\/diariodominicano.com\/index.php?rest_route=%2Fwp%2Fv2%2Fcategories&post=66317"},{"taxonomy":"post_tag","embeddable":true,"href":"https:\/\/diariodominicano.com\/index.php?rest_route=%2Fwp%2Fv2%2Ftags&post=66317"}],"curies":[{"name":"wp","href":"https:\/\/api.w.org\/{rel}","templated":true}]}}