{"id":66316,"date":"2012-02-06T15:36:38","date_gmt":"2012-02-06T15:36:38","guid":{"rendered":"http:\/\/diariodominicano.ddns.net\/?p=66316"},"modified":"2012-02-06T15:36:38","modified_gmt":"2012-02-06T15:36:38","slug":"celebraran-en-marzo-festival-de-cortometrajes-dirigidos-por-mujeres","status":"publish","type":"post","link":"https:\/\/diariodominicano.com\/?p=66316","title":{"rendered":"Celebrar\u00e1n en marzo festival de cortometrajes dirigidos por mujeres"},"content":{"rendered":"<p><body><\/p>\n<p><span class=\"text1noticias\">Santo Domingo, RD 6 febrero.- La tercera versi\u00f3n del festival de cortometrajes \u00abMujeres en Cortos \u00a1Cine con un Sexto Sentito!\u00bb ser\u00e1 presentada en esta capital del  8 al 11 de marzo de 2012, a las 8:00pm, en la Cinemateca Dominicana de la Plaza de la Cultura.<\/span><\/p>\n<p><span class=\"text1noticias\"> <\/span><\/p>\n<p><span class=\"text1noticias\">Coordinada por el cineasta Abel Rodr\u00edguez, esta ser\u00e1 la primera propuesta de este tipo que se realiza en la Rep\u00fablica Dominicana<\/span><\/p>\n<p><span class=\"text1noticias\"> <\/span><\/p>\n<p><span class=\"text1noticias\">Rodr\u00edguez tiene la intenci\u00f3n de impulsar la trayectoria de las cineastas dominicanas en proceso de formaci\u00f3n, y de residentes extranjeras, que realizan o han realizado cortometrajes in\u00e9ditos, a trav\u00e9s de un evento que les permita exponer su talento ante un p\u00fablico cautivo que respalde su obra, dice una nota de prensa remitida a ALMOMENTO.NET.<\/span><\/p>\n<p><span class=\"text1noticias\"> <\/span><\/p>\n<p><span class=\"text1noticias\">Agrega que el festival se propone entre otras cosas, provocar el entusiasmo en futuros\/as cineastas, construir el p\u00fablico cin\u00e9filo del futuro del cine dominicano, difundir la cultura cinematogr\u00e1fica dominicana en los numerosos puntos del pa\u00eds y fuera del mismo asi como estimular el correcto desarrollo de la industria cinematogr\u00e1fica en Rep\u00fablica Dominicana, capaz de crear un ente econ\u00f3mico que beneficie nuestra sociedad.<\/span><\/p>\n<p><span class=\"text1noticias\"> <\/span><\/p>\n<p><span class=\"text1noticias\">Los cineastas masculinos tendr\u00e1n una ligera participaci\u00f3n en una secci\u00f3n de hombres.<\/span><\/p>\n<p><span class=\"text1noticias\"> <\/span><\/p>\n<p><span class=\"text1noticias\">Se ampliar\u00e1n los renglones a premiar a once categor\u00edas:<\/span><\/p>\n<p><span class=\"text1noticias\"> <\/span><\/p>\n<p><span class=\"text1noticias\">MEJOR CORTOMETRAJE DE FICCI\u00d3N<\/span><\/p>\n<p><span class=\"text1noticias\">MEJOR CORTOMETRAJE DOCUMENTAL<\/span><\/p>\n<p><span class=\"text1noticias\">MEJOR GUI\u00d3N CORTOMETRAJE DE FICCI\u00d3N Y DOCUMENTAL<\/span><\/p>\n<p><span class=\"text1noticias\">MEJOR CINEMATOGRAF\u00cdA<\/span><\/p>\n<p><span class=\"text1noticias\">MEJOR MONTAJE<\/span><\/p>\n<p><span class=\"text1noticias\">MEJOR INTERPRETACI\u00d3N MASCULINA EN ROL PROTAG\u00d3NICO<\/span><\/p>\n<p><span class=\"text1noticias\">MEJOR INTERPRETACI\u00d3N FEMENINA EN ROL PROTAG\u00d3NICO<\/span><\/p>\n<p><span class=\"text1noticias\">MEJOR CARTEL PARA UN CORTOMETRAJE DE FICCI\u00d3N O DOCUMENTAL<\/span><\/p>\n<p><span class=\"text1noticias\">MEJOR CORTOMETRAJE PREMIO DE FICCI\u00d3N O    DOCUMENTAL, PREMIO DEL P\u00daBLICO<\/span><\/p>\n<p><span class=\"text1noticias\">10. MEJOR CORTOMETRAJE SECCI\u00d3N HOMBRES EN CORTOS<\/span><\/p>\n<p><span class=\"text1noticias\"> <\/span><\/p>\n<p><span class=\"text1noticias\">Las cineastas estar\u00e1n en libertad de elegir sus temas y de igual forma, en el g\u00e9nero que as\u00ed lo deseen, sum\u00e1ndose a esta versi\u00f3n el documental. A su vez, se transformar\u00e1 la modalidad de premiaci\u00f3n, ya que aunque la audiencia juega un rol singular en los festivales. La decisi\u00f3n no solo depender\u00e1 del p\u00fablico como jurado (como en la edici\u00f3n pasada), sino tambi\u00e9n de un jurado compuesto por siete prestigiosos profesionales de la industria audiovisual dominicana.<\/span><\/p>\n<p><span class=\"text1noticias\"> <\/span><\/p>\n<p><span class=\"text1noticias\">Habr\u00e1 un premio al mejor corto por parte del p\u00fablico, y otro al mejor corto por parte del jurado.<\/span><\/p>\n<p><span class=\"text1noticias\"> <\/span><\/p>\n<p><span class=\"text1noticias\">En esta oportunidad honrar\u00e1 la figura eximia de la primera actriz dominicana Mar\u00eda Montez, en conmemoraci\u00f3n de su natalicio centenario. Adem\u00e1s, se otorgar\u00e1n reconocimientos especiales a dos figuras femeninas que se han destacado en el cine nacional. Igualmente, se exhibir\u00e1 una pieza teatral escrita e interpretada por Miguel Alc\u00e1ntara,  uno de los actores y guionistas m\u00e1s sobresalientes de estos tiempos. Tambi\u00e9n, se efectuar\u00e1n funciones en tandas matutinas y vespertinas en la Cinemateca Dominicana para estudiantes de secundaria de escuelas y colegios, con conversatorios sobre cine cortometraje y la exhibici\u00f3n de los cortos<\/span>.<\/p>\n<\/p>\n<h6> 2012-02-06 15:36:38 <\/h6>\n<p><!--\n<link rel=\"stylesheet\" href=\"css\/bootstrap.min.css\">\n\n\n<ul class=\"pagination\">\n\t    \n\t\n\n<li >\n\t<a href='?page_no=17993'>Previous<\/a>\n\t<\/li>\n\n\n       \n    \n\n<li><a href='?page_no=1'>1<\/a><\/li>\n\n\n\n<li><a href='?page_no=2'>2<\/a><\/li>\n\n\n\n<li><a>...<\/a><\/li>\n\n\n\n<li><a href='?page_no=17992'>17992<\/a><\/li>\n\n\n\n<li><a href='?page_no=17993'>17993<\/a><\/li>\n\n\n\n<li class='active'><a>17994<\/a><\/li>\n\n\n\n<li><a href='?page_no=17995'>17995<\/a><\/li>\n\n\n\n<li><a href='?page_no=17996'>17996<\/a><\/li>\n\n\n\n<li><a>...<\/a><\/li>\n\n\n\n<li><a href='?page_no=22911'>22911<\/a><\/li>\n\n\n\n<li><a href='?page_no=22912'>22912<\/a><\/li>\n\n    \n\t\n\n<li >\n\t<a href='?page_no=17995'>Next<\/a>\n\t<\/li>\n\n\n    \n\n<li><a href='?page_no=22912'>Last &rsaquo;&rsaquo;<\/a><\/li>\n\n<\/ul>\n\n\n--><br \/>\n<\/body><\/p>\n","protected":false},"excerpt":{"rendered":"<p>Santo Domingo, RD 6 febrero.- La tercera versi\u00f3n del festival de cortometrajes \u00abMujeres en Cortos \u00a1Cine con un Sexto Sentito!\u00bb ser\u00e1 presentada en esta capital del 8 al 11 de marzo de 2012, a las 8:00pm, en la Cinemateca Dominicana de la Plaza de la Cultura. Coordinada por el cineasta Abel Rodr\u00edguez, esta ser\u00e1 la [&hellip;]<\/p>\n","protected":false},"author":3,"featured_media":0,"comment_status":"open","ping_status":"open","sticky":false,"template":"","format":"standard","meta":{"footnotes":""},"categories":[21],"tags":[],"class_list":["post-66316","post","type-post","status-publish","format-standard","hentry","category-cultura"],"_links":{"self":[{"href":"https:\/\/diariodominicano.com\/index.php?rest_route=\/wp\/v2\/posts\/66316","targetHints":{"allow":["GET"]}}],"collection":[{"href":"https:\/\/diariodominicano.com\/index.php?rest_route=\/wp\/v2\/posts"}],"about":[{"href":"https:\/\/diariodominicano.com\/index.php?rest_route=\/wp\/v2\/types\/post"}],"author":[{"embeddable":true,"href":"https:\/\/diariodominicano.com\/index.php?rest_route=\/wp\/v2\/users\/3"}],"replies":[{"embeddable":true,"href":"https:\/\/diariodominicano.com\/index.php?rest_route=%2Fwp%2Fv2%2Fcomments&post=66316"}],"version-history":[{"count":0,"href":"https:\/\/diariodominicano.com\/index.php?rest_route=\/wp\/v2\/posts\/66316\/revisions"}],"wp:attachment":[{"href":"https:\/\/diariodominicano.com\/index.php?rest_route=%2Fwp%2Fv2%2Fmedia&parent=66316"}],"wp:term":[{"taxonomy":"category","embeddable":true,"href":"https:\/\/diariodominicano.com\/index.php?rest_route=%2Fwp%2Fv2%2Fcategories&post=66316"},{"taxonomy":"post_tag","embeddable":true,"href":"https:\/\/diariodominicano.com\/index.php?rest_route=%2Fwp%2Fv2%2Ftags&post=66316"}],"curies":[{"name":"wp","href":"https:\/\/api.w.org\/{rel}","templated":true}]}}