{"id":66315,"date":"2012-02-06T15:36:48","date_gmt":"2012-02-06T15:36:48","guid":{"rendered":"http:\/\/diariodominicano.ddns.net\/?p=66315"},"modified":"2012-02-06T15:36:48","modified_gmt":"2012-02-06T15:36:48","slug":"embajada-de-cuba-anuncia-conversatorio-sobre-el-proceso-judicial-de-los-cinco-heroes-cubanos","status":"publish","type":"post","link":"https:\/\/diariodominicano.com\/?p=66315","title":{"rendered":"Embajada de Cuba anuncia conversatorio sobre el proceso judicial de los Cinco H\u00e9roes  cubanos"},"content":{"rendered":"<p><body><\/p>\n<p><span class=\"text1noticias\">Santo Domingo, RD, 6 feb.- La Embajada de Cuba en Rep\u00fablica Dominicana anuncio la celebraci\u00f3n de un conversatorio sobre la actualidad del proceso judicial de los Cinco H\u00e9roes cubanos presos en c\u00e1rceles de Estados Unidos.<\/span><\/p>\n<\/p>\n<p><span class=\"text1noticias\">La actividad est\u00e1 pautada para efectuarse este mi\u00e9rcoles 8 de febrero, a las 7:00 p.m. en el Paraninfo de la Facultad de Derecho de la UASD.<\/span><\/p>\n<p><span class=\"text1noticias\">El conversatorio ser\u00e1 con el abogado cubano doctor Rodolfo D\u00e1valos Fern\u00e1ndez.<\/span><\/p>\n<p><span class=\"text1noticias\">Rodolfo D\u00e1valos Fern\u00e1ndez es doctor en Ciencias Jur\u00eddicas, profesor  titular de Derecho Internacional de La Universidad de La Habana y unos de los abogados cubanos que ha seguido desde el inicio el  proceso judicial de los Cinco H\u00e9roes en Estados Unidos.  Adem\u00e1s  es el Presidente de la Sociedad Cubana de Derecho Mercantil y de la Corte Cubana de Arbitraje Comercial Internacional.<\/span><\/p>\n<p><span class=\"text1noticias\">Antonio Guerrero (Miami, 1958), Fernando Gonz\u00e1lez (La Habana, 1963), Gerardo Hern\u00e1ndez (La Habana, 1965), Ram\u00f3n Laba\u00f1ino (La Habana, 1963) y Ren\u00e9 Gonz\u00e1lez (Chicago, 1956), son cinco j\u00f3venes profesionales cubanos que decidieron dedicar sus vida, lejos de su patria, a la lucha contra el terrorismo en la ciudad de Miami, centro principal de las agresiones contra Cuba, y tras enfrentar un juicio ama\u00f1ado cumplen injusta privaci\u00f3n de libertad en c\u00e1rceles estadounidenses<\/span>.<\/p>\n<h6> 2012-02-06 15:36:48 <\/h6>\n<p><!--\n<link rel=\"stylesheet\" href=\"css\/bootstrap.min.css\">\n\n\n<ul class=\"pagination\">\n\t    \n\t\n\n<li >\n\t<a href='?page_no=17992'>Previous<\/a>\n\t<\/li>\n\n\n       \n    \n\n<li><a href='?page_no=1'>1<\/a><\/li>\n\n\n\n<li><a href='?page_no=2'>2<\/a><\/li>\n\n\n\n<li><a>...<\/a><\/li>\n\n\n\n<li><a href='?page_no=17991'>17991<\/a><\/li>\n\n\n\n<li><a href='?page_no=17992'>17992<\/a><\/li>\n\n\n\n<li class='active'><a>17993<\/a><\/li>\n\n\n\n<li><a href='?page_no=17994'>17994<\/a><\/li>\n\n\n\n<li><a href='?page_no=17995'>17995<\/a><\/li>\n\n\n\n<li><a>...<\/a><\/li>\n\n\n\n<li><a href='?page_no=22911'>22911<\/a><\/li>\n\n\n\n<li><a href='?page_no=22912'>22912<\/a><\/li>\n\n    \n\t\n\n<li >\n\t<a href='?page_no=17994'>Next<\/a>\n\t<\/li>\n\n\n    \n\n<li><a href='?page_no=22912'>Last &rsaquo;&rsaquo;<\/a><\/li>\n\n<\/ul>\n\n\n--><br \/>\n<\/body><\/p>\n","protected":false},"excerpt":{"rendered":"<p>Santo Domingo, RD, 6 feb.- La Embajada de Cuba en Rep\u00fablica Dominicana anuncio la celebraci\u00f3n de un conversatorio sobre la actualidad del proceso judicial de los Cinco H\u00e9roes cubanos presos en c\u00e1rceles de Estados Unidos. La actividad est\u00e1 pautada para efectuarse este mi\u00e9rcoles 8 de febrero, a las 7:00 p.m. en el Paraninfo de la [&hellip;]<\/p>\n","protected":false},"author":3,"featured_media":0,"comment_status":"open","ping_status":"open","sticky":false,"template":"","format":"standard","meta":{"footnotes":""},"categories":[21],"tags":[],"class_list":["post-66315","post","type-post","status-publish","format-standard","hentry","category-cultura"],"_links":{"self":[{"href":"https:\/\/diariodominicano.com\/index.php?rest_route=\/wp\/v2\/posts\/66315","targetHints":{"allow":["GET"]}}],"collection":[{"href":"https:\/\/diariodominicano.com\/index.php?rest_route=\/wp\/v2\/posts"}],"about":[{"href":"https:\/\/diariodominicano.com\/index.php?rest_route=\/wp\/v2\/types\/post"}],"author":[{"embeddable":true,"href":"https:\/\/diariodominicano.com\/index.php?rest_route=\/wp\/v2\/users\/3"}],"replies":[{"embeddable":true,"href":"https:\/\/diariodominicano.com\/index.php?rest_route=%2Fwp%2Fv2%2Fcomments&post=66315"}],"version-history":[{"count":0,"href":"https:\/\/diariodominicano.com\/index.php?rest_route=\/wp\/v2\/posts\/66315\/revisions"}],"wp:attachment":[{"href":"https:\/\/diariodominicano.com\/index.php?rest_route=%2Fwp%2Fv2%2Fmedia&parent=66315"}],"wp:term":[{"taxonomy":"category","embeddable":true,"href":"https:\/\/diariodominicano.com\/index.php?rest_route=%2Fwp%2Fv2%2Fcategories&post=66315"},{"taxonomy":"post_tag","embeddable":true,"href":"https:\/\/diariodominicano.com\/index.php?rest_route=%2Fwp%2Fv2%2Ftags&post=66315"}],"curies":[{"name":"wp","href":"https:\/\/api.w.org\/{rel}","templated":true}]}}