{"id":66314,"date":"2012-02-06T15:40:56","date_gmt":"2012-02-06T15:40:56","guid":{"rendered":"http:\/\/diariodominicano.ddns.net\/?p=66314"},"modified":"2012-02-06T15:40:56","modified_gmt":"2012-02-06T15:40:56","slug":"consejo-nacional-de-drogas-deposita-ofrenda-floral-en-el-altar-de-la-patria","status":"publish","type":"post","link":"https:\/\/diariodominicano.com\/?p=66314","title":{"rendered":"&#13;Consejo Nacional de Drogas deposita ofrenda floral en el Altar de la Patria"},"content":{"rendered":"<p><body><\/p>\n<p><span class=\"text1noticias\">Santo Domingo, RD 6 febrero.- El Consejo Nacional de Drogas rindi\u00f3 tributo a los forjadores de nuestra nacionalidad depositando una ofrenda floral  frente a los bustos de los padres Patria.<\/span><\/p>\n<p><span class=\"text1noticias\"> <\/span><\/p>\n<p><span class=\"text1noticias\">Con la interpretaci\u00f3n del himno nacional, a cargo de la banda de m\u00fasica del Cuerpo de Bomberos de Santo Domingo, se dio inicio al emotivo acto patri\u00f3tico.  En nombre de la instituci\u00f3n hizo uso de la palabra el encargado de investigaciones, Jorge Santana, quien valor\u00f3  las luchas que libraron los patriotas para legarnos  una naci\u00f3n libre de toda dominaci\u00f3n extranjera.<\/span><\/p>\n<p><span class=\"text1noticias\"> <\/span><\/p>\n<p><span class=\"text1noticias\">De igual manera realiz\u00f3 un recuento de los logros obtenidos hasta el momento por la instituci\u00f3n, donde se ha hecho especial \u00e9nfasis en proveer a los j\u00f3venes de estilos de vida saludables para alejarlos de los vicios, utilizando para estos fines los conocimientos del personal profesional y t\u00e9cnico de la instituci\u00f3n, aplicados en \u00e1reas como el deporte y sana recreaci\u00f3n, entre ellos, conviv\u00edos deportivos, recreativos, ferias  universitarias, concursos de pintura, entre otros.<\/span><\/p>\n<p><span class=\"text1noticias\"> <\/span><\/p>\n<p><span class=\"text1noticias\">As\u00edmismo, la continuaci\u00f3n de la aplicaci\u00f3n del Plan Nacional de Drogas 2008-2012, que plantea la reducci\u00f3n de la demanda y el control de la oferta de drogas, adem\u00e1s del funcionamiento del Observatorio Dominicano de Drogas.   Al acto asistieron funcionarios, encargados de programas, el personal t\u00e9cnico y administrativo, adem\u00e1s de  invitados especiales representativos de distintos sectores de la sociedad y miembros de la prensa<\/span>.<\/p>\n<\/p>\n<\/p>\n<h6> 2012-02-06 15:40:56 <\/h6>\n<p><!--\n<link rel=\"stylesheet\" href=\"css\/bootstrap.min.css\">\n\n\n<ul class=\"pagination\">\n\t    \n\t\n\n<li >\n\t<a href='?page_no=17991'>Previous<\/a>\n\t<\/li>\n\n\n       \n    \n\n<li><a href='?page_no=1'>1<\/a><\/li>\n\n\n\n<li><a href='?page_no=2'>2<\/a><\/li>\n\n\n\n<li><a>...<\/a><\/li>\n\n\n\n<li><a href='?page_no=17990'>17990<\/a><\/li>\n\n\n\n<li><a href='?page_no=17991'>17991<\/a><\/li>\n\n\n\n<li class='active'><a>17992<\/a><\/li>\n\n\n\n<li><a href='?page_no=17993'>17993<\/a><\/li>\n\n\n\n<li><a href='?page_no=17994'>17994<\/a><\/li>\n\n\n\n<li><a>...<\/a><\/li>\n\n\n\n<li><a href='?page_no=22911'>22911<\/a><\/li>\n\n\n\n<li><a href='?page_no=22912'>22912<\/a><\/li>\n\n    \n\t\n\n<li >\n\t<a href='?page_no=17993'>Next<\/a>\n\t<\/li>\n\n\n    \n\n<li><a href='?page_no=22912'>Last &rsaquo;&rsaquo;<\/a><\/li>\n\n<\/ul>\n\n\n--><br \/>\n<\/body><\/p>\n","protected":false},"excerpt":{"rendered":"<p>Santo Domingo, RD 6 febrero.- El Consejo Nacional de Drogas rindi\u00f3 tributo a los forjadores de nuestra nacionalidad depositando una ofrenda floral frente a los bustos de los padres Patria. Con la interpretaci\u00f3n del himno nacional, a cargo de la banda de m\u00fasica del Cuerpo de Bomberos de Santo Domingo, se dio inicio al emotivo [&hellip;]<\/p>\n","protected":false},"author":3,"featured_media":0,"comment_status":"open","ping_status":"open","sticky":false,"template":"","format":"standard","meta":{"footnotes":""},"categories":[21],"tags":[],"class_list":["post-66314","post","type-post","status-publish","format-standard","hentry","category-cultura"],"_links":{"self":[{"href":"https:\/\/diariodominicano.com\/index.php?rest_route=\/wp\/v2\/posts\/66314","targetHints":{"allow":["GET"]}}],"collection":[{"href":"https:\/\/diariodominicano.com\/index.php?rest_route=\/wp\/v2\/posts"}],"about":[{"href":"https:\/\/diariodominicano.com\/index.php?rest_route=\/wp\/v2\/types\/post"}],"author":[{"embeddable":true,"href":"https:\/\/diariodominicano.com\/index.php?rest_route=\/wp\/v2\/users\/3"}],"replies":[{"embeddable":true,"href":"https:\/\/diariodominicano.com\/index.php?rest_route=%2Fwp%2Fv2%2Fcomments&post=66314"}],"version-history":[{"count":0,"href":"https:\/\/diariodominicano.com\/index.php?rest_route=\/wp\/v2\/posts\/66314\/revisions"}],"wp:attachment":[{"href":"https:\/\/diariodominicano.com\/index.php?rest_route=%2Fwp%2Fv2%2Fmedia&parent=66314"}],"wp:term":[{"taxonomy":"category","embeddable":true,"href":"https:\/\/diariodominicano.com\/index.php?rest_route=%2Fwp%2Fv2%2Fcategories&post=66314"},{"taxonomy":"post_tag","embeddable":true,"href":"https:\/\/diariodominicano.com\/index.php?rest_route=%2Fwp%2Fv2%2Ftags&post=66314"}],"curies":[{"name":"wp","href":"https:\/\/api.w.org\/{rel}","templated":true}]}}