{"id":66313,"date":"2012-02-06T15:45:47","date_gmt":"2012-02-06T15:45:47","guid":{"rendered":"http:\/\/diariodominicano.ddns.net\/?p=66313"},"modified":"2012-02-06T15:45:47","modified_gmt":"2012-02-06T15:45:47","slug":"unphu-reconoce-a-mariano-defillo-ricart","status":"publish","type":"post","link":"https:\/\/diariodominicano.com\/?p=66313","title":{"rendered":"&#13;UNPHU reconoce a Mariano Defill\u00f3 Ricart"},"content":{"rendered":"<p><body><\/p>\n<p><span class=\"text1noticias\">Santo Domigo, RD 6 febrero.-La Universidad Nacional Pedro Henr\u00edquez Ure\u00f1a (UNPHU) reconoci\u00f3 al doctor Mariano Defill\u00f3 Ricart, por su excepcional trayectoria profesional.<\/span><\/p>\n<p><span class=\"text1noticias\"> <\/span><\/p>\n<p><span class=\"text1noticias\">La presentaci\u00f3n del homenajeado estuvo a cargo de Jos\u00e9 Javier Asilis Zaiter, decano de la Facultad de Ciencias de la Salud de la academia.<\/span><\/p>\n<p><span class=\"text1noticias\"> <\/span><\/p>\n<p><span class=\"text1noticias\">El pasado decano de dicha facultad, Carlos Montero Brens, dio las palabras de motivaci\u00f3n y ponderaci\u00f3n.<\/span><\/p>\n<p><span class=\"text1noticias\"> <\/span><\/p>\n<p><span class=\"text1noticias\">La entrega formal del reconocimiento y la imposici\u00f3n de la medalla de plata de la universidad fue realizada por el rector, Miguel Fiallo Calder\u00f3n.<\/span><\/p>\n<p><span class=\"text1noticias\"> <\/span><\/p>\n<p><span class=\"text1noticias\">La actividad fue realizada en el Auditorio Horacio \u00c1lvarez Savi\u00f1\u00f3n del recinto de Santo Domingo. Cont\u00f3 con la presencia de las principales autoridades acad\u00e9micas de la UNPHU, miembros de la Fundaci\u00f3n Universitaria Dominicana Pedro Henr\u00edquez Ure\u00f1a (FUDPHU), encabezada por su presidente, Eugenio Garrido Savi\u00f1\u00f3n, entre otros.<\/span><\/p>\n<p><span class=\"text1noticias\"> <\/span><\/p>\n<p><span class=\"text1noticias\">El homenajeado<\/span><\/p>\n<p><span class=\"text1noticias\"> <\/span><\/p>\n<p><span class=\"text1noticias\">Defill\u00f3 Ricart, es m\u00e9dico internista-cardi\u00f3logo, egresado de la Universidad de Santo Domingo y Especializado en el Instituto de Cardiolog\u00eda de Quebec, Montreal. <\/span><\/p>\n<p><span class=\"text1noticias\"> <\/span><\/p>\n<p><span class=\"text1noticias\">Tiene 50 a\u00f1os de ejercicio profesional y 33 a\u00f1os de actuaci\u00f3n en el Hospital Infantil Robert Read Cabral, fundador de la residencia de cardiolog\u00eda.<\/span><\/p>\n<p><span class=\"text1noticias\"> <\/span><\/p>\n<p><span class=\"text1noticias\">Maestro de la medicina dominicana, tiene por igual la distinci\u00f3n de Ludatio Acad\u00e9mico de la Academia de Ciencias, reconocimiento como Inmortal del Deporte, Orden de Duarte, S\u00e1nchez y Mella, as\u00ed como muchas otras. <\/span><\/p>\n<p><span class=\"text1noticias\"> <\/span><\/p>\n<p><span class=\"text1noticias\">Es uno de los hombres de ciencias m\u00e1s prol\u00edficos en publicaciones cient\u00edficas<\/span>.<\/p>\n<\/p>\n<h6> 2012-02-06 15:45:47 <\/h6>\n<p><!--\n<link rel=\"stylesheet\" href=\"css\/bootstrap.min.css\">\n\n\n<ul class=\"pagination\">\n\t    \n\t\n\n<li >\n\t<a href='?page_no=17990'>Previous<\/a>\n\t<\/li>\n\n\n       \n    \n\n<li><a href='?page_no=1'>1<\/a><\/li>\n\n\n\n<li><a href='?page_no=2'>2<\/a><\/li>\n\n\n\n<li><a>...<\/a><\/li>\n\n\n\n<li><a href='?page_no=17989'>17989<\/a><\/li>\n\n\n\n<li><a href='?page_no=17990'>17990<\/a><\/li>\n\n\n\n<li class='active'><a>17991<\/a><\/li>\n\n\n\n<li><a href='?page_no=17992'>17992<\/a><\/li>\n\n\n\n<li><a href='?page_no=17993'>17993<\/a><\/li>\n\n\n\n<li><a>...<\/a><\/li>\n\n\n\n<li><a href='?page_no=22911'>22911<\/a><\/li>\n\n\n\n<li><a href='?page_no=22912'>22912<\/a><\/li>\n\n    \n\t\n\n<li >\n\t<a href='?page_no=17992'>Next<\/a>\n\t<\/li>\n\n\n    \n\n<li><a href='?page_no=22912'>Last &rsaquo;&rsaquo;<\/a><\/li>\n\n<\/ul>\n\n\n--><br \/>\n<\/body><\/p>\n","protected":false},"excerpt":{"rendered":"<p>Santo Domigo, RD 6 febrero.-La Universidad Nacional Pedro Henr\u00edquez Ure\u00f1a (UNPHU) reconoci\u00f3 al doctor Mariano Defill\u00f3 Ricart, por su excepcional trayectoria profesional. La presentaci\u00f3n del homenajeado estuvo a cargo de Jos\u00e9 Javier Asilis Zaiter, decano de la Facultad de Ciencias de la Salud de la academia. El pasado decano de dicha facultad, Carlos Montero Brens, [&hellip;]<\/p>\n","protected":false},"author":3,"featured_media":0,"comment_status":"open","ping_status":"open","sticky":false,"template":"","format":"standard","meta":{"footnotes":""},"categories":[21],"tags":[],"class_list":["post-66313","post","type-post","status-publish","format-standard","hentry","category-cultura"],"_links":{"self":[{"href":"https:\/\/diariodominicano.com\/index.php?rest_route=\/wp\/v2\/posts\/66313","targetHints":{"allow":["GET"]}}],"collection":[{"href":"https:\/\/diariodominicano.com\/index.php?rest_route=\/wp\/v2\/posts"}],"about":[{"href":"https:\/\/diariodominicano.com\/index.php?rest_route=\/wp\/v2\/types\/post"}],"author":[{"embeddable":true,"href":"https:\/\/diariodominicano.com\/index.php?rest_route=\/wp\/v2\/users\/3"}],"replies":[{"embeddable":true,"href":"https:\/\/diariodominicano.com\/index.php?rest_route=%2Fwp%2Fv2%2Fcomments&post=66313"}],"version-history":[{"count":0,"href":"https:\/\/diariodominicano.com\/index.php?rest_route=\/wp\/v2\/posts\/66313\/revisions"}],"wp:attachment":[{"href":"https:\/\/diariodominicano.com\/index.php?rest_route=%2Fwp%2Fv2%2Fmedia&parent=66313"}],"wp:term":[{"taxonomy":"category","embeddable":true,"href":"https:\/\/diariodominicano.com\/index.php?rest_route=%2Fwp%2Fv2%2Fcategories&post=66313"},{"taxonomy":"post_tag","embeddable":true,"href":"https:\/\/diariodominicano.com\/index.php?rest_route=%2Fwp%2Fv2%2Ftags&post=66313"}],"curies":[{"name":"wp","href":"https:\/\/api.w.org\/{rel}","templated":true}]}}