{"id":66312,"date":"2012-02-06T16:08:16","date_gmt":"2012-02-06T16:08:16","guid":{"rendered":"http:\/\/diariodominicano.ddns.net\/?p=66312"},"modified":"2012-02-06T16:08:16","modified_gmt":"2012-02-06T16:08:16","slug":"circulara-edicion-pisar-los-dedos-de-dios-de-andres-l-mateo","status":"publish","type":"post","link":"https:\/\/diariodominicano.com\/?p=66312","title":{"rendered":"Circular\u00e1 edici\u00f3n Pisar los dedos de Dios, de Andr\u00e9s L. Mateo"},"content":{"rendered":"<p><body><\/p>\n<p><span class=\"text1noticias\">Santo Domingo, RD 6 febrero.- La Editorial Santuario pondr\u00e1 en circulaci\u00f3n este martes una nueva edici\u00f3n de la novela de Andr\u00e9s L. Mateo Pisar los dedos de Dios, actividad que tendr\u00e1 lugar en el sal\u00f3n de actos de la Librer\u00eda Cuesta, a partir de las seis y media de la tarde.<\/span><\/p>\n<p><span class=\"text1noticias\"> <\/span><\/p>\n<p><span class=\"text1noticias\">La presentaci\u00f3n de esta reedici\u00f3n de Editorial Santuario estar\u00e1 a cargo del profesor Olivier Batista Lemaire.<\/span><\/p>\n<p><span class=\"text1noticias\"> <\/span><\/p>\n<p><span class=\"text1noticias\">Publicada originalmente en el a\u00f1o 1979, con un pr\u00f3logo del escritor Marcio Veloz Maggiolo, Pisar los dedos de Dios es una novela experimental que ha tenido cinco ediciones y que transcurre en un colegio cat\u00f3lico en los d\u00edas finales de la \u00abEra de Trujillo\u00bb. Es una visi\u00f3n sicol\u00f3gica profunda de las incertidumbres y presiones de la \u00e9poca, caracterizadas por la polarizaci\u00f3n entre la vida y la palabra.<\/span><\/p>\n<p><span class=\"text1noticias\"> <\/span><\/p>\n<p><span class=\"text1noticias\">Cada cap\u00edtulo es narrado por un personaje, adquiriendo la dimensi\u00f3n de la novela que trabaja el punto de vista del narrador plural y al final el desenlace convoca a todos los personajes envueltos en una misma trama que parece tejida por el azar.<\/span><\/p>\n<p><span class=\"text1noticias\"> <\/span><\/p>\n<p><span class=\"text1noticias\">La Editorial Santuario se siente complacida de poner al alcance del p\u00fablico esta nueva edici\u00f3n de Pisar los dedos de Dios, de Andr\u00e9s L. Mateo, Premio Nacional de Literatura, autor de numerosos libros de la literatura nacional, columnista galardonado y uno de los escritores dominicanos m\u00e1s conocido<\/span>.<\/p>\n<h6> 2012-02-06 16:08:16 <\/h6>\n<p><!--\n<link rel=\"stylesheet\" href=\"css\/bootstrap.min.css\">\n\n\n<ul class=\"pagination\">\n\t    \n\t\n\n<li >\n\t<a href='?page_no=17989'>Previous<\/a>\n\t<\/li>\n\n\n       \n    \n\n<li><a href='?page_no=1'>1<\/a><\/li>\n\n\n\n<li><a href='?page_no=2'>2<\/a><\/li>\n\n\n\n<li><a>...<\/a><\/li>\n\n\n\n<li><a href='?page_no=17988'>17988<\/a><\/li>\n\n\n\n<li><a href='?page_no=17989'>17989<\/a><\/li>\n\n\n\n<li class='active'><a>17990<\/a><\/li>\n\n\n\n<li><a href='?page_no=17991'>17991<\/a><\/li>\n\n\n\n<li><a href='?page_no=17992'>17992<\/a><\/li>\n\n\n\n<li><a>...<\/a><\/li>\n\n\n\n<li><a href='?page_no=22911'>22911<\/a><\/li>\n\n\n\n<li><a href='?page_no=22912'>22912<\/a><\/li>\n\n    \n\t\n\n<li >\n\t<a href='?page_no=17991'>Next<\/a>\n\t<\/li>\n\n\n    \n\n<li><a href='?page_no=22912'>Last &rsaquo;&rsaquo;<\/a><\/li>\n\n<\/ul>\n\n\n--><br \/>\n<\/body><\/p>\n","protected":false},"excerpt":{"rendered":"<p>Santo Domingo, RD 6 febrero.- La Editorial Santuario pondr\u00e1 en circulaci\u00f3n este martes una nueva edici\u00f3n de la novela de Andr\u00e9s L. Mateo Pisar los dedos de Dios, actividad que tendr\u00e1 lugar en el sal\u00f3n de actos de la Librer\u00eda Cuesta, a partir de las seis y media de la tarde. La presentaci\u00f3n de esta [&hellip;]<\/p>\n","protected":false},"author":3,"featured_media":0,"comment_status":"open","ping_status":"open","sticky":false,"template":"","format":"standard","meta":{"footnotes":""},"categories":[21],"tags":[],"class_list":["post-66312","post","type-post","status-publish","format-standard","hentry","category-cultura"],"_links":{"self":[{"href":"https:\/\/diariodominicano.com\/index.php?rest_route=\/wp\/v2\/posts\/66312","targetHints":{"allow":["GET"]}}],"collection":[{"href":"https:\/\/diariodominicano.com\/index.php?rest_route=\/wp\/v2\/posts"}],"about":[{"href":"https:\/\/diariodominicano.com\/index.php?rest_route=\/wp\/v2\/types\/post"}],"author":[{"embeddable":true,"href":"https:\/\/diariodominicano.com\/index.php?rest_route=\/wp\/v2\/users\/3"}],"replies":[{"embeddable":true,"href":"https:\/\/diariodominicano.com\/index.php?rest_route=%2Fwp%2Fv2%2Fcomments&post=66312"}],"version-history":[{"count":0,"href":"https:\/\/diariodominicano.com\/index.php?rest_route=\/wp\/v2\/posts\/66312\/revisions"}],"wp:attachment":[{"href":"https:\/\/diariodominicano.com\/index.php?rest_route=%2Fwp%2Fv2%2Fmedia&parent=66312"}],"wp:term":[{"taxonomy":"category","embeddable":true,"href":"https:\/\/diariodominicano.com\/index.php?rest_route=%2Fwp%2Fv2%2Fcategories&post=66312"},{"taxonomy":"post_tag","embeddable":true,"href":"https:\/\/diariodominicano.com\/index.php?rest_route=%2Fwp%2Fv2%2Ftags&post=66312"}],"curies":[{"name":"wp","href":"https:\/\/api.w.org\/{rel}","templated":true}]}}