{"id":66311,"date":"2012-02-06T18:11:46","date_gmt":"2012-02-06T18:11:46","guid":{"rendered":"http:\/\/diariodominicano.ddns.net\/?p=66311"},"modified":"2012-02-06T18:11:46","modified_gmt":"2012-02-06T18:11:46","slug":"presentan-en-venezuela-la-trinchera-del-honor","status":"publish","type":"post","link":"https:\/\/diariodominicano.com\/?p=66311","title":{"rendered":"Presentan en Venezuela \u00abLa Trinchera del Honor\u00bb"},"content":{"rendered":"<p><body><\/p>\n<p><img decoding=\"async\" src=\"img3\/Rene Fortunato.JPG\" \/>  <\/p>\n<p><span class=\"text1noticias\">Venezuela, 6 de Febrero.- En quince salas de cine esparcidas por todo el territorio venezolano se present\u00f3 el largometraje documental dominicano \u00abAbril: La Trinchera del Honor\u00bb, dentro de los actos conmemorativos del veinte aniversario de la rebeli\u00f3n militar encabezada por el entonces coronel Hugo Ch\u00e1vez, el 4 de febrero de 1992.<\/span><\/p>\n<p><span class=\"text1noticias\"> <\/span><\/p>\n<p><span class=\"text1noticias\">La producci\u00f3n cinematogr\u00e1fica dominicana, dirigida por Ren\u00e9 Fortunato, se presento dentro de la muestra titulada \u00abRevoluciones\u00bb, la cual se inaugur\u00f3 el primero de febrero y concluir\u00e1 el d\u00eda ocho de este mes. Dentro de esta muestra se presentan tambi\u00e9n  \u00abLa quinta frontera\u00bb (1974) de Pastor Vega;\u00bbCapitanes de abril\u00bb (1997) de Mar\u00eda de Madeiros; \u00ab1992 el descubrimiento\u00bb (juzgar o ser juzgados) de Liliana Blazer y \u00abAmaneci\u00f3 de golpe\u00bb (1998) y \u00ab4 de febrero de 1992\u00bb (2012), ambos de Carlos Azp\u00farua, entre otros.<\/span><\/p>\n<p><span class=\"text1noticias\"> <\/span><\/p>\n<p><span class=\"text1noticias\">La muestra \u00abRevoluciones\u00bb fue organizada por el Ministerio del Poder Popular para la Cultura, a trav\u00e9s de la Cinemateca Nacional de Venezuela, la cual la est\u00e1 presentando en las quince salas de proyecci\u00f3n que tiene en diferentes ciudades  del territorio venezolano.<\/span><\/p>\n<p><span class=\"text1noticias\"> <\/span><\/p>\n<p><span class=\"text1noticias\">El presidente de la Fundaci\u00f3n Cinemateca Nacional, Javier Sarabia, invito al pueblo venezolano a asistir a las presentaciones ya que \u00abpodr\u00e1n conocer m\u00e1s las historias de luchas revolucionarias independentistas venezolanas y de los patriotas de uniforme que en el mundo han defendido a sus pueblos y sus conquistas.\u00bb<\/span><\/p>\n<p><span class=\"text1noticias\"> <\/span><\/p>\n<p><span class=\"text1noticias\">Rene Fortunato al comentar esta presentaci\u00f3n popular de su trabajo  en Venezuela, junto al de otros realizadores de prestigio en Latinoam\u00e9rica, dijo que esto significa un reconocimiento a la calidad profesional del cine documental que realiza, pero sobre todo un reconocimiento ala valent\u00eda del pueblo dominicano, puesta de manifiesto en la gesta de abril de 1965, bajo el liderazgo del Coronel Francisco Alberto Caama\u00f1o De\u00f1o.<\/span><\/p>\n<p><span class=\"text1noticias\"> <\/span><\/p>\n<p><span class=\"text1noticias\">La informaci\u00f3n sobre las presentaciones de La Trinchera del Honor en Venezuela est\u00e1n en el sitio web del Ministerio del Poder Popular para  la Cultura y en el sitio web de la Cinemateca Nacional, donde aparece la programaci\u00f3n de las diferentes salas de cine, los horarios, la direcci\u00f3n y su ubicaci\u00f3n en los diferentes estado donde se encuentran. \/\/ www.cinemateca.gob.ve<\/span>.<\/p>\n<\/p>\n<h6> 2012-02-06 18:11:46 <\/h6>\n<p><!--\n<link rel=\"stylesheet\" href=\"css\/bootstrap.min.css\">\n\n\n<ul class=\"pagination\">\n\t    \n\t\n\n<li >\n\t<a href='?page_no=17988'>Previous<\/a>\n\t<\/li>\n\n\n       \n    \n\n<li><a href='?page_no=1'>1<\/a><\/li>\n\n\n\n<li><a href='?page_no=2'>2<\/a><\/li>\n\n\n\n<li><a>...<\/a><\/li>\n\n\n\n<li><a href='?page_no=17987'>17987<\/a><\/li>\n\n\n\n<li><a href='?page_no=17988'>17988<\/a><\/li>\n\n\n\n<li class='active'><a>17989<\/a><\/li>\n\n\n\n<li><a href='?page_no=17990'>17990<\/a><\/li>\n\n\n\n<li><a href='?page_no=17991'>17991<\/a><\/li>\n\n\n\n<li><a>...<\/a><\/li>\n\n\n\n<li><a href='?page_no=22911'>22911<\/a><\/li>\n\n\n\n<li><a href='?page_no=22912'>22912<\/a><\/li>\n\n    \n\t\n\n<li >\n\t<a href='?page_no=17990'>Next<\/a>\n\t<\/li>\n\n\n    \n\n<li><a href='?page_no=22912'>Last &rsaquo;&rsaquo;<\/a><\/li>\n\n<\/ul>\n\n\n--><br \/>\n<\/body><\/p>\n","protected":false},"excerpt":{"rendered":"<p>Venezuela, 6 de Febrero.- En quince salas de cine esparcidas por todo el territorio venezolano se present\u00f3 el largometraje documental dominicano \u00abAbril: La Trinchera del Honor\u00bb, dentro de los actos conmemorativos del veinte aniversario de la rebeli\u00f3n militar encabezada por el entonces coronel Hugo Ch\u00e1vez, el 4 de febrero de 1992. La producci\u00f3n cinematogr\u00e1fica dominicana, [&hellip;]<\/p>\n","protected":false},"author":3,"featured_media":0,"comment_status":"open","ping_status":"open","sticky":false,"template":"","format":"standard","meta":{"footnotes":""},"categories":[21],"tags":[],"class_list":["post-66311","post","type-post","status-publish","format-standard","hentry","category-cultura"],"_links":{"self":[{"href":"https:\/\/diariodominicano.com\/index.php?rest_route=\/wp\/v2\/posts\/66311","targetHints":{"allow":["GET"]}}],"collection":[{"href":"https:\/\/diariodominicano.com\/index.php?rest_route=\/wp\/v2\/posts"}],"about":[{"href":"https:\/\/diariodominicano.com\/index.php?rest_route=\/wp\/v2\/types\/post"}],"author":[{"embeddable":true,"href":"https:\/\/diariodominicano.com\/index.php?rest_route=\/wp\/v2\/users\/3"}],"replies":[{"embeddable":true,"href":"https:\/\/diariodominicano.com\/index.php?rest_route=%2Fwp%2Fv2%2Fcomments&post=66311"}],"version-history":[{"count":0,"href":"https:\/\/diariodominicano.com\/index.php?rest_route=\/wp\/v2\/posts\/66311\/revisions"}],"wp:attachment":[{"href":"https:\/\/diariodominicano.com\/index.php?rest_route=%2Fwp%2Fv2%2Fmedia&parent=66311"}],"wp:term":[{"taxonomy":"category","embeddable":true,"href":"https:\/\/diariodominicano.com\/index.php?rest_route=%2Fwp%2Fv2%2Fcategories&post=66311"},{"taxonomy":"post_tag","embeddable":true,"href":"https:\/\/diariodominicano.com\/index.php?rest_route=%2Fwp%2Fv2%2Ftags&post=66311"}],"curies":[{"name":"wp","href":"https:\/\/api.w.org\/{rel}","templated":true}]}}