{"id":66309,"date":"2012-02-06T19:19:56","date_gmt":"2012-02-06T19:19:56","guid":{"rendered":"http:\/\/diariodominicano.ddns.net\/?p=66309"},"modified":"2012-02-06T19:19:56","modified_gmt":"2012-02-06T19:19:56","slug":"anuncian-ciclo-pre-inaugural-de-la-feria-del-libro-3","status":"publish","type":"post","link":"https:\/\/diariodominicano.com\/?p=66309","title":{"rendered":"&#13;&#13;Anuncian Ciclo Pre Inaugural de la Feria del Libro"},"content":{"rendered":"<p><body><\/p>\n<p><img decoding=\"async\" src=\"http:\/\/localhost:8080\/img3\/feria 1.JPG\" \/>  <\/p>\n<p><span class=\"text1noticias\">SANTO DOMINGO, 06 Feb 2012.-Con una conferencia sobre la poes\u00eda de Rub\u00e9n Dar\u00edo y Ernesto Cardenal se iniciar\u00e1 el pr\u00f3ximo 23 de febrero, el Ciclo Pre Inaugural de la Feria del Libro, que cada a\u00f1o se realiza en los meses previos al magno evento.<\/span><\/p>\n<\/p>\n<p><span class=\"text1noticias\">La disertaci\u00f3n sobre el tema \u00abLas po\u00e9ticas de Rub\u00e9n Dar\u00edo y Ernesto Cardenal, distancias y acercamientos\u00bb estar\u00e1 a cargo del escritor C\u00e9sar S\u00e1nchez Beras, quien reside en Boston. La actividad tendr\u00e1 lugar el jueves 23 de febrero, a las 8 de la noche, en el Museo de las Casas Reales.<\/span><\/p>\n<\/p>\n<p><span class=\"text1noticias\">El anuncio lo hizo Alejandro Arvelo, director general de la Feria del Libro, quien inform\u00f3 que el programa continuar\u00e1 el mi\u00e9rcoles 29, con la realizaci\u00f3n de La Noche Brava del Libro, de 6 de la tarde a 10 de la noche, en la Librer\u00eda de Cultura, de la calle de Las Atarazanas. <\/span><\/p>\n<\/p>\n<p><span class=\"text1noticias\">Durante cuatro horas se vender\u00e1n los libros de las colecciones del Ministerio de Cultura con descuentos de hasta 70%. Diversos autores se unir\u00e1n a estas ventas con importantes descuentos de sus libros. Habr\u00e1 recitales de m\u00fasica, poes\u00eda y cuentos, as\u00ed como brindis para los asistentes.<\/span><\/p>\n<\/p>\n<p><span class=\"text1noticias\">Los d\u00edas 24 y 25 de febrero se realizar\u00e1 el Primer Seminario sobre la Cr\u00edtica Literaria en la Rep\u00fablica Dominicana, con la presencia de 22 expositores nacionales y extranjeros. El evento se desarrollar\u00e1 durante esos dos d\u00edas, de 9 de la ma\u00f1ana a 6 de la tarde, en el Hotel Intercontinental Quinto Centenario.<\/span><\/p>\n<p><span class=\"text1noticias\"> <\/span><\/p>\n<p><span class=\"text1noticias\">Del 1 al 7 de marzo se desarrollar\u00e1 en la Cinemateca Dominicana el Ciclo de Cine de Mar\u00eda Mont\u00e9s, con pel\u00edculas de la diva hollywoodense, nativa de Barahona, de quien se cumplen cien a\u00f1os de su nacimiento en junio pr\u00f3ximo.<\/span><\/p>\n<\/p>\n<p><span class=\"text1noticias\">El historiador Wenceslao Vega disertar\u00e1 el martes 20 de marzo, a las 8 de la noche, sobre el \u00abImpacto de la Constituci\u00f3n de C\u00e1diz en la vida cotidiana e institucional dominicana\u00bb, evento que se desarrollar\u00e1 en el auditorio de la Fundaci\u00f3n Global Democracia y Desarrollo (FUNGLODE). Este a\u00f1o se conmemora el bicentenario de la Constituci\u00f3n de C\u00e1diz.<\/span><\/p>\n<\/p>\n<p><span class=\"text1noticias\">La novela \u00abAnadel\u00bb de Julio Vega Batlle, ser\u00e1 puesta a circular el jueves 22 de marzo, a las 8 de la noche, en el Museo de las Casas Reales. La novela, originalmente publicada en 1973, y nunca despu\u00e9s reeditada, se publicar\u00e1 con el sello Ediciones de Cultura 39 a\u00f1os despu\u00e9s de su \u00fanica edici\u00f3n. <\/span><\/p>\n<\/p>\n<p><span class=\"text1noticias\">El Ministro de Cultura, Jos\u00e9 Rafael Lantigua, tendr\u00e1 a su cargo la presentaci\u00f3n de la obra.<\/span><\/p>\n<\/p>\n<p><span class=\"text1noticias\">La Noche Brava del Libro volver\u00e1 a reeditarse el mi\u00e9rcoles 28 de marzo, de 6 a 10 de la noche, en la Librer\u00eda de Cultura, con excepcionales descuentos y ofertas, mientras que del 10 al 17 de abril se realizar\u00e1 el Ciclo de Cine Centroamericano en la Cinemateca Dominicana. Los pa\u00edses de Centroam\u00e9rica son los invitados de honor de la Feria Internacional del Libro de este a\u00f1o.<\/span><\/p>\n<\/p>\n<p><span class=\"text1noticias\">El Pre-ferial de narrativa se realizar\u00e1 el mi\u00e9rcoles 7 de abril, en la Librer\u00eda Cuesta, a las 6 de la tarde. En esa actividad, la Editora Nacional pondr\u00e1 a circular cinco nuevas obras de novelistas y cuentistas dominicanos. Las obras a circular son: \u00abTodo por culpa de Lemsky\u00bb de Di\u00f3genes Valdez; \u00abLa verdadera historia del General\u00edsimo\u00bb de Haffe Serulle; \u00abEl libro de cristal. Cuentos premiados\u00bb de Aquiles Juli\u00e1n; \u00abEl otro c\u00edrculo\u00bb, todos los cuentos y cuatro novelas breves, de Luis R. Santos, y \u00abBocanadas de chimenea\u00bb, cuentos completos de Miguel Phipps.<\/span><\/p>\n<\/p>\n<p><span class=\"text1noticias\">El jueves 12 de abril, a las 6 de la tarde, se realizar\u00e1 la presentaci\u00f3n de las obras literarias que las unidades editoriales del Ministerio de Cultura circular\u00e1n dentro del programa de la Feria del Libro. La tradicional actividad tendr\u00e1 lugar en la Sala de Arte Ram\u00f3n Oviedo.<\/span><\/p>\n<\/p>\n<p><span class=\"text1noticias\">Finalmente, el viernes 13 de abril, se clausurar\u00e1 el Ciclo Pre Inaugural de la Feria del Libro, con la presentaci\u00f3n de la obra \u00abDe cementerios, barones y tumbas. M\u00faltiples caras de la muerte en la cultura y la literatura dominicana\u00bb, de la autor\u00eda del reconocido investigador y escritor Franklin Guti\u00e9rrez, catedr\u00e1tico del York College, de New York.  El acto se llevar\u00e1  a cabo, a las 7:30 de la noche, en la Sala de la Cultura Aida Bonelly de D\u00edaz, del Teatro Nacional Eduardo Brito.<\/span><\/p>\n<\/p>\n<p><span class=\"text1noticias\">La Feria Internacional del Libro, que este a\u00f1o cumple su 15\u00ba aniversario, se realizar\u00e1 el 18 de abril al 6 de mayo, en la Plaza de la Cultura Juan Pablo Duarte, dedicada al notable poeta, narrador y ensayista Enriquillo S\u00e1nchez. <\/span><\/p>\n<\/p>\n<p><span class=\"text1noticias\">Los pa\u00edses de Centroam\u00e9rica ?Belice, Costa Rica, El Salvador, Guatemala, Honduras, Nicaragua y Panam\u00e1- son los invitados de honor del magno evento, que igualmente conmemorar\u00e1 en su amplio programa los centenarios de nacimiento del poeta H\u00e9ctor Inch\u00e1ustegui Cabral, del poeta y pintor Eugenio Fern\u00e1ndez Granell, miembro de La Poes\u00eda Sorprendida, y de la actriz Mar\u00eda Mont\u00e9s.<\/span><\/p>\n<\/p>\n<\/p>\n<\/p>\n<\/p>\n<h6> 2012-02-06 19:19:56 <\/h6>\n<p><!--\n<link rel=\"stylesheet\" href=\"css\/bootstrap.min.css\">\n\n\n<ul class=\"pagination\">\n\t    \n\t\n\n<li >\n\t<a href='?page_no=17986'>Previous<\/a>\n\t<\/li>\n\n\n       \n    \n\n<li><a href='?page_no=1'>1<\/a><\/li>\n\n\n\n<li><a href='?page_no=2'>2<\/a><\/li>\n\n\n\n<li><a>...<\/a><\/li>\n\n\n\n<li><a href='?page_no=17985'>17985<\/a><\/li>\n\n\n\n<li><a href='?page_no=17986'>17986<\/a><\/li>\n\n\n\n<li class='active'><a>17987<\/a><\/li>\n\n\n\n<li><a href='?page_no=17988'>17988<\/a><\/li>\n\n\n\n<li><a href='?page_no=17989'>17989<\/a><\/li>\n\n\n\n<li><a>...<\/a><\/li>\n\n\n\n<li><a href='?page_no=22911'>22911<\/a><\/li>\n\n\n\n<li><a href='?page_no=22912'>22912<\/a><\/li>\n\n    \n\t\n\n<li >\n\t<a href='?page_no=17988'>Next<\/a>\n\t<\/li>\n\n\n    \n\n<li><a href='?page_no=22912'>Last &rsaquo;&rsaquo;<\/a><\/li>\n\n<\/ul>\n\n\n--><br \/>\n<\/body><\/p>\n","protected":false},"excerpt":{"rendered":"<p>SANTO DOMINGO, 06 Feb 2012.-Con una conferencia sobre la poes\u00eda de Rub\u00e9n Dar\u00edo y Ernesto Cardenal se iniciar\u00e1 el pr\u00f3ximo 23 de febrero, el Ciclo Pre Inaugural de la Feria del Libro, que cada a\u00f1o se realiza en los meses previos al magno evento. La disertaci\u00f3n sobre el tema \u00abLas po\u00e9ticas de Rub\u00e9n Dar\u00edo y [&hellip;]<\/p>\n","protected":false},"author":3,"featured_media":0,"comment_status":"open","ping_status":"open","sticky":false,"template":"","format":"standard","meta":{"footnotes":""},"categories":[21],"tags":[],"class_list":["post-66309","post","type-post","status-publish","format-standard","hentry","category-cultura"],"_links":{"self":[{"href":"https:\/\/diariodominicano.com\/index.php?rest_route=\/wp\/v2\/posts\/66309","targetHints":{"allow":["GET"]}}],"collection":[{"href":"https:\/\/diariodominicano.com\/index.php?rest_route=\/wp\/v2\/posts"}],"about":[{"href":"https:\/\/diariodominicano.com\/index.php?rest_route=\/wp\/v2\/types\/post"}],"author":[{"embeddable":true,"href":"https:\/\/diariodominicano.com\/index.php?rest_route=\/wp\/v2\/users\/3"}],"replies":[{"embeddable":true,"href":"https:\/\/diariodominicano.com\/index.php?rest_route=%2Fwp%2Fv2%2Fcomments&post=66309"}],"version-history":[{"count":0,"href":"https:\/\/diariodominicano.com\/index.php?rest_route=\/wp\/v2\/posts\/66309\/revisions"}],"wp:attachment":[{"href":"https:\/\/diariodominicano.com\/index.php?rest_route=%2Fwp%2Fv2%2Fmedia&parent=66309"}],"wp:term":[{"taxonomy":"category","embeddable":true,"href":"https:\/\/diariodominicano.com\/index.php?rest_route=%2Fwp%2Fv2%2Fcategories&post=66309"},{"taxonomy":"post_tag","embeddable":true,"href":"https:\/\/diariodominicano.com\/index.php?rest_route=%2Fwp%2Fv2%2Ftags&post=66309"}],"curies":[{"name":"wp","href":"https:\/\/api.w.org\/{rel}","templated":true}]}}