{"id":66308,"date":"2012-02-06T19:38:42","date_gmt":"2012-02-06T19:38:42","guid":{"rendered":"http:\/\/diariodominicano.ddns.net\/?p=66308"},"modified":"2012-02-06T19:38:42","modified_gmt":"2012-02-06T19:38:42","slug":"daddy-yankee-se-corona-como-el-rey-del-carnaval-vegano","status":"publish","type":"post","link":"https:\/\/diariodominicano.com\/?p=66308","title":{"rendered":"Daddy Yankee se corona como el Rey del Carnaval Vegano"},"content":{"rendered":"<p><body><\/p>\n<p><img decoding=\"async\" src=\"img3\/Daddy yankee carnaval.jpg\" \/>  <\/p>\n<p><span class=\"text1noticias\">LA VEGA, 06 Feb 2012.-Con la presencia de m\u00e1s de 20 mil personas, el Grupo Medrano y Brahma Light dieron inicio a la primera noche del Carnaval Vegano. <\/span><\/p>\n<\/p>\n<p><span class=\"text1noticias\">Esta cont\u00f3 con la participaci\u00f3n del \u00abCangri\u00bb Daddy Yankee, teniendo como escenario el Estadio Ol\u00edmpico de esta ciudad culta y ol\u00edmpica.<\/span><\/p>\n<p><span class=\"text1noticias\"> <\/span><\/p>\n<p><span class=\"text1noticias\">El evento de apertura del carnaval 2012, inici\u00f3 a las 7:00 p.m con la mezcla de Dj. Scuff, quien calent\u00f3 la pista del lugar que fue llen\u00e1ndose cada minuto de personas que buscaban cerrar con broche de oro la noche del domingo.<\/span><\/p>\n<p><span class=\"text1noticias\"> <\/span><\/p>\n<p><span class=\"text1noticias\">A las 8:40 p.m a ritmo de su m\u00e1s reciente hits  \u00abLovumba\u00bb con un despliegue de luces y bailarines, sali\u00f3 a escena Raymond Ayala, nombre de pila del boricua, enloqueciendo, poniendo a bailar y a disfrutar a toda la fanaticada que all\u00ed se dio cita, interpretando temas tan populares como \u00abPose\u00bb y \u00abDescontrol\u00bb adem\u00e1s de un remix de Cl\u00e1sicos de los 90? logrando que cada uno de los asistentes viajaran en el tiempo con la m\u00fasica del reguetonero.<\/span><\/p>\n<p><span class=\"text1noticias\"> <\/span><\/p>\n<p><span class=\"text1noticias\">Luego de interpretar algunos \u00e9xitos, el autor de \u00abLa Gasolina\u00bb recibi\u00f3 un reconocimiento de parte de Roberto Rodr\u00edguez, en nombre del Grupo Medrano, por ser el artista que ha reunido m\u00e1s espectadores en el Estadio de la Vega.<\/span><\/p>\n<p><span class=\"text1noticias\"> <\/span><\/p>\n<p><span class=\"text1noticias\">Yankee continu\u00f3 el show poniendo a saltar  e interactuar a todos los presentes con los temas \u00abArriba Celulares\u00bb y \u00abMachete\u00bb.<\/span><\/p>\n<p><span class=\"text1noticias\"> <\/span><\/p>\n<p><span class=\"text1noticias\">Con su popular canci\u00f3n \u00abDesaf\u00edo\u00bb, el multiganador del Grammy concluy\u00f3 su participaci\u00f3n de 50 minutos dejando a todos los presentes alegres.<\/span><\/p>\n<p><span class=\"text1noticias\"> <\/span><\/p>\n<\/p>\n<h6> 2012-02-06 19:38:42 <\/h6>\n<p><!--\n<link rel=\"stylesheet\" href=\"css\/bootstrap.min.css\">\n\n\n<ul class=\"pagination\">\n\t    \n\t\n\n<li >\n\t<a href='?page_no=17985'>Previous<\/a>\n\t<\/li>\n\n\n       \n    \n\n<li><a href='?page_no=1'>1<\/a><\/li>\n\n\n\n<li><a href='?page_no=2'>2<\/a><\/li>\n\n\n\n<li><a>...<\/a><\/li>\n\n\n\n<li><a href='?page_no=17984'>17984<\/a><\/li>\n\n\n\n<li><a href='?page_no=17985'>17985<\/a><\/li>\n\n\n\n<li class='active'><a>17986<\/a><\/li>\n\n\n\n<li><a href='?page_no=17987'>17987<\/a><\/li>\n\n\n\n<li><a href='?page_no=17988'>17988<\/a><\/li>\n\n\n\n<li><a>...<\/a><\/li>\n\n\n\n<li><a href='?page_no=22911'>22911<\/a><\/li>\n\n\n\n<li><a href='?page_no=22912'>22912<\/a><\/li>\n\n    \n\t\n\n<li >\n\t<a href='?page_no=17987'>Next<\/a>\n\t<\/li>\n\n\n    \n\n<li><a href='?page_no=22912'>Last &rsaquo;&rsaquo;<\/a><\/li>\n\n<\/ul>\n\n\n--><br \/>\n<\/body><\/p>\n","protected":false},"excerpt":{"rendered":"<p>LA VEGA, 06 Feb 2012.-Con la presencia de m\u00e1s de 20 mil personas, el Grupo Medrano y Brahma Light dieron inicio a la primera noche del Carnaval Vegano. Esta cont\u00f3 con la participaci\u00f3n del \u00abCangri\u00bb Daddy Yankee, teniendo como escenario el Estadio Ol\u00edmpico de esta ciudad culta y ol\u00edmpica. El evento de apertura del carnaval [&hellip;]<\/p>\n","protected":false},"author":3,"featured_media":0,"comment_status":"open","ping_status":"open","sticky":false,"template":"","format":"standard","meta":{"footnotes":""},"categories":[21],"tags":[],"class_list":["post-66308","post","type-post","status-publish","format-standard","hentry","category-cultura"],"_links":{"self":[{"href":"https:\/\/diariodominicano.com\/index.php?rest_route=\/wp\/v2\/posts\/66308","targetHints":{"allow":["GET"]}}],"collection":[{"href":"https:\/\/diariodominicano.com\/index.php?rest_route=\/wp\/v2\/posts"}],"about":[{"href":"https:\/\/diariodominicano.com\/index.php?rest_route=\/wp\/v2\/types\/post"}],"author":[{"embeddable":true,"href":"https:\/\/diariodominicano.com\/index.php?rest_route=\/wp\/v2\/users\/3"}],"replies":[{"embeddable":true,"href":"https:\/\/diariodominicano.com\/index.php?rest_route=%2Fwp%2Fv2%2Fcomments&post=66308"}],"version-history":[{"count":0,"href":"https:\/\/diariodominicano.com\/index.php?rest_route=\/wp\/v2\/posts\/66308\/revisions"}],"wp:attachment":[{"href":"https:\/\/diariodominicano.com\/index.php?rest_route=%2Fwp%2Fv2%2Fmedia&parent=66308"}],"wp:term":[{"taxonomy":"category","embeddable":true,"href":"https:\/\/diariodominicano.com\/index.php?rest_route=%2Fwp%2Fv2%2Fcategories&post=66308"},{"taxonomy":"post_tag","embeddable":true,"href":"https:\/\/diariodominicano.com\/index.php?rest_route=%2Fwp%2Fv2%2Ftags&post=66308"}],"curies":[{"name":"wp","href":"https:\/\/api.w.org\/{rel}","templated":true}]}}