{"id":66306,"date":"2012-02-06T20:08:00","date_gmt":"2012-02-06T20:08:00","guid":{"rendered":"http:\/\/diariodominicano.ddns.net\/?p=66306"},"modified":"2012-02-06T20:08:00","modified_gmt":"2012-02-06T20:08:00","slug":"entidades-gubernamentales-en-rd-rinden-honor-al-padre-de-la-patria","status":"publish","type":"post","link":"https:\/\/diariodominicano.com\/?p=66306","title":{"rendered":"Entidades gubernamentales en RD rinden honor al Padre de la Patria"},"content":{"rendered":"<p><body><\/p>\n<p><img decoding=\"async\" src=\"img3\/ofrenda.JPG\" \/><br \/><img decoding=\"async\" src=\"img3\/iadafrenda.JPG\" \/>  <\/p>\n<p><span class=\"text1noticias\">Rep.Dom, 6 de Febrero.- Conmotivo al mes de la Patria varias instituciones del gobierno dominicano rinde honor al ide\u00f3logo de la nacionalidad del pa\u00eds caribe\u00f1o.<\/span><\/p>\n<\/p>\n<p><span class=\"text1noticias\">En esta ocasi\u00f3n las entidades que han depostado ofrenda floral al busto de Juan Pablo Duarte figuran: el Banco Agricola y el Instituto Agrario Dominicano.<\/span><\/p>\n<\/p>\n<p><span class=\"text1noticias\">El Administrador General del Banco Agr\u00edcola exhort\u00f3 a los servidores de la instituci\u00f3n a seguir esforz\u00e1ndose para que nuestra naci\u00f3n sea libre,  soberana e independiente en cuanto a la seguridad alimentaria, propiciando la soluci\u00f3n de las necesidades del campo,  el mejoramiento del ingreso,  del empleo y de la calidad de vida de las familias campesinas.<\/span><\/p>\n<\/p>\n<p><span class=\"text1noticias\">El ingeniero Pa\u00edno Abreu Collado ponder\u00f3 la abnegaci\u00f3n del forjador de la nacionalidad y destac\u00f3 que su entrega debe ser recordada cada d\u00eda en el hogar, en el trabajo y en las las instituciones y organizaciones del pa\u00eds, para seguir avanzando en la tarea iniciada por quienes nos legaron el territorio, el escudo y la bandera dominicana.<\/span><\/p>\n<\/p>\n<p><span class=\"text1noticias\">\u00abDe esa manera los hombres y las mujeres de nuestros campos no se ver\u00edan tentados a emigrar,  porque podr\u00edan vivir dignamente del cultivo de la tierra y la ganader\u00eda\u00bb, apunt\u00f3 el funcionario.<\/span><\/p>\n<\/p>\n<p><span class=\"text1noticias\">El ingeniero Pa\u00edno Abreu igualmente areng\u00f3 a los empleados del Bagr\u00edcola a mantener el empe\u00f1o para que sean cubiertas las necesidades financieras de quienes est\u00e1n llamados a producir las materias primas, los insumos y los alimentos que consume el pa\u00eds,  o que se destinan a la exportaci\u00f3n.<\/span><\/p>\n<\/p>\n<p><span class=\"text1noticias\">La independencia dominicana de hoy no se circunscribe a la liberaci\u00f3n de una potencia extranjera o de un gobierno opresor,  pues vivimos en una democracia con pleno ejercicio de las libertades p\u00fablicas y franco desarrollo de las instituciones del Estado, explic\u00f3 el Administrador General del Banco Agr\u00edcola.<\/span><\/p>\n<\/p>\n<p><span class=\"text1noticias\">A lo que estamos abocados en el presente es a mejorar la educaci\u00f3n de nuestro pueblo y a ser exitosos en la competencia por los mercados en un mundo cada vez m\u00e1s interdependiente, al tiempo de asegurar la autosuficiencia alimentaria mediante un desarrollo agropecuario que garantice mejor  vida a nuestros productores y suministros de \u00f3ptima calidad a los consumidores.<\/span><\/p>\n<p><span class=\"text1noticias\">  <\/span><\/p>\n<p><span class=\"text1noticias\">El ingeniero Pa\u00edno Abreu Collado habl\u00f3 en el inicio del mes de la patria, durante un acto de exaltaci\u00f3n de los valores patrios, donde se rindi\u00f3 homenaje al patricio  Juan Pablo Duarte con motivo del 199 aniversario de su nacimiento.<\/span><\/p>\n<\/p>\n<p><span class=\"text1noticias\">Adem\u00e1s del ingeniero Abreu Collado, en la actividad participaron funcionarios y empleados del Bagr\u00edcola, as\u00ed como el ex subadministrador general de esa entidad y miembro del Instituto Duartiano, doctor Dar\u00edo Bencosme, quienes depositaron una ofrenda floral al pie del busto del creador de la nacionalidad, situado en  la parte frontal del Banco Agr\u00edcola.<\/span><\/p>\n<\/p>\n<p><span class=\"text1noticias\">As\u00ed tambi\u00e9n, El Instituto Agrario Dominicano IAD deposit\u00f3 una Ofrenda Floral en el Altar de la Patria, con motivo del mes de la Patria. La misma fue encabezada por el director de ese organismo, ingeniero Juan Rodriguez Ram\u00edrez, quien al hablar en el mausoleo reitero el compromiso del Presidente Leonel Fern\u00e1ndez, de seguir impulsando una reforma agraria en favor de los campesinos mas necesitados del pa\u00eds. El funcionario estuvo acompa\u00f1ado de los subdirectores de esa instituci\u00f3n Daniel Martinez y Fausto Monegro, Encargado Departamentales y de todo el personal   de esa dependencia<\/span>.<\/p>\n<h6> 2012-02-06 20:08:00 <\/h6>\n<p><!--\n<link rel=\"stylesheet\" href=\"css\/bootstrap.min.css\">\n\n\n<ul class=\"pagination\">\n\t    \n\t\n\n<li >\n\t<a href='?page_no=17983'>Previous<\/a>\n\t<\/li>\n\n\n       \n    \n\n<li><a href='?page_no=1'>1<\/a><\/li>\n\n\n\n<li><a href='?page_no=2'>2<\/a><\/li>\n\n\n\n<li><a>...<\/a><\/li>\n\n\n\n<li><a href='?page_no=17982'>17982<\/a><\/li>\n\n\n\n<li><a href='?page_no=17983'>17983<\/a><\/li>\n\n\n\n<li class='active'><a>17984<\/a><\/li>\n\n\n\n<li><a href='?page_no=17985'>17985<\/a><\/li>\n\n\n\n<li><a href='?page_no=17986'>17986<\/a><\/li>\n\n\n\n<li><a>...<\/a><\/li>\n\n\n\n<li><a href='?page_no=22911'>22911<\/a><\/li>\n\n\n\n<li><a href='?page_no=22912'>22912<\/a><\/li>\n\n    \n\t\n\n<li >\n\t<a href='?page_no=17985'>Next<\/a>\n\t<\/li>\n\n\n    \n\n<li><a href='?page_no=22912'>Last &rsaquo;&rsaquo;<\/a><\/li>\n\n<\/ul>\n\n\n--><br \/>\n<\/body><\/p>\n","protected":false},"excerpt":{"rendered":"<p>Rep.Dom, 6 de Febrero.- Conmotivo al mes de la Patria varias instituciones del gobierno dominicano rinde honor al ide\u00f3logo de la nacionalidad del pa\u00eds caribe\u00f1o. En esta ocasi\u00f3n las entidades que han depostado ofrenda floral al busto de Juan Pablo Duarte figuran: el Banco Agricola y el Instituto Agrario Dominicano. El Administrador General del Banco [&hellip;]<\/p>\n","protected":false},"author":3,"featured_media":0,"comment_status":"open","ping_status":"open","sticky":false,"template":"","format":"standard","meta":{"footnotes":""},"categories":[21],"tags":[],"class_list":["post-66306","post","type-post","status-publish","format-standard","hentry","category-cultura"],"_links":{"self":[{"href":"https:\/\/diariodominicano.com\/index.php?rest_route=\/wp\/v2\/posts\/66306","targetHints":{"allow":["GET"]}}],"collection":[{"href":"https:\/\/diariodominicano.com\/index.php?rest_route=\/wp\/v2\/posts"}],"about":[{"href":"https:\/\/diariodominicano.com\/index.php?rest_route=\/wp\/v2\/types\/post"}],"author":[{"embeddable":true,"href":"https:\/\/diariodominicano.com\/index.php?rest_route=\/wp\/v2\/users\/3"}],"replies":[{"embeddable":true,"href":"https:\/\/diariodominicano.com\/index.php?rest_route=%2Fwp%2Fv2%2Fcomments&post=66306"}],"version-history":[{"count":0,"href":"https:\/\/diariodominicano.com\/index.php?rest_route=\/wp\/v2\/posts\/66306\/revisions"}],"wp:attachment":[{"href":"https:\/\/diariodominicano.com\/index.php?rest_route=%2Fwp%2Fv2%2Fmedia&parent=66306"}],"wp:term":[{"taxonomy":"category","embeddable":true,"href":"https:\/\/diariodominicano.com\/index.php?rest_route=%2Fwp%2Fv2%2Fcategories&post=66306"},{"taxonomy":"post_tag","embeddable":true,"href":"https:\/\/diariodominicano.com\/index.php?rest_route=%2Fwp%2Fv2%2Ftags&post=66306"}],"curies":[{"name":"wp","href":"https:\/\/api.w.org\/{rel}","templated":true}]}}