{"id":66305,"date":"2012-02-06T21:10:25","date_gmt":"2012-02-06T21:10:25","guid":{"rendered":"http:\/\/diariodominicano.ddns.net\/?p=66305"},"modified":"2012-02-06T21:10:25","modified_gmt":"2012-02-06T21:10:25","slug":"ministerio-de-cultura-impartira-taller-de-direccion-orquestal-internacional","status":"publish","type":"post","link":"https:\/\/diariodominicano.com\/?p=66305","title":{"rendered":"&#13;Ministerio de Cultura impartir\u00e1 taller de Direcci\u00f3n Orquestal Internacional"},"content":{"rendered":"<p><body><\/p>\n<p><span class=\"text1noticias\">SANTO DOMINGO, 06 Feb 2012.-El Ministerio de Cultura (MINC) dar\u00e1 apertura, el pr\u00f3ximo jueves, a un importante taller sobre Direcci\u00f3n Orquestal Internacional, impartido por los destacados maestros internacionales Silvia Restrepo, titular de la Orquesta Sinf\u00f3nica Juvenil de la Red de Escuelas Sinf\u00f3nicas de  Medell\u00edn, y el venezolano Daniel Hurtado, director de la Escuela de Rock Sinf\u00f3nico de la Universidad Sim\u00f3n Bol\u00edvar.<\/span><\/p>\n<\/p>\n<p><span class=\"text1noticias\">El taller, que contar\u00e1 con la participaci\u00f3n de m\u00e1s de 40 directores orquestales, es auspiciado por el Programa IBERORQUESTAS de la Secretar\u00eda General Iberoamericana, bajo la coordinaci\u00f3n del Sistema Nacional de Orquestas Infantiles y Juveniles que dirige el maestro Caonex  Peguero Camilo.<\/span><\/p>\n<p><span class=\"text1noticias\"> <\/span><\/p>\n<p><span class=\"text1noticias\">La apertura de la actividad ser\u00e1 encabezada por Bernarda Jorge, Viceministra de Creatividad y Participaci\u00f3n Popular del MINC, quien estar\u00e1 acompa\u00f1ada por Franklin Dom\u00ednguez y Dust\u00edn Mu\u00f1oz, director y subdirector, respectivamente, de Bellas Artes, y  Mar\u00eda Elena Blanco, Directora del Conservatorio Nacional de M\u00fasica.<\/span><\/p>\n<\/p>\n<p><span class=\"text1noticias\">Durante el transcurso del taller, la Orquesta Nacional Juvenil fungir\u00e1 como orquesta de planta, mientras que, la Compa\u00f1\u00eda L\u00edrica Dominicana dar\u00e1 su apoyo en la preparaci\u00f3n de diversas obras del g\u00e9nero oper\u00edstico.<\/span><\/p>\n<\/p>\n<p><span class=\"text1noticias\">Este curso se estar\u00e1 realizando hasta el 19 de los corrientes, en la las instalaciones  del Conservatorio Nacional de M\u00fasica.<\/span><\/p>\n<\/p>\n<\/p>\n<h6> 2012-02-06 21:10:25 <\/h6>\n<p><!--\n<link rel=\"stylesheet\" href=\"css\/bootstrap.min.css\">\n\n\n<ul class=\"pagination\">\n\t    \n\t\n\n<li >\n\t<a href='?page_no=17982'>Previous<\/a>\n\t<\/li>\n\n\n       \n    \n\n<li><a href='?page_no=1'>1<\/a><\/li>\n\n\n\n<li><a href='?page_no=2'>2<\/a><\/li>\n\n\n\n<li><a>...<\/a><\/li>\n\n\n\n<li><a href='?page_no=17981'>17981<\/a><\/li>\n\n\n\n<li><a href='?page_no=17982'>17982<\/a><\/li>\n\n\n\n<li class='active'><a>17983<\/a><\/li>\n\n\n\n<li><a href='?page_no=17984'>17984<\/a><\/li>\n\n\n\n<li><a href='?page_no=17985'>17985<\/a><\/li>\n\n\n\n<li><a>...<\/a><\/li>\n\n\n\n<li><a href='?page_no=22911'>22911<\/a><\/li>\n\n\n\n<li><a href='?page_no=22912'>22912<\/a><\/li>\n\n    \n\t\n\n<li >\n\t<a href='?page_no=17984'>Next<\/a>\n\t<\/li>\n\n\n    \n\n<li><a href='?page_no=22912'>Last &rsaquo;&rsaquo;<\/a><\/li>\n\n<\/ul>\n\n\n--><br \/>\n<\/body><\/p>\n","protected":false},"excerpt":{"rendered":"<p>SANTO DOMINGO, 06 Feb 2012.-El Ministerio de Cultura (MINC) dar\u00e1 apertura, el pr\u00f3ximo jueves, a un importante taller sobre Direcci\u00f3n Orquestal Internacional, impartido por los destacados maestros internacionales Silvia Restrepo, titular de la Orquesta Sinf\u00f3nica Juvenil de la Red de Escuelas Sinf\u00f3nicas de Medell\u00edn, y el venezolano Daniel Hurtado, director de la Escuela de Rock [&hellip;]<\/p>\n","protected":false},"author":3,"featured_media":0,"comment_status":"open","ping_status":"open","sticky":false,"template":"","format":"standard","meta":{"footnotes":""},"categories":[21],"tags":[],"class_list":["post-66305","post","type-post","status-publish","format-standard","hentry","category-cultura"],"_links":{"self":[{"href":"https:\/\/diariodominicano.com\/index.php?rest_route=\/wp\/v2\/posts\/66305","targetHints":{"allow":["GET"]}}],"collection":[{"href":"https:\/\/diariodominicano.com\/index.php?rest_route=\/wp\/v2\/posts"}],"about":[{"href":"https:\/\/diariodominicano.com\/index.php?rest_route=\/wp\/v2\/types\/post"}],"author":[{"embeddable":true,"href":"https:\/\/diariodominicano.com\/index.php?rest_route=\/wp\/v2\/users\/3"}],"replies":[{"embeddable":true,"href":"https:\/\/diariodominicano.com\/index.php?rest_route=%2Fwp%2Fv2%2Fcomments&post=66305"}],"version-history":[{"count":0,"href":"https:\/\/diariodominicano.com\/index.php?rest_route=\/wp\/v2\/posts\/66305\/revisions"}],"wp:attachment":[{"href":"https:\/\/diariodominicano.com\/index.php?rest_route=%2Fwp%2Fv2%2Fmedia&parent=66305"}],"wp:term":[{"taxonomy":"category","embeddable":true,"href":"https:\/\/diariodominicano.com\/index.php?rest_route=%2Fwp%2Fv2%2Fcategories&post=66305"},{"taxonomy":"post_tag","embeddable":true,"href":"https:\/\/diariodominicano.com\/index.php?rest_route=%2Fwp%2Fv2%2Ftags&post=66305"}],"curies":[{"name":"wp","href":"https:\/\/api.w.org\/{rel}","templated":true}]}}