{"id":66304,"date":"2012-02-07T14:55:47","date_gmt":"2012-02-07T14:55:47","guid":{"rendered":"http:\/\/diariodominicano.ddns.net\/?p=66304"},"modified":"2012-02-07T14:55:47","modified_gmt":"2012-02-07T14:55:47","slug":"ministerio-de-cultura-promueve-costumbres-carnavalescas-en-montecristi","status":"publish","type":"post","link":"https:\/\/diariodominicano.com\/?p=66304","title":{"rendered":"Ministerio de Cultura promueve costumbres carnavalescas en Montecristi"},"content":{"rendered":"<p><body><\/p>\n<p><img decoding=\"async\" src=\"img3\/carnavalescas en Montecristi.jpg\" \/>  <\/p>\n<p><span class=\"text1noticias\">Montecristi, Rep. Dominicana, 7 feb.- El Ministerio de Cultura, la Gobernaci\u00f3n Provincial, la Alcald\u00eda y otras personalidades de esta ciudad promueven las costumbres carnavalescas de esta ciudad, iniciada en esta primera semana de febrero.<\/span><\/p>\n<\/p>\n<p><span class=\"text1noticias\">Estas actividades cuentan con la participaci\u00f3n de grupos de  comparsas coreogr\u00e1ficas, dramatizadas, callejeras, populares,  los Roba la Gallina, el Oso Nicol\u00e1s, los toros civiles, y otros personajes que se integraron al primer desfile del carnaval Montecristi 2012.<\/span><\/p>\n<\/p>\n<p><span class=\"text1noticias\">Esta fiesta de los montecriste\u00f1os organizado por la Alcald\u00eda que dirige, el licenciado Lu\u00eds M\u00e9ndez Reyes esta dedicada al fenecido Mois\u00e9s Cabreja, quien fuera un destacado fueteador con el uniforme de toro y hac\u00eda el papel del Oso Nicol\u00e1s.<\/span><\/p>\n<\/p>\n<p><span class=\"text1noticias\">El desfile de este domingo parti\u00f3 desde la parte frontal de la alcald\u00eda de Montecristi, recorriendo las principales calles del municipio,  finalizando en la calle Duarte con Santiago Rodr\u00edguez, en la parte c\u00e9ntrica de esta localidad.<\/span><\/p>\n<\/p>\n<p><span class=\"text1noticias\">Laurin V\u00e1squez, encargada del Ministerio de Cultura; conjuntamente con el senador Heinz Vieluf Cabrera y la Uni\u00f3n Carnavalesca bajo la responsabilidad de se\u00f1ora \u00c1ngela Pe\u00f1a han estado ofreciendo el soporte log\u00edstico a la actividad.<\/span><\/p>\n<\/p>\n<p><span class=\"text1noticias\">El Rey Carm\u00f3n, o Rey de Montecristi,  es el se\u00f1or \u00c1ngel Francisco Vargas, (Ch\u00fali), en tanto que la Reina Carmona, o Reina  del carnaval es la joven Francisca Belliard.<\/span><\/p>\n<\/p>\n<p><span class=\"text1noticias\">El carnaval de Montecristi, se celebra todos los domingos del mes de febrero de cada a\u00f1o desde tempranas horas de la ma\u00f1ana y en las tardes en las principales calles del centro de la ciudad. Adem\u00e1s, se realizan comparsas, se instalan tarimas para presentaciones art\u00edsticas y los enfrentamientos de los tradicionales toros y civiles donde se dan cita personas de diferentes pueblos del pa\u00eds y de playas extranjeras<\/span>.<\/p>\n<h6> 2012-02-07 14:55:47 <\/h6>\n<p><!--\n<link rel=\"stylesheet\" href=\"css\/bootstrap.min.css\">\n\n\n<ul class=\"pagination\">\n\t    \n\t\n\n<li >\n\t<a href='?page_no=17981'>Previous<\/a>\n\t<\/li>\n\n\n       \n    \n\n<li><a href='?page_no=1'>1<\/a><\/li>\n\n\n\n<li><a href='?page_no=2'>2<\/a><\/li>\n\n\n\n<li><a>...<\/a><\/li>\n\n\n\n<li><a href='?page_no=17980'>17980<\/a><\/li>\n\n\n\n<li><a href='?page_no=17981'>17981<\/a><\/li>\n\n\n\n<li class='active'><a>17982<\/a><\/li>\n\n\n\n<li><a href='?page_no=17983'>17983<\/a><\/li>\n\n\n\n<li><a href='?page_no=17984'>17984<\/a><\/li>\n\n\n\n<li><a>...<\/a><\/li>\n\n\n\n<li><a href='?page_no=22911'>22911<\/a><\/li>\n\n\n\n<li><a href='?page_no=22912'>22912<\/a><\/li>\n\n    \n\t\n\n<li >\n\t<a href='?page_no=17983'>Next<\/a>\n\t<\/li>\n\n\n    \n\n<li><a href='?page_no=22912'>Last &rsaquo;&rsaquo;<\/a><\/li>\n\n<\/ul>\n\n\n--><br \/>\n<\/body><\/p>\n","protected":false},"excerpt":{"rendered":"<p>Montecristi, Rep. Dominicana, 7 feb.- El Ministerio de Cultura, la Gobernaci\u00f3n Provincial, la Alcald\u00eda y otras personalidades de esta ciudad promueven las costumbres carnavalescas de esta ciudad, iniciada en esta primera semana de febrero. Estas actividades cuentan con la participaci\u00f3n de grupos de comparsas coreogr\u00e1ficas, dramatizadas, callejeras, populares, los Roba la Gallina, el Oso Nicol\u00e1s, [&hellip;]<\/p>\n","protected":false},"author":3,"featured_media":0,"comment_status":"open","ping_status":"open","sticky":false,"template":"","format":"standard","meta":{"footnotes":""},"categories":[21],"tags":[],"class_list":["post-66304","post","type-post","status-publish","format-standard","hentry","category-cultura"],"_links":{"self":[{"href":"https:\/\/diariodominicano.com\/index.php?rest_route=\/wp\/v2\/posts\/66304","targetHints":{"allow":["GET"]}}],"collection":[{"href":"https:\/\/diariodominicano.com\/index.php?rest_route=\/wp\/v2\/posts"}],"about":[{"href":"https:\/\/diariodominicano.com\/index.php?rest_route=\/wp\/v2\/types\/post"}],"author":[{"embeddable":true,"href":"https:\/\/diariodominicano.com\/index.php?rest_route=\/wp\/v2\/users\/3"}],"replies":[{"embeddable":true,"href":"https:\/\/diariodominicano.com\/index.php?rest_route=%2Fwp%2Fv2%2Fcomments&post=66304"}],"version-history":[{"count":0,"href":"https:\/\/diariodominicano.com\/index.php?rest_route=\/wp\/v2\/posts\/66304\/revisions"}],"wp:attachment":[{"href":"https:\/\/diariodominicano.com\/index.php?rest_route=%2Fwp%2Fv2%2Fmedia&parent=66304"}],"wp:term":[{"taxonomy":"category","embeddable":true,"href":"https:\/\/diariodominicano.com\/index.php?rest_route=%2Fwp%2Fv2%2Fcategories&post=66304"},{"taxonomy":"post_tag","embeddable":true,"href":"https:\/\/diariodominicano.com\/index.php?rest_route=%2Fwp%2Fv2%2Ftags&post=66304"}],"curies":[{"name":"wp","href":"https:\/\/api.w.org\/{rel}","templated":true}]}}