{"id":66303,"date":"2012-02-07T20:24:17","date_gmt":"2012-02-07T20:24:17","guid":{"rendered":"http:\/\/diariodominicano.ddns.net\/?p=66303"},"modified":"2012-02-07T20:24:17","modified_gmt":"2012-02-07T20:24:17","slug":"cuatro-entidades-firman-convenios-con-ministerio-de-cultura","status":"publish","type":"post","link":"https:\/\/diariodominicano.com\/?p=66303","title":{"rendered":"Cuatro entidades firman convenios  con Ministerio de Cultura"},"content":{"rendered":"<p><body><\/p>\n<p><img decoding=\"async\" src=\"img3\/entidadescultura.JPG\" \/>  <\/p>\n<p><span class=\"text1noticias\">Rep.Dom, 7 de Febrero.- El Ministro de Cultura, Jos\u00e9 Rafael Lantigua, firm\u00f3 este martes  cuatro convenios con igual n\u00famero de entidades, con la finalidad de desarrollar acciones diversas en el orden cultural y, al mismo tiempo, ir en auxilio de agrupamientos art\u00edsticos locales.<\/span><\/p>\n<\/p>\n<p><span class=\"text1noticias\">Los acuerdos fueron realizados con el Alto Comisionado de las Naciones Unidas para los Refugiados (ACNUR), la Facultad Latinoamericana de Ciencias Sociales (FLACSO), el Teatro Guloya y el Centro de la Imagen.<\/span><\/p>\n<\/p>\n<p><span class=\"text1noticias\">La actividad conjunta se realiz\u00f3 con la presencia de los principales directivos de las entidades citadas, quienes elogiaron la disposici\u00f3n de la cartera cultural para la firma de los convenios citados.<\/span><\/p>\n<\/p>\n<p><span class=\"text1noticias\">Con el Alto Comisionado de las Naciones Unidas para los Refugiados (ACNUR), el Ministerio de Cultura laborar\u00e1 para el desarrollo de iniciativas  que promover\u00e1n \u00abuna mayor sensibilizaci\u00f3n del p\u00fablico hacia temas como la convivencia y la tolerancia entre las distintas comunidades \u00e9tnicas en la Rep\u00fablica Dominicana\u00bb.<\/span><\/p>\n<\/p>\n<p><span class=\"text1noticias\">La campa\u00f1a que desarrollar\u00e1n ambas instituciones abarcar\u00e1 los temas de los derechos humanos, la discriminaci\u00f3n, el VHI y Sida, la violencia de g\u00e9nero, y la interculturalidad, en favor de las cuales se desarrollar\u00e1n diversas acciones culturales, para las cuales Naciones Unidas otorgar\u00e1 un financiamiento de 100,000 d\u00f3lares al Ministerio de Cultura.<\/span><\/p>\n<\/p>\n<p><span class=\"text1noticias\">El convenio establece la realizaci\u00f3n durante el a\u00f1o de cinco grandes eventos relacionados con la danza, la fotograf\u00eda, el teatro, la m\u00fasica, literatura y video.<\/span><\/p>\n<\/p>\n<p><span class=\"text1noticias\">Por su parte, con la Facultad Latinoamericana de Ciencias Sociales (FLACSO), el Ministerio de Cultura realizar\u00e1 acciones de investigaci\u00f3n, capacitaci\u00f3n, formaci\u00f3n y asistencia t\u00e9cnica, dirigida al fortalecimiento institucional de la cartera cultural. Este acuerdo tiene como contraparte a la Direcci\u00f3n General T\u00e9cnica y la Direcci\u00f3n General de Formaci\u00f3n y Capacitaci\u00f3n del MINC.<\/span><\/p>\n<\/p>\n<p><span class=\"text1noticias\">Los proyectos de investigaci\u00f3n abarcar\u00e1n los aspectos de patrimonio cultural y memoria social, los sitios hist\u00f3ricos de la Picota y la calle La Negreta; diagn\u00f3stico, inventario y base de datos de los grupos carnavaleros y de los grupos folkl\u00f3ricos nacionales a nivel nacional; y un diagn\u00f3stico sobre las industrias culturales y creativas.<\/span><\/p>\n<\/p>\n<p><span class=\"text1noticias\">Con el Teatro Guloya, el Ministerio de Cultura asumir\u00e1 el pago total del arrendamiento del local donde funciona esta entidad en la calle Arzobispo Portes de la Ciudad Colonial  y aportar\u00e1 una subvenci\u00f3n de un mill\u00f3n de pesos para cubrir sus gastos regulares y extraordinarios. De la misma forma, la direcci\u00f3n ejecutiva de este agrupamiento teatral fue designada como gestora cultural, con la finalidad de que rinda servicios al desarrollo de la actividad teatral en Santo Domingo.<\/span><\/p>\n<\/p>\n<p><span class=\"text1noticias\">Finalmente, con el Centro de la Imagen, se aplicar\u00e1 una subvenci\u00f3n de un mill\u00f3n doscientos mil pesos para el sostenimiento de la entidad, ubicada en la calle Arzobispo Meri\u00f1o, con la finalidad de promover el arte fotogr\u00e1fico. Igualmente, Cultura proveer\u00e1 apoyo log\u00edstico a las actividades que realiza esta instituci\u00f3n.<\/span><\/p>\n<\/p>\n<p><span class=\"text1noticias\">Los convenios fueron suscritos por Gonzalo Vargas Llosa, jefe de misi\u00f3n en Rep\u00fablica Dominicana de ACNUR; C\u00e9sar Cuello Nieto, director de FLACSO; los teatristas Claudio Rivera y Viena Gonz\u00e1lez, del Teatro Guloya; y, Mayra Johnson, del Centro de la Imagen<\/span>.<\/p>\n<h6> 2012-02-07 20:24:17 <\/h6>\n<p><!--\n<link rel=\"stylesheet\" href=\"css\/bootstrap.min.css\">\n\n\n<ul class=\"pagination\">\n\t    \n\t\n\n<li >\n\t<a href='?page_no=17980'>Previous<\/a>\n\t<\/li>\n\n\n       \n    \n\n<li><a href='?page_no=1'>1<\/a><\/li>\n\n\n\n<li><a href='?page_no=2'>2<\/a><\/li>\n\n\n\n<li><a>...<\/a><\/li>\n\n\n\n<li><a href='?page_no=17979'>17979<\/a><\/li>\n\n\n\n<li><a href='?page_no=17980'>17980<\/a><\/li>\n\n\n\n<li class='active'><a>17981<\/a><\/li>\n\n\n\n<li><a href='?page_no=17982'>17982<\/a><\/li>\n\n\n\n<li><a href='?page_no=17983'>17983<\/a><\/li>\n\n\n\n<li><a>...<\/a><\/li>\n\n\n\n<li><a href='?page_no=22911'>22911<\/a><\/li>\n\n\n\n<li><a href='?page_no=22912'>22912<\/a><\/li>\n\n    \n\t\n\n<li >\n\t<a href='?page_no=17982'>Next<\/a>\n\t<\/li>\n\n\n    \n\n<li><a href='?page_no=22912'>Last &rsaquo;&rsaquo;<\/a><\/li>\n\n<\/ul>\n\n\n--><br \/>\n<\/body><\/p>\n","protected":false},"excerpt":{"rendered":"<p>Rep.Dom, 7 de Febrero.- El Ministro de Cultura, Jos\u00e9 Rafael Lantigua, firm\u00f3 este martes cuatro convenios con igual n\u00famero de entidades, con la finalidad de desarrollar acciones diversas en el orden cultural y, al mismo tiempo, ir en auxilio de agrupamientos art\u00edsticos locales. Los acuerdos fueron realizados con el Alto Comisionado de las Naciones Unidas [&hellip;]<\/p>\n","protected":false},"author":3,"featured_media":0,"comment_status":"open","ping_status":"open","sticky":false,"template":"","format":"standard","meta":{"footnotes":""},"categories":[21],"tags":[],"class_list":["post-66303","post","type-post","status-publish","format-standard","hentry","category-cultura"],"_links":{"self":[{"href":"https:\/\/diariodominicano.com\/index.php?rest_route=\/wp\/v2\/posts\/66303","targetHints":{"allow":["GET"]}}],"collection":[{"href":"https:\/\/diariodominicano.com\/index.php?rest_route=\/wp\/v2\/posts"}],"about":[{"href":"https:\/\/diariodominicano.com\/index.php?rest_route=\/wp\/v2\/types\/post"}],"author":[{"embeddable":true,"href":"https:\/\/diariodominicano.com\/index.php?rest_route=\/wp\/v2\/users\/3"}],"replies":[{"embeddable":true,"href":"https:\/\/diariodominicano.com\/index.php?rest_route=%2Fwp%2Fv2%2Fcomments&post=66303"}],"version-history":[{"count":0,"href":"https:\/\/diariodominicano.com\/index.php?rest_route=\/wp\/v2\/posts\/66303\/revisions"}],"wp:attachment":[{"href":"https:\/\/diariodominicano.com\/index.php?rest_route=%2Fwp%2Fv2%2Fmedia&parent=66303"}],"wp:term":[{"taxonomy":"category","embeddable":true,"href":"https:\/\/diariodominicano.com\/index.php?rest_route=%2Fwp%2Fv2%2Fcategories&post=66303"},{"taxonomy":"post_tag","embeddable":true,"href":"https:\/\/diariodominicano.com\/index.php?rest_route=%2Fwp%2Fv2%2Ftags&post=66303"}],"curies":[{"name":"wp","href":"https:\/\/api.w.org\/{rel}","templated":true}]}}