{"id":66302,"date":"2012-02-07T20:58:02","date_gmt":"2012-02-07T20:58:02","guid":{"rendered":"http:\/\/diariodominicano.ddns.net\/?p=66302"},"modified":"2012-02-07T20:58:02","modified_gmt":"2012-02-07T20:58:02","slug":"varias-instituciones-gubernamentales-depositan-ofrenda-floral-en-altar-de-la-patria","status":"publish","type":"post","link":"https:\/\/diariodominicano.com\/?p=66302","title":{"rendered":"&#13;Varias instituciones gubernamentales  depositan ofrenda floral  en altar de la patria"},"content":{"rendered":"<p><body><\/p>\n<p><img decoding=\"async\" src=\"img3\/enflores.JPG\" \/><br \/><img decoding=\"async\" src=\"http:\/\/localhost:8080\/img3\/cea.JPG\" \/><br \/><img decoding=\"async\" src=\"img3\/pnaltarpatria.JPG\" \/>  <\/p>\n<p><span class=\"text1noticias\">Rep.Dom, 7 de Febrero.- En el marco de la celebraci\u00f3n del mes de la patria varias entidades gubernamentales se dieron cita en el Altar de la Patria para depositar una ofrenda floral donde reposan los restos de los ide\u00f3logos de la independencia dominicana.<\/span><\/p>\n<\/p>\n<p><span class=\"text1noticias\">En ese tenor  la Jefatura de Estado Mayor del Ej\u00e9rcito Nacional, deposit\u00f3 una  ofrenda floral en el Altar de la Patria, para honrar la memoria de los padres fundadores de la naci\u00f3n dominicana.<\/span><\/p>\n<\/p>\n<p><span class=\"text1noticias\">El homenaje estuvo encabezado por el Jefe de Estado Mayor del Ej\u00e9rcito Nacional, Mayor General E.N., (DEM) Pedro Antonio C\u00e1ceres Chestaro, acompa\u00f1ado de los Generales de Brigadas E.N., (DEM) Geraldo de los Santos Mora y Joaqu\u00edn B. Borrelly Mera, Sub-Jefe e Inspector General de la instituci\u00f3n militar.   <\/span><\/p>\n<\/p>\n<p><span class=\"text1noticias\">Al acto asisti\u00f3 el Estado Mayor Coordinador y Conjunto, as\u00ed como tambi\u00e9n comisiones de Oficiales Generales, Superiores, Subalternos, Clases y Alistados de la instituci\u00f3n, adem\u00e1s de j\u00f3venes estudiantes del Polit\u00e9cnico Militar \u00abSan Miguel Arc\u00e1ngel\u00bb, E.N., quienes rindieron tributo a los fundadores de la nacionalidad.<\/span><\/p>\n<\/p>\n<p><span class=\"text1noticias\">Durante el mes de la patria, que inici\u00f3 el 26 de enero, fecha natalicia del patricio Juan Pablo Duarte, la instituci\u00f3n ha realizado varias actividades con la finalidad de promover en la juventud y el pa\u00eds, el respeto a los s\u00edmbolos patrios.<\/span><\/p>\n<\/p>\n<p><span class=\"text1noticias\">Es por ello que la llama de la libertad sembrada por los padres fundadores de la nacionalidad dominicana aviva cada d\u00eda m\u00e1s el compromiso patri\u00f3tico, la lealtad, la disciplina, los valores \u00e9ticos y morales, entre los hombres y mujeres que integran las filas del glorioso Ej\u00e9rcito Nacional.<\/span><\/p>\n<\/p>\n<p><span class=\"text1noticias\">Mientras que,  el Consejo Estatal  del  Az\u00facar (CEA) deposit\u00f3 una ofrenda floral en el altar de  la patria como parte de las actividades que organiza la Comisi\u00f3n Permanente  de Efem\u00e9rides Patria.<\/span><\/p>\n<p><span class=\"text1noticias\">Al depositar la ofrenda en representaci\u00f3n del director Ejecutivo, doctor Enrique Mart\u00ednez, la Ingeniera Mayra Rijo Gerente de Recursos Humanos, exhorto a los funcionarios p\u00fablicos a seguir el ejemplo de honestidad de los fundadores de nuestra naci\u00f3n.<\/span><\/p>\n<\/p>\n<p><span class=\"text1noticias\">\u00abHoy d\u00eda, nosotros como servidores p\u00fablicos estamos convocados a ser transparente, \u00e9ticos  y hacer  una retrospectiva de las vivencias de nuestros patricios, en especial de  Juan Pablo Duarte\u00bb, dijo Rijo. <\/span><\/p>\n<\/p>\n<p><span class=\"text1noticias\"> En la actividad tambi\u00e9n estuvieron presentes, Jacquelin Minyetty  directora Administrativa, M\u00f3nica Fanith, gerente de Relaciones P\u00fablicas y empleados de los diferentes departamentos de la instituci\u00f3n.<\/span><\/p>\n<\/p>\n<p><span class=\"text1noticias\">Asimismo, una comisi\u00f3n de oficiales generales y superiores de la Polic\u00eda Nacional deposit\u00f3 una ofrenda floral en el Altar de Patria con motivo de la celebraci\u00f3n del  Mes de la Patria, que empez\u00f3 el 26 de enero y concluir\u00e1 el 27 de este mes. De esta manera, la Jefatura de la Polic\u00eda rinde honor a los padres de la gesta libertadora del pueblo dominicano.<\/span><\/p>\n<\/p>\n<p><span class=\"text1noticias\">La comisi\u00f3n designada por el mayor general Jos\u00e9 A. Polanco G\u00f3mez, jefe de la Polic\u00eda, fue encabezada por el subjefe de la instituci\u00f3n, general V\u00edctor Campusano Jim\u00e9nez y  el mayor general Henry Peralta Jim\u00e9nez, e integrada por los generales Neivis Luis P\u00e9rez S\u00e1nchez, Mario Objio, Nelson Peguero, Lugwing Suardi, Juana Campusano Jim\u00e9nez, Juan Pilarte, Ram\u00f3n Rodr\u00edguez S\u00e1nchez y Andr\u00e9s G. Sanz Jimini\u00e1n.  <\/span><\/p>\n<p><span class=\"text1noticias\">Tambi\u00e9n estuvo presente el coronel M\u00e1ximo B\u00e1ez Aybar, vocero de la Polic\u00eda, quien destac\u00f3 el sacrificio realizado por los ilustres hombres y mujeres quienes en diferentes \u00e9pocas lo dieron todo a cambio de que \u00abhoy podamos disfrutar de una Patria Libre, soberana e independiente\u00bb.<\/span><\/p>\n<\/p>\n<p><span class=\"text1noticias\">Las actividades correspondientes al Mes de la Patria inician el 26 de enero, d\u00eda del natalicio de Juan Pablo Duarte y concluyen el 27 de febrero, fecha de la proclamaci\u00f3n de la Independencia Nacional.<\/span><\/p>\n<p><span class=\"text1noticias\">La Polic\u00eda realiza diversas actividades a lo interno de la instituci\u00f3n para conmemorar el Mes de la Patria.<\/span><\/p>\n<\/p>\n<p><span class=\"text1noticias\">Adem\u00e1s, El Consejo Nacional de Seguridad Social (CNSS), junto a  las entidades que conforman el Sistema Dominicano de Seguridad Social (SDSS), depositaron una ofrenda floral en el Altar de la Patria con motivo del \u00abMes de la Patria\u00bb. <\/span><\/p>\n<p><span class=\"text1noticias\"> <\/span><\/p>\n<p><span class=\"text1noticias\">El solemne acto inici\u00f3 con las notas del Himno Nacional, interpretada por la Banda de M\u00fasica del Cuerpo de Bomberos. La ofrenda estuvo presidida por el Presidente del CNSS, Francisco Dom\u00ednguez,  el  Gerente General del CNSS, Lic. Rafael P\u00e9rez Modesto y el Presidente de la Comisi\u00f3n Permanente de Efem\u00e9rides Patrias, Juan Daniel Balc\u00e1cer.<\/span><\/p>\n<p><span class=\"text1noticias\"> <\/span><\/p>\n<p><span class=\"text1noticias\">\u00abRendimos honor a nuestros Padres de la Patria, en este mes tan importante para nuestra Naci\u00f3n, porque son ellos los que nos han dejado un gran legado, con sus sacrificios nos han permitido hoy disfrutar de nuestra Independencia, pero tambi\u00e9n de un r\u00e9gimen de libertades individuales, de democracia y de participaci\u00f3n\u00bb, expres\u00f3 el Presidente del CNSS.<\/span><\/p>\n<\/p>\n<p><span class=\"text1noticias\">Mientras el Gerente General del CNSS, manifest\u00f3 que cualquier homenaje o  actividad que se pueda realizar en homenaje a Juan Pablo Duarte,  Francisco del Rosario S\u00e1nchez y  Mat\u00edas Ram\u00f3n Mella, es poco para lo que merecen, pues son los forjaron la nacionalidad, dedicaron sus vidas para una Rep\u00fablica Dominicana libre y soberana. <\/span><\/p>\n<\/p>\n<p><span class=\"text1noticias\">La Superintendencia de Salud y Riesgos Laborales (SISALRIL), la Superintendencia de Pensiones (SIPEN),   la Direcci\u00f3n de Informaci\u00f3n y Defensa de los Afiliados (DIDA) y la Tesorer\u00eda de la Seguridad Social (TSS), fueron las entidades del Sistema que desfilaron junto al Consejo, hacia el Altar de la Patria, a rendir tributo a los fundadores de la Rep\u00fablica Dominicana.<\/span><\/p>\n<p><span class=\"text1noticias\"> <\/span><\/p>\n<p><span class=\"text1noticias\"> Con el dep\u00f3sito de esta ofrenda floral las entidades del Sistema, se unen en la celebraci\u00f3n del \u00abMes de la Patria\u00bb que inici\u00f3 el  26 de enero fecha conmemorativa al 199 aniversario del natalicio del patricio Juan Pablo Duarte y que culmina el 27 de febrero, D\u00eda de la Independencia Nacional. <\/span><\/p>\n<p><span class=\"text1noticias\"> <\/span><\/p>\n<p><span class=\"text1noticias\">El acto cont\u00f3 con la presencia de la Directora de la DIDA, Nelsida Marmolejos; el Tesorero de la Seguridad Social, Henry Sahdal\u00e0; el Contralor General del SDSS, Wladislao Guzm\u00e1n ; el Subgerente General del CNSS, Eduard del Villar, miembros del CNSS, funcionarios del sector salud y empleados de las instituciones del Sistema Dominicano de Seguridad Social (SDSS)<\/span>.<\/p>\n<\/p>\n<\/p>\n<\/p>\n<h6> 2012-02-07 20:58:02 <\/h6>\n<p><!--\n<link rel=\"stylesheet\" href=\"css\/bootstrap.min.css\">\n\n\n<ul class=\"pagination\">\n\t    \n\t\n\n<li >\n\t<a href='?page_no=17979'>Previous<\/a>\n\t<\/li>\n\n\n       \n    \n\n<li><a href='?page_no=1'>1<\/a><\/li>\n\n\n\n<li><a href='?page_no=2'>2<\/a><\/li>\n\n\n\n<li><a>...<\/a><\/li>\n\n\n\n<li><a href='?page_no=17978'>17978<\/a><\/li>\n\n\n\n<li><a href='?page_no=17979'>17979<\/a><\/li>\n\n\n\n<li class='active'><a>17980<\/a><\/li>\n\n\n\n<li><a href='?page_no=17981'>17981<\/a><\/li>\n\n\n\n<li><a href='?page_no=17982'>17982<\/a><\/li>\n\n\n\n<li><a>...<\/a><\/li>\n\n\n\n<li><a href='?page_no=22911'>22911<\/a><\/li>\n\n\n\n<li><a href='?page_no=22912'>22912<\/a><\/li>\n\n    \n\t\n\n<li >\n\t<a href='?page_no=17981'>Next<\/a>\n\t<\/li>\n\n\n    \n\n<li><a href='?page_no=22912'>Last &rsaquo;&rsaquo;<\/a><\/li>\n\n<\/ul>\n\n\n--><br \/>\n<\/body><\/p>\n","protected":false},"excerpt":{"rendered":"<p>Rep.Dom, 7 de Febrero.- En el marco de la celebraci\u00f3n del mes de la patria varias entidades gubernamentales se dieron cita en el Altar de la Patria para depositar una ofrenda floral donde reposan los restos de los ide\u00f3logos de la independencia dominicana. En ese tenor la Jefatura de Estado Mayor del Ej\u00e9rcito Nacional, deposit\u00f3 [&hellip;]<\/p>\n","protected":false},"author":3,"featured_media":0,"comment_status":"open","ping_status":"open","sticky":false,"template":"","format":"standard","meta":{"footnotes":""},"categories":[21],"tags":[],"class_list":["post-66302","post","type-post","status-publish","format-standard","hentry","category-cultura"],"_links":{"self":[{"href":"https:\/\/diariodominicano.com\/index.php?rest_route=\/wp\/v2\/posts\/66302","targetHints":{"allow":["GET"]}}],"collection":[{"href":"https:\/\/diariodominicano.com\/index.php?rest_route=\/wp\/v2\/posts"}],"about":[{"href":"https:\/\/diariodominicano.com\/index.php?rest_route=\/wp\/v2\/types\/post"}],"author":[{"embeddable":true,"href":"https:\/\/diariodominicano.com\/index.php?rest_route=\/wp\/v2\/users\/3"}],"replies":[{"embeddable":true,"href":"https:\/\/diariodominicano.com\/index.php?rest_route=%2Fwp%2Fv2%2Fcomments&post=66302"}],"version-history":[{"count":0,"href":"https:\/\/diariodominicano.com\/index.php?rest_route=\/wp\/v2\/posts\/66302\/revisions"}],"wp:attachment":[{"href":"https:\/\/diariodominicano.com\/index.php?rest_route=%2Fwp%2Fv2%2Fmedia&parent=66302"}],"wp:term":[{"taxonomy":"category","embeddable":true,"href":"https:\/\/diariodominicano.com\/index.php?rest_route=%2Fwp%2Fv2%2Fcategories&post=66302"},{"taxonomy":"post_tag","embeddable":true,"href":"https:\/\/diariodominicano.com\/index.php?rest_route=%2Fwp%2Fv2%2Ftags&post=66302"}],"curies":[{"name":"wp","href":"https:\/\/api.w.org\/{rel}","templated":true}]}}