{"id":66301,"date":"2012-02-07T22:19:50","date_gmt":"2012-02-07T22:19:50","guid":{"rendered":"http:\/\/diariodominicano.ddns.net\/?p=66301"},"modified":"2012-02-07T22:19:50","modified_gmt":"2012-02-07T22:19:50","slug":"cultura-celebrara-seminario-sobre-la-critica-literaria-2","status":"publish","type":"post","link":"https:\/\/diariodominicano.com\/?p=66301","title":{"rendered":"Cultura celebrar\u00e1 Seminario sobre la Cr\u00edtica Literaria"},"content":{"rendered":"<p><body><\/p>\n<p><img decoding=\"async\" src=\"img3\/samanaliterario.JPG\" \/>  <\/p>\n<p><span class=\"text1noticias\">Santo Domingo, RD, 7 de Febrero.- El Primer Seminario sobre la Cr\u00edtica Literaria en la Rep\u00fablica Dominicana, ser\u00e1 realizado los d\u00edas 24 y 25 de este mes, organizado por el Ministerio de Cultura.<\/span><\/p>\n<\/p>\n<p><span class=\"text1noticias\">Un total de 22 escritores y cr\u00edticos del pa\u00eds y del exterior, participar\u00e1n como expositores en el evento que tendr\u00e1 como escenario el Hotel Intercontinental, de 9 de la ma\u00f1ana a 6 de la tarde.<\/span><\/p>\n<\/p>\n<p><span class=\"text1noticias\">El director de Gesti\u00f3n Literaria, Basilio Belliard, quien coordina el seminario, dijo que \u00abexiste un gran entusiasmo entre los expositores que participar\u00e1n en el evento, que a juzgar por los t\u00edtulos de las ponencias vaticina un seminario de muy alto nivel y de gran calidad intelectual\u00bb.<\/span><\/p>\n<\/p>\n<p><span class=\"text1noticias\">Belliard dijo que \u00abel seminario intentar\u00e1 dar respuesta a muchas interrogantes relacionadas con el devenir literario dominicano, su proyecci\u00f3n y desarrollo, as\u00ed como establecer pautas para el conocimiento y divulgaci\u00f3n de la literatura nacional\u00bb.<\/span><\/p>\n<\/p>\n<p><span class=\"text1noticias\">Los expositores confirmados son Di\u00f3genes C\u00e9spedes, Manuel Matos Moquete, Bruno Rosario Candelier, Jos\u00e9 Enrique Garc\u00eda, Odal\u00eds P\u00e9rez, Manuel N\u00fa\u00f1ez y Manuel Garc\u00eda Cartagena.<\/span><\/p>\n<\/p>\n<p><span class=\"text1noticias\">Adem\u00e1s, Andr\u00e9s L. Mateo, Fernando Cabrera, Pura Emeterio Rond\u00f3n, Le\u00f3n David, Plinio Chah\u00edn, Soledad \u00c1lvarez y Enrique Eusebio.<\/span><\/p>\n<\/p>\n<p><span class=\"text1noticias\">Desde el exterior vendr\u00e1n al Seminario para presentar sus ponencias las expertas en literatura dominicana, Rita de Maesenner, de B\u00e9lgica; Ester Gimbernat, de Denver, Estados Unidos; y Nina Bruni, de Trinidad-Tobago.<\/span><\/p>\n<\/p>\n<p><span class=\"text1noticias\">Igualmente, los escritores dominicanos establecidos en Estados Unidos, Miguel An\u00edbal Perdomo, Silvio Torres-Saillant y M\u00e9dar Serrata, as\u00ed como desde Puerto Rico, Eugenio Garc\u00eda Cuevas y Miguel \u00c1ngel Forner\u00edn.<\/span><\/p>\n<\/p>\n<p><span class=\"text1noticias\">El acto inaugural del Seminario de Cr\u00edtica Literaria, tendr\u00e1 lugar el viernes 24, a las 10 de la ma\u00f1ana, con un discurso del licenciado Jos\u00e9 Rafael Lantigua, Ministro de Cultura. El acto de clausura, el s\u00e1bado 25, a las 6 de la tarde,  con la lectura de las conclusiones, estar\u00e1 a cargo del poeta Basilio Belliard, coordinador del evento, junto a los escritores \u00c1ngela Hern\u00e1ndez y Valent\u00edn Amaro<\/span>.<\/p>\n<\/p>\n<h6> 2012-02-07 22:19:50 <\/h6>\n<p><!--\n<link rel=\"stylesheet\" href=\"css\/bootstrap.min.css\">\n\n\n<ul class=\"pagination\">\n\t    \n\t\n\n<li >\n\t<a href='?page_no=17978'>Previous<\/a>\n\t<\/li>\n\n\n       \n    \n\n<li><a href='?page_no=1'>1<\/a><\/li>\n\n\n\n<li><a href='?page_no=2'>2<\/a><\/li>\n\n\n\n<li><a>...<\/a><\/li>\n\n\n\n<li><a href='?page_no=17977'>17977<\/a><\/li>\n\n\n\n<li><a href='?page_no=17978'>17978<\/a><\/li>\n\n\n\n<li class='active'><a>17979<\/a><\/li>\n\n\n\n<li><a href='?page_no=17980'>17980<\/a><\/li>\n\n\n\n<li><a href='?page_no=17981'>17981<\/a><\/li>\n\n\n\n<li><a>...<\/a><\/li>\n\n\n\n<li><a href='?page_no=22911'>22911<\/a><\/li>\n\n\n\n<li><a href='?page_no=22912'>22912<\/a><\/li>\n\n    \n\t\n\n<li >\n\t<a href='?page_no=17980'>Next<\/a>\n\t<\/li>\n\n\n    \n\n<li><a href='?page_no=22912'>Last &rsaquo;&rsaquo;<\/a><\/li>\n\n<\/ul>\n\n\n--><br \/>\n<\/body><\/p>\n","protected":false},"excerpt":{"rendered":"<p>Santo Domingo, RD, 7 de Febrero.- El Primer Seminario sobre la Cr\u00edtica Literaria en la Rep\u00fablica Dominicana, ser\u00e1 realizado los d\u00edas 24 y 25 de este mes, organizado por el Ministerio de Cultura. Un total de 22 escritores y cr\u00edticos del pa\u00eds y del exterior, participar\u00e1n como expositores en el evento que tendr\u00e1 como escenario [&hellip;]<\/p>\n","protected":false},"author":3,"featured_media":0,"comment_status":"open","ping_status":"open","sticky":false,"template":"","format":"standard","meta":{"footnotes":""},"categories":[21],"tags":[],"class_list":["post-66301","post","type-post","status-publish","format-standard","hentry","category-cultura"],"_links":{"self":[{"href":"https:\/\/diariodominicano.com\/index.php?rest_route=\/wp\/v2\/posts\/66301","targetHints":{"allow":["GET"]}}],"collection":[{"href":"https:\/\/diariodominicano.com\/index.php?rest_route=\/wp\/v2\/posts"}],"about":[{"href":"https:\/\/diariodominicano.com\/index.php?rest_route=\/wp\/v2\/types\/post"}],"author":[{"embeddable":true,"href":"https:\/\/diariodominicano.com\/index.php?rest_route=\/wp\/v2\/users\/3"}],"replies":[{"embeddable":true,"href":"https:\/\/diariodominicano.com\/index.php?rest_route=%2Fwp%2Fv2%2Fcomments&post=66301"}],"version-history":[{"count":0,"href":"https:\/\/diariodominicano.com\/index.php?rest_route=\/wp\/v2\/posts\/66301\/revisions"}],"wp:attachment":[{"href":"https:\/\/diariodominicano.com\/index.php?rest_route=%2Fwp%2Fv2%2Fmedia&parent=66301"}],"wp:term":[{"taxonomy":"category","embeddable":true,"href":"https:\/\/diariodominicano.com\/index.php?rest_route=%2Fwp%2Fv2%2Fcategories&post=66301"},{"taxonomy":"post_tag","embeddable":true,"href":"https:\/\/diariodominicano.com\/index.php?rest_route=%2Fwp%2Fv2%2Ftags&post=66301"}],"curies":[{"name":"wp","href":"https:\/\/api.w.org\/{rel}","templated":true}]}}