{"id":663008,"date":"2026-01-31T02:42:51","date_gmt":"2026-01-31T06:42:51","guid":{"rendered":"https:\/\/diariodominicano.com\/?p=663008"},"modified":"2026-02-01T01:45:18","modified_gmt":"2026-02-01T05:45:18","slug":"sigue-sin-haber-acuerdo-sobre-groenlandia-dice-primer-ministro","status":"publish","type":"post","link":"https:\/\/diariodominicano.com\/?p=663008","title":{"rendered":"Sigue sin haber acuerdo sobre Groenlandia, dice primer ministro"},"content":{"rendered":"\n<p><em>spanish.news.cn<\/em>|<em>&nbsp;2026-01-31 07:51:15<\/em>|<\/p>\n\n\n\n<p>OSLO, 30 ene (Xinhua) &#8212; No se ha logrado ning\u00fan acuerdo sobre Groenlandia y la situaci\u00f3n sigue siendo desafiante, dijo el primer ministro groenland\u00e9s, Jens-Frederik Nielsen, en una entrevista con la Corporaci\u00f3n de Radiodifusi\u00f3n de Groenlandia publicada hoy viernes.<\/p>\n\n\n\n<p>El presidente de Estados Unidos, Donald Trump, dijo la semana pasada en su plataforma Truth Social que las conversaciones con el secretario general de la OTAN, Mark Rutte, hab\u00edan logrado \u00abel marco para un futuro acuerdo\u00bb en relaci\u00f3n con Groenlandia y la m\u00e1s amplia regi\u00f3n del \u00c1rtico.<\/p>\n\n\n\n<p>\u00abEl Gobierno est\u00e1 buscando una aclaraci\u00f3n a trav\u00e9s de los canales apropiados\u00bb, dijo Nielsen, quien agreg\u00f3 que Trump ha seguido mostrando inter\u00e9s en apoderarse de Groenlandia.<\/p>\n\n\n\n<p>Ante la presi\u00f3n de Estados Unidos, Nielsen hizo \u00e9nfasis en la importancia de fortalecer la cooperaci\u00f3n con los socios de la OTAN y de la Uni\u00f3n Europea. \u00abLo haremos paso a paso para fortalecer la cooperaci\u00f3n empresarial, cultural, educativa y de otras \u00e1reas\u00bb, dijo.<\/p>\n\n\n\n<p>Sobre las recientes visitas a Alemania y Francia, Nielsen dijo que los dos pa\u00edses reiteraron su apoyo a Groenlandia de diversas maneras.<\/p>\n\n\n\n<p>Groenlandia, la isla m\u00e1s grande del mundo, es un territorio aut\u00f3nomo del Reino de Dinamarca, aunque Copenhague tiene el control de la pol\u00edtica exterior y de defensa. Desde que regres\u00f3 a la presidencia en 2025, Trump ha expresado en repetidas ocasiones su inter\u00e9s de \u00abobtener\u00bb Groenlandia, inter\u00e9s que ha sido reiteradamente rechazado por Europa.<\/p>\n","protected":false},"excerpt":{"rendered":"<p>spanish.news.cn|&nbsp;2026-01-31 07:51:15| OSLO, 30 ene (Xinhua) &#8212; No se ha logrado ning\u00fan acuerdo sobre Groenlandia y la situaci\u00f3n sigue siendo desafiante, dijo el primer ministro groenland\u00e9s, Jens-Frederik Nielsen, en una entrevista con la Corporaci\u00f3n de Radiodifusi\u00f3n de Groenlandia publicada hoy viernes. El presidente de Estados Unidos, Donald Trump, dijo la semana pasada en su plataforma [&hellip;]<\/p>\n","protected":false},"author":28,"featured_media":663093,"comment_status":"open","ping_status":"closed","sticky":false,"template":"","format":"standard","meta":{"footnotes":""},"categories":[23],"tags":[4007],"class_list":["post-663008","post","type-post","status-publish","format-standard","has-post-thumbnail","hentry","category-internacional","tag-groenlandia"],"_links":{"self":[{"href":"https:\/\/diariodominicano.com\/index.php?rest_route=\/wp\/v2\/posts\/663008","targetHints":{"allow":["GET"]}}],"collection":[{"href":"https:\/\/diariodominicano.com\/index.php?rest_route=\/wp\/v2\/posts"}],"about":[{"href":"https:\/\/diariodominicano.com\/index.php?rest_route=\/wp\/v2\/types\/post"}],"author":[{"embeddable":true,"href":"https:\/\/diariodominicano.com\/index.php?rest_route=\/wp\/v2\/users\/28"}],"replies":[{"embeddable":true,"href":"https:\/\/diariodominicano.com\/index.php?rest_route=%2Fwp%2Fv2%2Fcomments&post=663008"}],"version-history":[{"count":3,"href":"https:\/\/diariodominicano.com\/index.php?rest_route=\/wp\/v2\/posts\/663008\/revisions"}],"predecessor-version":[{"id":663012,"href":"https:\/\/diariodominicano.com\/index.php?rest_route=\/wp\/v2\/posts\/663008\/revisions\/663012"}],"wp:featuredmedia":[{"embeddable":true,"href":"https:\/\/diariodominicano.com\/index.php?rest_route=\/wp\/v2\/media\/663093"}],"wp:attachment":[{"href":"https:\/\/diariodominicano.com\/index.php?rest_route=%2Fwp%2Fv2%2Fmedia&parent=663008"}],"wp:term":[{"taxonomy":"category","embeddable":true,"href":"https:\/\/diariodominicano.com\/index.php?rest_route=%2Fwp%2Fv2%2Fcategories&post=663008"},{"taxonomy":"post_tag","embeddable":true,"href":"https:\/\/diariodominicano.com\/index.php?rest_route=%2Fwp%2Fv2%2Ftags&post=663008"}],"curies":[{"name":"wp","href":"https:\/\/api.w.org\/{rel}","templated":true}]}}