{"id":66300,"date":"2012-02-08T12:49:53","date_gmt":"2012-02-08T12:49:53","guid":{"rendered":"http:\/\/diariodominicano.ddns.net\/?p=66300"},"modified":"2012-02-08T12:49:53","modified_gmt":"2012-02-08T12:49:53","slug":"embajada-dominicana-en-bruselas-inaugura-exposicion-coleccion-museo-bellapart-2","status":"publish","type":"post","link":"https:\/\/diariodominicano.com\/?p=66300","title":{"rendered":"Embajada dominicana en Bruselas inaugura exposici\u00f3n Colecci\u00f3n Museo Bellapart"},"content":{"rendered":"<p><body><\/p>\n<p><img decoding=\"async\" src=\"img3\/Exposicion pintura.JPG\" \/><br \/><img decoding=\"async\" src=\"img3\/Asitente a exp.JPG\" \/><br \/><img decoding=\"async\" src=\"img3\/Asitente a exp 1.JPG\" \/>  <\/p>\n<p><span class=\"text1noticias\">8 feb.-  La Embajada dominicana en Bruselas y el Museo Bellapart, con el apoyo de la Alcald\u00eda de la Ciudad de Bruselas dejaron inaugurada, en la prestigiosa sala ojival de la Alcad\u00eda, la exposici\u00f3n \u00abEn el Trayecto del Sol: Modernidad y Vanguardias en la Pintura Dominicana\u00bb, una selecci\u00f3n de 30 obras de 19 maestros de la pl\u00e1stica nacional de la colecci\u00f3n del Sr. Juan Jos\u00e9 Bellapart.<\/span><\/p>\n<\/p>\n<p><span class=\"text1noticias\">El acto fue precedido por el Sr. Hamza Fassi-Fihri, Regidor de Cultura de la ciudad de Bruselas, el Embajador de la Rep\u00fablica Dominicana en B\u00e9lgica, Sr. Alejandro Gonz\u00e1lez Pons, con la presencia de los embajadores de Ecuador, Venezuela, Israel, Benin, El Salvador,  entre otros miembros del Cuerpo Diplom\u00e1tico. Asistieron tambi\u00e9n dominicanos residentes en B\u00e9lgica, artistas y otras personalidades.<\/span><\/p>\n<\/p>\n<p><span class=\"text1noticias\">Seg\u00fan la opini\u00f3n de entendidos, esta exposici\u00f3n, bajo la curadur\u00eda de la Sra. Luisa Auffant, es una de las m\u00e1s importantes muestras del Arte Latinoamericano que se han exhibido en esta ciudad, Capital de Europa. Esta magn\u00edfica muestra estar\u00e1 abierta al p\u00fablico hasta el 26 de febrero y cuenta con el apoyo del Ministerio de Cultura, el Ministerio de Turismo y de su Oficina local para el Benelux, Seguros Universal y Air France. Esta exposici\u00f3n forma parte de los actos conmemorativos del 168 aniversario de  la Independencia Nacional.<\/span><\/p>\n<\/p>\n<p><span class=\"text1noticias\">Leyenda de fotograf\u00edas:<\/span><\/p>\n<p><span class=\"text1noticias\">01: de izquierda a derecha: Luisa Auffant, Curadora Exposici\u00f3n ; Embajador Alejandro Gonz\u00e1lez Pons ; Regidor de Cultura de la ciudad de Bruselas Hamza Fassi Fihri, Sra. Sulamita Puig de Gonz\u00e1lez.<\/span><\/p>\n<\/p>\n<p><span class=\"text1noticias\">02: de izquierda a derecha: Embajador de Venezuela Sr. Garc\u00eda Danglades ; Embajador de Rep\u00fablica Dominicana Sr. Alejandro Gonz\u00e1lez Pons ; Embajador de Ecuador Sr. Yepez Lasso, Embajador de El Salvador y Sra. Sulamita Puig de Gonz\u00e1lez.<\/span><\/p>\n<\/p>\n<p><span class=\"text1noticias\">03: Sala de \u00abLa Milice\u00bbcon la exposici\u00f3n: \u00abEn el Trayecto del Sol: Modernidad y Vanguardias en la Pintura Dominicana\u00bb<\/span><\/p>\n<\/p>\n<p><span class=\"text1noticias\">04: Sala Ojival de la Alcald\u00eda donde se celebro la inauguraci\u00f3n de la exposici\u00f3n \u00abEn el Trayecto del Sol: Modernidad y Vanguardias en la Pintura Dominicana\u00bb<\/span><\/p>\n<p><span class=\"text1noticias\"> <\/span><\/p>\n<p><span class=\"text1noticias\">05: Embajador Gonzalez Pons saluda a los Embajadores de Benin e Israel<\/span>.<\/p>\n<\/p>\n<h6> 2012-02-08 12:49:53 <\/h6>\n<p><!--\n<link rel=\"stylesheet\" href=\"css\/bootstrap.min.css\">\n\n\n<ul class=\"pagination\">\n\t    \n\t\n\n<li >\n\t<a href='?page_no=17977'>Previous<\/a>\n\t<\/li>\n\n\n       \n    \n\n<li><a href='?page_no=1'>1<\/a><\/li>\n\n\n\n<li><a href='?page_no=2'>2<\/a><\/li>\n\n\n\n<li><a>...<\/a><\/li>\n\n\n\n<li><a href='?page_no=17976'>17976<\/a><\/li>\n\n\n\n<li><a href='?page_no=17977'>17977<\/a><\/li>\n\n\n\n<li class='active'><a>17978<\/a><\/li>\n\n\n\n<li><a href='?page_no=17979'>17979<\/a><\/li>\n\n\n\n<li><a href='?page_no=17980'>17980<\/a><\/li>\n\n\n\n<li><a>...<\/a><\/li>\n\n\n\n<li><a href='?page_no=22911'>22911<\/a><\/li>\n\n\n\n<li><a href='?page_no=22912'>22912<\/a><\/li>\n\n    \n\t\n\n<li >\n\t<a href='?page_no=17979'>Next<\/a>\n\t<\/li>\n\n\n    \n\n<li><a href='?page_no=22912'>Last &rsaquo;&rsaquo;<\/a><\/li>\n\n<\/ul>\n\n\n--><br \/>\n<\/body><\/p>\n","protected":false},"excerpt":{"rendered":"<p>8 feb.- La Embajada dominicana en Bruselas y el Museo Bellapart, con el apoyo de la Alcald\u00eda de la Ciudad de Bruselas dejaron inaugurada, en la prestigiosa sala ojival de la Alcad\u00eda, la exposici\u00f3n \u00abEn el Trayecto del Sol: Modernidad y Vanguardias en la Pintura Dominicana\u00bb, una selecci\u00f3n de 30 obras de 19 maestros de [&hellip;]<\/p>\n","protected":false},"author":3,"featured_media":0,"comment_status":"open","ping_status":"open","sticky":false,"template":"","format":"standard","meta":{"footnotes":""},"categories":[21],"tags":[],"class_list":["post-66300","post","type-post","status-publish","format-standard","hentry","category-cultura"],"_links":{"self":[{"href":"https:\/\/diariodominicano.com\/index.php?rest_route=\/wp\/v2\/posts\/66300","targetHints":{"allow":["GET"]}}],"collection":[{"href":"https:\/\/diariodominicano.com\/index.php?rest_route=\/wp\/v2\/posts"}],"about":[{"href":"https:\/\/diariodominicano.com\/index.php?rest_route=\/wp\/v2\/types\/post"}],"author":[{"embeddable":true,"href":"https:\/\/diariodominicano.com\/index.php?rest_route=\/wp\/v2\/users\/3"}],"replies":[{"embeddable":true,"href":"https:\/\/diariodominicano.com\/index.php?rest_route=%2Fwp%2Fv2%2Fcomments&post=66300"}],"version-history":[{"count":0,"href":"https:\/\/diariodominicano.com\/index.php?rest_route=\/wp\/v2\/posts\/66300\/revisions"}],"wp:attachment":[{"href":"https:\/\/diariodominicano.com\/index.php?rest_route=%2Fwp%2Fv2%2Fmedia&parent=66300"}],"wp:term":[{"taxonomy":"category","embeddable":true,"href":"https:\/\/diariodominicano.com\/index.php?rest_route=%2Fwp%2Fv2%2Fcategories&post=66300"},{"taxonomy":"post_tag","embeddable":true,"href":"https:\/\/diariodominicano.com\/index.php?rest_route=%2Fwp%2Fv2%2Ftags&post=66300"}],"curies":[{"name":"wp","href":"https:\/\/api.w.org\/{rel}","templated":true}]}}