{"id":66299,"date":"2012-02-08T13:35:34","date_gmt":"2012-02-08T13:35:34","guid":{"rendered":"http:\/\/diariodominicano.ddns.net\/?p=66299"},"modified":"2012-02-08T13:35:34","modified_gmt":"2012-02-08T13:35:34","slug":"carnaval-de-fantino-inicia-con-vistosa-ceremonia","status":"publish","type":"post","link":"https:\/\/diariodominicano.com\/?p=66299","title":{"rendered":"Carnaval de Fantino inicia con vistosa ceremonia"},"content":{"rendered":"<p><body><\/p>\n<p><img decoding=\"async\" src=\"img3\/CARNAVAL fantino 1.JPG\" \/><br \/><img decoding=\"async\" src=\"img3\/CARNAVAL fantino 2.JPG\" \/>  <\/p>\n<p><span class=\"text1noticias\">FANTINO, Rep. Dominicana, 8 feb.- Este municipio inici\u00f3 su carnaval con la coronaci\u00f3n de la reina y el rey momo, en una vistosa ceremonia celebrada en el parque municipal de aqu\u00ed, encabezada por la alcaldesa local, profesora Lorenza Rojas.<\/span><\/p>\n<p><span class=\"text1noticias\">La reina del carnaval es la se\u00f1orita Niurka C\u00e1meli Salda\u00f1a de la Cruz, mientras que Felipe Garc\u00eda, fundador de uno de los grupos carnavalescos, fue coronado rey momo.<\/span><\/p>\n<p><span class=\"text1noticias\">El pueblo se desbord\u00f3 en alegr\u00eda acompa\u00f1ando a los grupos que activan el carnaval y sus coloridos, concentrados en el parque municipal, donde todo era fiesta de pueblo y algarab\u00eda.<\/span><\/p>\n<p><span class=\"text1noticias\">La alcaldesa Lorenza Rojas, al hacer uso de la palabra, anunci\u00f3 el apoyo a todos los grupos de carnaval, interesada en que la comunidad tambi\u00e9n tenga un espacio de diversi\u00f3n sana.<\/span><\/p>\n<p><span class=\"text1noticias\">La funcionaria municipal exhort\u00f3 al pueblo a disfrutar en armon\u00eda, a integrarse a la fiesta de carnaval y apoyar este folclor, que ya forma parte de una tradici\u00f3n en la Rep\u00fablica Dominicana.<\/span><\/p>\n<p><span class=\"text1noticias\">Asimismo, pidi\u00f3 a las personas a no permitir que desaparezca esta costumbre, participando de manera entusiasta de todas las actividades que han sido programadas para llevarse a cado durante todo el mes de febrero.<\/span><\/p>\n<p><span class=\"text1noticias\">El merenguero t\u00edpico Krispy dio apertura al carnaval, interpretando los principales temas musicales de su repertorio, poniendo a gozar y a bailar al p\u00fablico.<\/span><\/p>\n<p><span class=\"text1noticias\">La cartelera art\u00edstica continuar\u00e1 el pr\u00f3ximo domingo con el grupo bachatero Joel y Los Insuperables. Las presentaciones art\u00edsticas son auspiciadas por las firmas licoreras Presidente y Brugal. <\/span><\/p>\n<p><span class=\"text1noticias\">Los grupos que iniciaron el carnaval son, La Calle, los Individuales, Roba la Gallina, Los Cimarrones, Los Indeseables, Los Cueros, Los Salvajes, Grupo Comandante Fidal, Chinobi, entre otros que se ir\u00e1n integrando en el camino.<\/span><\/p>\n<p><span class=\"text1noticias\">Los coordinadores de las actividades del carnaval son Wilfrido Castillo, Mar\u00eda Fern\u00e1ndez, Nelson Antonio L\u00f3pez y Jos\u00e9 Morillo. En los eventos act\u00faan Karpito de maestro de ceremonia y Alfonso Suriel como animador.<\/span><\/p>\n<p><span class=\"text1noticias\">La informaci\u00f3n fue servida por los periodistas Osvaldo Brito y Rafael Aridio Hidalgo<\/span>.<\/p>\n<h6> 2012-02-08 13:35:34 <\/h6>\n<p><!--\n<link rel=\"stylesheet\" href=\"css\/bootstrap.min.css\">\n\n\n<ul class=\"pagination\">\n\t    \n\t\n\n<li >\n\t<a href='?page_no=17976'>Previous<\/a>\n\t<\/li>\n\n\n       \n    \n\n<li><a href='?page_no=1'>1<\/a><\/li>\n\n\n\n<li><a href='?page_no=2'>2<\/a><\/li>\n\n\n\n<li><a>...<\/a><\/li>\n\n\n\n<li><a href='?page_no=17975'>17975<\/a><\/li>\n\n\n\n<li><a href='?page_no=17976'>17976<\/a><\/li>\n\n\n\n<li class='active'><a>17977<\/a><\/li>\n\n\n\n<li><a href='?page_no=17978'>17978<\/a><\/li>\n\n\n\n<li><a href='?page_no=17979'>17979<\/a><\/li>\n\n\n\n<li><a>...<\/a><\/li>\n\n\n\n<li><a href='?page_no=22911'>22911<\/a><\/li>\n\n\n\n<li><a href='?page_no=22912'>22912<\/a><\/li>\n\n    \n\t\n\n<li >\n\t<a href='?page_no=17978'>Next<\/a>\n\t<\/li>\n\n\n    \n\n<li><a href='?page_no=22912'>Last &rsaquo;&rsaquo;<\/a><\/li>\n\n<\/ul>\n\n\n--><br \/>\n<\/body><\/p>\n","protected":false},"excerpt":{"rendered":"<p>FANTINO, Rep. Dominicana, 8 feb.- Este municipio inici\u00f3 su carnaval con la coronaci\u00f3n de la reina y el rey momo, en una vistosa ceremonia celebrada en el parque municipal de aqu\u00ed, encabezada por la alcaldesa local, profesora Lorenza Rojas. La reina del carnaval es la se\u00f1orita Niurka C\u00e1meli Salda\u00f1a de la Cruz, mientras que Felipe [&hellip;]<\/p>\n","protected":false},"author":3,"featured_media":0,"comment_status":"open","ping_status":"open","sticky":false,"template":"","format":"standard","meta":{"footnotes":""},"categories":[21],"tags":[],"class_list":["post-66299","post","type-post","status-publish","format-standard","hentry","category-cultura"],"_links":{"self":[{"href":"https:\/\/diariodominicano.com\/index.php?rest_route=\/wp\/v2\/posts\/66299","targetHints":{"allow":["GET"]}}],"collection":[{"href":"https:\/\/diariodominicano.com\/index.php?rest_route=\/wp\/v2\/posts"}],"about":[{"href":"https:\/\/diariodominicano.com\/index.php?rest_route=\/wp\/v2\/types\/post"}],"author":[{"embeddable":true,"href":"https:\/\/diariodominicano.com\/index.php?rest_route=\/wp\/v2\/users\/3"}],"replies":[{"embeddable":true,"href":"https:\/\/diariodominicano.com\/index.php?rest_route=%2Fwp%2Fv2%2Fcomments&post=66299"}],"version-history":[{"count":0,"href":"https:\/\/diariodominicano.com\/index.php?rest_route=\/wp\/v2\/posts\/66299\/revisions"}],"wp:attachment":[{"href":"https:\/\/diariodominicano.com\/index.php?rest_route=%2Fwp%2Fv2%2Fmedia&parent=66299"}],"wp:term":[{"taxonomy":"category","embeddable":true,"href":"https:\/\/diariodominicano.com\/index.php?rest_route=%2Fwp%2Fv2%2Fcategories&post=66299"},{"taxonomy":"post_tag","embeddable":true,"href":"https:\/\/diariodominicano.com\/index.php?rest_route=%2Fwp%2Fv2%2Ftags&post=66299"}],"curies":[{"name":"wp","href":"https:\/\/api.w.org\/{rel}","templated":true}]}}