{"id":66297,"date":"2012-02-08T17:50:28","date_gmt":"2012-02-08T17:50:28","guid":{"rendered":"http:\/\/diariodominicano.ddns.net\/?p=66297"},"modified":"2012-02-08T17:50:28","modified_gmt":"2012-02-08T17:50:28","slug":"grandes-artistas-sus-historias-de-amor-y-desamor-en-el-cinemam","status":"publish","type":"post","link":"https:\/\/diariodominicano.com\/?p=66297","title":{"rendered":"Grandes artistas, sus historias de amor y desamor en el CineMAM"},"content":{"rendered":"<p><body><\/p>\n<p><span class=\"text1noticias\">Museo de Arte Moderno<\/span><\/p>\n<\/p>\n<p><span class=\"text1noticias\">Sanro Domingo, RD, 8 feb.-  \u00a8Por Amor al Arte\u00a8,  historia de vida, amor y desamor de destacados artistas del arte universal, es el nuevo ciclo del CineMAM,  cine club oficial del Museo de Arte Moderno,  que ser\u00e1 presentado en el auditorio del  MAM,  los d\u00edas 11 y 12  de febrero,  a partir de las 6:00 de la noche.<\/span><\/p>\n<\/p>\n<p><span class=\"text1noticias\">El tercer ciclo del CineMAM es una antesala al d\u00eda de San Valent\u00edn para dar un vistazo por las relaciones personales, la repercusi\u00f3n del amor en  sus obras y el universo creativo de grandes figuras, entre ellas: Camille Claudel, Modigliani, Francis Bacon y Salvador Dal\u00ed.<\/span><\/p>\n<\/p>\n<p><span class=\"text1noticias\">La programaci\u00f3n inicia el viernes 11, a las 6:00PM, con \u00abLove is The Devil: Study for a Portrait of Francis Bacon\u00bb;  contin\u00faa con \u00abLittle Ashes\u00bb , a las 7:30PM,  en una segunda tanda. Para el s\u00e1bado 12 est\u00e1 programado \u00abCamille Claudel\u00bb, a las 6:00PM, y culmina con \u00abModigliani\u00bb, a las 7:30PM.<\/span><\/p>\n<\/p>\n<p><span class=\"text1noticias\">CineMAM, Cine+Arte, como ha sido denominado, est\u00e1 inspirado en el cine arte que tiene mayor libertad creativa y busca convertirse en un espacio audiovisual alternativo, establecer di\u00e1logos entre los artistas y el p\u00fablico,  y mostrar materiales in\u00e9ditos de artistas del video arte, animaci\u00f3n, performance, entre otras tem\u00e1ticas.<\/span><\/p>\n<\/p>\n<p><span class=\"text1noticias\">El Museo de Arte Moderno de la Rep\u00fablica Dominicana est\u00e1 localizado en la Av. Pedro Henr\u00edquez Ure\u00f1a, Plaza de la Cultura Juan Pablo Duarte, detr\u00e1s del Teatro Nacional, en horario  de martes a domingo de 9:00 a.m. a  6:00 p.m<\/span>.<\/p>\n<h6> 2012-02-08 17:50:28 <\/h6>\n<p><!--\n<link rel=\"stylesheet\" href=\"css\/bootstrap.min.css\">\n\n\n<ul class=\"pagination\">\n\t    \n\t\n\n<li >\n\t<a href='?page_no=17974'>Previous<\/a>\n\t<\/li>\n\n\n       \n    \n\n<li><a href='?page_no=1'>1<\/a><\/li>\n\n\n\n<li><a href='?page_no=2'>2<\/a><\/li>\n\n\n\n<li><a>...<\/a><\/li>\n\n\n\n<li><a href='?page_no=17973'>17973<\/a><\/li>\n\n\n\n<li><a href='?page_no=17974'>17974<\/a><\/li>\n\n\n\n<li class='active'><a>17975<\/a><\/li>\n\n\n\n<li><a href='?page_no=17976'>17976<\/a><\/li>\n\n\n\n<li><a href='?page_no=17977'>17977<\/a><\/li>\n\n\n\n<li><a>...<\/a><\/li>\n\n\n\n<li><a href='?page_no=22911'>22911<\/a><\/li>\n\n\n\n<li><a href='?page_no=22912'>22912<\/a><\/li>\n\n    \n\t\n\n<li >\n\t<a href='?page_no=17976'>Next<\/a>\n\t<\/li>\n\n\n    \n\n<li><a href='?page_no=22912'>Last &rsaquo;&rsaquo;<\/a><\/li>\n\n<\/ul>\n\n\n--><br \/>\n<\/body><\/p>\n","protected":false},"excerpt":{"rendered":"<p>Museo de Arte Moderno Sanro Domingo, RD, 8 feb.- \u00a8Por Amor al Arte\u00a8, historia de vida, amor y desamor de destacados artistas del arte universal, es el nuevo ciclo del CineMAM, cine club oficial del Museo de Arte Moderno, que ser\u00e1 presentado en el auditorio del MAM, los d\u00edas 11 y 12 de febrero, a [&hellip;]<\/p>\n","protected":false},"author":3,"featured_media":0,"comment_status":"open","ping_status":"open","sticky":false,"template":"","format":"standard","meta":{"footnotes":""},"categories":[21],"tags":[],"class_list":["post-66297","post","type-post","status-publish","format-standard","hentry","category-cultura"],"_links":{"self":[{"href":"https:\/\/diariodominicano.com\/index.php?rest_route=\/wp\/v2\/posts\/66297","targetHints":{"allow":["GET"]}}],"collection":[{"href":"https:\/\/diariodominicano.com\/index.php?rest_route=\/wp\/v2\/posts"}],"about":[{"href":"https:\/\/diariodominicano.com\/index.php?rest_route=\/wp\/v2\/types\/post"}],"author":[{"embeddable":true,"href":"https:\/\/diariodominicano.com\/index.php?rest_route=\/wp\/v2\/users\/3"}],"replies":[{"embeddable":true,"href":"https:\/\/diariodominicano.com\/index.php?rest_route=%2Fwp%2Fv2%2Fcomments&post=66297"}],"version-history":[{"count":0,"href":"https:\/\/diariodominicano.com\/index.php?rest_route=\/wp\/v2\/posts\/66297\/revisions"}],"wp:attachment":[{"href":"https:\/\/diariodominicano.com\/index.php?rest_route=%2Fwp%2Fv2%2Fmedia&parent=66297"}],"wp:term":[{"taxonomy":"category","embeddable":true,"href":"https:\/\/diariodominicano.com\/index.php?rest_route=%2Fwp%2Fv2%2Fcategories&post=66297"},{"taxonomy":"post_tag","embeddable":true,"href":"https:\/\/diariodominicano.com\/index.php?rest_route=%2Fwp%2Fv2%2Ftags&post=66297"}],"curies":[{"name":"wp","href":"https:\/\/api.w.org\/{rel}","templated":true}]}}