{"id":662967,"date":"2026-01-31T01:23:12","date_gmt":"2026-01-31T05:23:12","guid":{"rendered":"https:\/\/diariodominicano.com\/?p=662967"},"modified":"2026-01-31T01:23:17","modified_gmt":"2026-01-31T05:23:17","slug":"onu-reitera-postura-contra-el-bloqueo-de-eeuu-a-cuba","status":"publish","type":"post","link":"https:\/\/diariodominicano.com\/?p=662967","title":{"rendered":"ONU reitera postura contra el bloqueo de EEUU a Cuba"},"content":{"rendered":"\n<figure class=\"wp-block-image\"><img decoding=\"async\" src=\"https:\/\/www.prensa-latina.cu\/wp-content\/uploads\/2026\/01\/Farhan-Haq-1.jpg\" alt=\"\" class=\"wp-image-1700971\"\/><\/figure>\n\n\n\n<p>Naciones Unidas, 30 ene (Prensa Latina) El portavoz adjunto del Secretario General de la ONU, Farhan Aziz Haq, reiter\u00f3 hoy la postura de las Naciones Unidas a favor del levantamiento del bloqueo de Estados Unidos contra Cuba.<\/p>\n\n\n\n<ul class=\"wp-block-list\">\n<li><a href=\"https:\/\/www.prensa-latina.cu\/2026\/01\/30\/\"><time>enero 30, 2026 | 14:18<\/time><\/a><\/li>\n<\/ul>\n\n\n\n<ul class=\"wp-block-list\">\n<li><a href=\"https:\/\/www.prensa-latina.cu\/2026\/01\/30\/onu-reitera-postura-contra-el-bloqueo-de-eeuu-a-cuba\/#\"><\/a><\/li>\n\n\n\n<li><a href=\"https:\/\/www.prensa-latina.cu\/2026\/01\/30\/onu-reitera-postura-contra-el-bloqueo-de-eeuu-a-cuba\/#\"><\/a><\/li>\n\n\n\n<li><a href=\"https:\/\/www.prensa-latina.cu\/2026\/01\/30\/onu-reitera-postura-contra-el-bloqueo-de-eeuu-a-cuba\/#\"><\/a><\/li>\n\n\n\n<li><a href=\"https:\/\/www.prensa-latina.cu\/2026\/01\/30\/onu-reitera-postura-contra-el-bloqueo-de-eeuu-a-cuba\/#\"><\/a><\/li>\n<\/ul>\n\n\n\n<p>\u201cComo saben, la Asamblea General ha pedido reiteradamente el fin del bloqueo contra Cuba\u201d, expres\u00f3 el vocero en respuesta a una pregunta de Prensa Latina sobre el reforzamiento de esa pol\u00edtica, tras la nueva orden ejecutiva de la administraci\u00f3n de Donald Trump de imponer unilateralmente coercitivos aranceles a los pa\u00edses que vendan petr\u00f3leo al pa\u00eds caribe\u00f1o.<\/p>\n\n\n\n<p>Instamos a todos los Estados Miembros -dijo- a que cumplan las resoluciones de la Asamblea General.<\/p>\n\n\n\n<p>Una orden ejecutiva publicada por la Casa Blanca el 29 de enero y firmada por el mandatario republicano declara una \u201cemergencia nacional\u201d respecto a Cuba y para hacerle frente, estim\u00f3 que ser\u00eda \u201cnecesario y apropiado\u201d establecer un sistema de aranceles contra los pa\u00edses que proporcionen \u201cdirecta o indirectamente\u201d cualquier tipo de petr\u00f3leo a Cuba.<\/p>\n\n\n\n<p>D\u00edas antes del regreso de Trump a la Casa Blanca el pasado a\u00f1o, la ONU ratific\u00f3 a Prensa Latina que daba la bienvenida \u201cal anuncio de Estados Unidos del 14 de enero sobre, entre otras medidas, la retirada de Cuba de la lista de estados patrocinadores del terrorismo del Departamento de Estado\u201d.<\/p>\n\n\n\n<p>Un acto tard\u00edo de la saliente administraci\u00f3n de Joe Biden, pero que estaba en la direcci\u00f3n correcta.<\/p>\n\n\n\n<p>Sin embargo, tras asumir el cargo una semana despu\u00e9s, en sus primeras horas en la mansi\u00f3n ejecutiva, Trump dio marcha atr\u00e1s con una orden ejecutiva a la decisi\u00f3n de Biden sin presentar ninguna evidencia nueva y desconocer el trabajo y criterio de sus propias agencias estatales.<\/p>\n\n\n\n<p>Las reacciones no se hicieron esperar. El secretario general de la ONU, Ant\u00f3nio Guterres, incluso, en su momento, reconoci\u00f3 que la conducta de Cuba en algunos procesos de mediaci\u00f3n como el proceso de paz en Colombia, contradice la permanencia en semejante lista.<\/p>\n\n\n\n<p>Cuba fue incluida por primera vez en esa relaci\u00f3n de Estados patrocinadores del terrorismo en 1982, durante el gobierno del republicano Ronald Reagan hasta que, en 2015, el presidente dem\u00f3crata Barack retir\u00f3 tal designaci\u00f3n al considerar que carec\u00eda de m\u00e9rito.<\/p>\n\n\n\n<p>El bloqueo econ\u00f3mico, comercial y financiero a Cuba constituye una pol\u00edtica unilateral, coercitiva y extraterritorial que viola el Derecho Internacional y los prop\u00f3sitos y principios de la Carta de la ONU.<\/p>\n\n\n\n<p>Tras sus 65 a\u00f1os de aplicaci\u00f3n, el objetivo central no ha variado: deteriorar el nivel de vida de la poblaci\u00f3n, provocar insatisfacciones, desesperaci\u00f3n e irritaci\u00f3n, como medio para propiciar un cambio en el orden constitucional que el pueblo cubano ha escogido libremente.<\/p>\n\n\n\n<p>La administraci\u00f3n estadounidense persiste en ignorar el llamamiento casi un\u00e1nime de la comunidad internacional para poner fin a esta pol\u00edtica ilegal e inhumana contra Cuba, expresado en 33 resoluciones de la Asamblea General de la ONU.<\/p>\n\n\n\n<p>arc\/dfm<\/p>\n\n\n\n<ul class=\"wp-block-list\">\n<li>#<a href=\"https:\/\/www.prensa-latina.cu\/etiqueta\/cuba\/\">cuba<\/a>\u00a0#<a href=\"https:\/\/www.prensa-latina.cu\/etiqueta\/onu\/\">ONU<\/a><\/li>\n<\/ul>\n","protected":false},"excerpt":{"rendered":"<p>Naciones Unidas, 30 ene (Prensa Latina) El portavoz adjunto del Secretario General de la ONU, Farhan Aziz Haq, reiter\u00f3 hoy la postura de las Naciones Unidas a favor del levantamiento del bloqueo de Estados Unidos contra Cuba. \u201cComo saben, la Asamblea General ha pedido reiteradamente el fin del bloqueo contra Cuba\u201d, expres\u00f3 el vocero en [&hellip;]<\/p>\n","protected":false},"author":2,"featured_media":0,"comment_status":"open","ping_status":"closed","sticky":false,"template":"","format":"standard","meta":{"footnotes":""},"categories":[23],"tags":[3100,292],"class_list":["post-662967","post","type-post","status-publish","format-standard","hentry","category-internacional","tag-cuba","tag-onu"],"_links":{"self":[{"href":"https:\/\/diariodominicano.com\/index.php?rest_route=\/wp\/v2\/posts\/662967","targetHints":{"allow":["GET"]}}],"collection":[{"href":"https:\/\/diariodominicano.com\/index.php?rest_route=\/wp\/v2\/posts"}],"about":[{"href":"https:\/\/diariodominicano.com\/index.php?rest_route=\/wp\/v2\/types\/post"}],"author":[{"embeddable":true,"href":"https:\/\/diariodominicano.com\/index.php?rest_route=\/wp\/v2\/users\/2"}],"replies":[{"embeddable":true,"href":"https:\/\/diariodominicano.com\/index.php?rest_route=%2Fwp%2Fv2%2Fcomments&post=662967"}],"version-history":[{"count":1,"href":"https:\/\/diariodominicano.com\/index.php?rest_route=\/wp\/v2\/posts\/662967\/revisions"}],"predecessor-version":[{"id":662968,"href":"https:\/\/diariodominicano.com\/index.php?rest_route=\/wp\/v2\/posts\/662967\/revisions\/662968"}],"wp:attachment":[{"href":"https:\/\/diariodominicano.com\/index.php?rest_route=%2Fwp%2Fv2%2Fmedia&parent=662967"}],"wp:term":[{"taxonomy":"category","embeddable":true,"href":"https:\/\/diariodominicano.com\/index.php?rest_route=%2Fwp%2Fv2%2Fcategories&post=662967"},{"taxonomy":"post_tag","embeddable":true,"href":"https:\/\/diariodominicano.com\/index.php?rest_route=%2Fwp%2Fv2%2Ftags&post=662967"}],"curies":[{"name":"wp","href":"https:\/\/api.w.org\/{rel}","templated":true}]}}