{"id":66295,"date":"2012-02-08T21:45:18","date_gmt":"2012-02-08T21:45:18","guid":{"rendered":"http:\/\/diariodominicano.ddns.net\/?p=66295"},"modified":"2012-02-08T21:45:18","modified_gmt":"2012-02-08T21:45:18","slug":"uasd-suscribira-acuerdo-con-universidad-de-guinea-ecuatorial","status":"publish","type":"post","link":"https:\/\/diariodominicano.com\/?p=66295","title":{"rendered":"UASD suscribir\u00e1 acuerdo con universidad de Guinea Ecuatorial"},"content":{"rendered":"<p><body><\/p>\n<p><img decoding=\"async\" src=\"img3\/uasdguinea.JPG\" \/>  <\/p>\n<p><span class=\"text1noticias\">Rep. Dom, 8 de Febrero.-El rector de la Universidad Aut\u00f3noma de Santo Domingo (UASD), maestro Mateo Aquino Febrillet, recibi\u00f3 en su despacho la visita de cortes\u00eda de la embajadora  de la Rep\u00fablica de Guinea Ecuatorial, Teresa Efua Asangono, con quien convers\u00f3 sobre la posibilidad de firmar un acuerdo de colaboraci\u00f3n con la academia de altos de estudios de esa naci\u00f3n.<\/span><\/p>\n<\/p>\n<p><span class=\"text1noticias\">Aquino Febrillet dijo que para la academia estatal ser\u00eda de alta importancia el poder contribuir con la formaci\u00f3n de los ciudadanos de esa naci\u00f3n extranjera. <\/span><\/p>\n<\/p>\n<p><span class=\"text1noticias\">Agreg\u00f3 que junto a las autoridades de la Universidad de Guinea Ecuatorial, proceder\u00e1n a identificar las \u00e1reas en las que podr\u00eda producirse la colaboraci\u00f3n y dej\u00f3 abierta la posibilidad de que puedan ofrecerse cursos y programas conjuntos en l\u00edneas entre ambas academias.<\/span><\/p>\n<\/p>\n<p><span class=\"text1noticias\">Expres\u00f3 que la Rep\u00fablica Dominicana tiene una deuda hist\u00f3rica  con los pa\u00edses de \u00c1frica, toda vez de que \u00ablos dominicanos somos afrodescendientes\u00bb.<\/span><\/p>\n<\/p>\n<p><span class=\"text1noticias\">Por su lado,  la embajadora Efua Asangono dijo que para su pa\u00eds y para la universidad ser\u00eda altamente importante el suscribir un convenio de hermanamiento con la UASD.<\/span><\/p>\n<\/p>\n<p><span class=\"text1noticias\">Indic\u00f3 que a los estudiantes e intelectuales de su patria les interesa la historia del centro de altos estudios dominicano, tras se\u00f1alar que un acuerdo entre las dos instituciones acad\u00e9micas contribuir\u00eda a fortalecer los lazos de colaboraci\u00f3n de ambos gobiernos.<\/span><\/p>\n<\/p>\n<p><span class=\"text1noticias\">En el breve encuentro participaron adem\u00e1s, el ex rector de la academia estatal, maestro  Roberto Reyna; el vicerrector de Extensi\u00f3n, maestro  Francisco Terrero Galarza y la encargada de seguimiento de convenios, Milie P\u00e9rez<\/span>. <\/p>\n<\/p>\n<h6> 2012-02-08 21:45:18 <\/h6>\n<p><!--\n<link rel=\"stylesheet\" href=\"css\/bootstrap.min.css\">\n\n\n<ul class=\"pagination\">\n\t    \n\t\n\n<li >\n\t<a href='?page_no=17972'>Previous<\/a>\n\t<\/li>\n\n\n       \n    \n\n<li><a href='?page_no=1'>1<\/a><\/li>\n\n\n\n<li><a href='?page_no=2'>2<\/a><\/li>\n\n\n\n<li><a>...<\/a><\/li>\n\n\n\n<li><a href='?page_no=17971'>17971<\/a><\/li>\n\n\n\n<li><a href='?page_no=17972'>17972<\/a><\/li>\n\n\n\n<li class='active'><a>17973<\/a><\/li>\n\n\n\n<li><a href='?page_no=17974'>17974<\/a><\/li>\n\n\n\n<li><a href='?page_no=17975'>17975<\/a><\/li>\n\n\n\n<li><a>...<\/a><\/li>\n\n\n\n<li><a href='?page_no=22911'>22911<\/a><\/li>\n\n\n\n<li><a href='?page_no=22912'>22912<\/a><\/li>\n\n    \n\t\n\n<li >\n\t<a href='?page_no=17974'>Next<\/a>\n\t<\/li>\n\n\n    \n\n<li><a href='?page_no=22912'>Last &rsaquo;&rsaquo;<\/a><\/li>\n\n<\/ul>\n\n\n--><br \/>\n<\/body><\/p>\n","protected":false},"excerpt":{"rendered":"<p>Rep. Dom, 8 de Febrero.-El rector de la Universidad Aut\u00f3noma de Santo Domingo (UASD), maestro Mateo Aquino Febrillet, recibi\u00f3 en su despacho la visita de cortes\u00eda de la embajadora de la Rep\u00fablica de Guinea Ecuatorial, Teresa Efua Asangono, con quien convers\u00f3 sobre la posibilidad de firmar un acuerdo de colaboraci\u00f3n con la academia de altos [&hellip;]<\/p>\n","protected":false},"author":3,"featured_media":0,"comment_status":"open","ping_status":"open","sticky":false,"template":"","format":"standard","meta":{"footnotes":""},"categories":[21],"tags":[],"class_list":["post-66295","post","type-post","status-publish","format-standard","hentry","category-cultura"],"_links":{"self":[{"href":"https:\/\/diariodominicano.com\/index.php?rest_route=\/wp\/v2\/posts\/66295","targetHints":{"allow":["GET"]}}],"collection":[{"href":"https:\/\/diariodominicano.com\/index.php?rest_route=\/wp\/v2\/posts"}],"about":[{"href":"https:\/\/diariodominicano.com\/index.php?rest_route=\/wp\/v2\/types\/post"}],"author":[{"embeddable":true,"href":"https:\/\/diariodominicano.com\/index.php?rest_route=\/wp\/v2\/users\/3"}],"replies":[{"embeddable":true,"href":"https:\/\/diariodominicano.com\/index.php?rest_route=%2Fwp%2Fv2%2Fcomments&post=66295"}],"version-history":[{"count":0,"href":"https:\/\/diariodominicano.com\/index.php?rest_route=\/wp\/v2\/posts\/66295\/revisions"}],"wp:attachment":[{"href":"https:\/\/diariodominicano.com\/index.php?rest_route=%2Fwp%2Fv2%2Fmedia&parent=66295"}],"wp:term":[{"taxonomy":"category","embeddable":true,"href":"https:\/\/diariodominicano.com\/index.php?rest_route=%2Fwp%2Fv2%2Fcategories&post=66295"},{"taxonomy":"post_tag","embeddable":true,"href":"https:\/\/diariodominicano.com\/index.php?rest_route=%2Fwp%2Fv2%2Ftags&post=66295"}],"curies":[{"name":"wp","href":"https:\/\/api.w.org\/{rel}","templated":true}]}}