{"id":66294,"date":"2012-02-08T22:00:01","date_gmt":"2012-02-08T22:00:01","guid":{"rendered":"http:\/\/diariodominicano.ddns.net\/?p=66294"},"modified":"2012-02-08T22:00:01","modified_gmt":"2012-02-08T22:00:01","slug":"califican-a-la-formacion-investigacion-y-la-transferencia-del-conocimiento-como-el-triangulo-del-conocimiento","status":"publish","type":"post","link":"https:\/\/diariodominicano.com\/?p=66294","title":{"rendered":"Califican a la formaci\u00f3n, investigaci\u00f3n y la transferencia del conocimiento como el tri\u00e1ngulo del conocimiento"},"content":{"rendered":"<p><body><\/p>\n<p><img decoding=\"async\" src=\"img3\/vasco.JPG\" \/>  <\/p>\n<p><span class=\"text1noticias\">Rep. Dom, 8 de Febrero.- El  rector del Pa\u00eds Vasco,  calific\u00f3 a la formaci\u00f3n, investigaci\u00f3n y la transferencia del conocimiento como el tri\u00e1ngulo del conocimiento, que al final ?dijo- es lo que persiguen todas las universidades.<\/span><\/p>\n<\/p>\n<p><span class=\"text1noticias\">Sin embargo, I\u00f1aki Goirizelaia Ordorika, explic\u00f3 que esto debe realizarse tomando en cuenta  valores que no pueden perderse en una casa de altos estudios que son la internacionalizaci\u00f3n, que es transversal, porque debe aplicarse tanto a la investigaci\u00f3n como a la transferencia, la formaci\u00f3n, y por \u00faltimo, los valores de responsabilidad social.<\/span><\/p>\n<\/p>\n<p><span class=\"text1noticias\">\u00abUna universidad que tiene como objetivo formar, investigar y transferir tiene muy presente la internacionalizaci\u00f3n de todas estas actividades y esto es transversal y tambi\u00e9n los criterios de responsabilidad social\u00bb, dijo. <\/span><\/p>\n<\/p>\n<p><span class=\"text1noticias\">Record\u00f3 que las universidades p\u00fablicas deben contar con la confianza de sus gobiernos, y a su vez, \u00e9ste debe apostar por la universidad p\u00fablica.  \u00abPero no s\u00f3lo debemos pensar que la inversi\u00f3n que el pa\u00eds tiene que hacer con respecto al PIB en educaci\u00f3n, tambi\u00e9n debemos pensar cu\u00e1l es el porcentaje del PIB que se debe dedicar a investigaci\u00f3n, sobre todo a investigaci\u00f3n universitaria\u00bb, se\u00f1al\u00f3 el catedr\u00e1tico del pa\u00eds Vasco.<\/span><\/p>\n<\/p>\n<p><span class=\"text1noticias\">Mientras que el  rector de la Universidad Aut\u00f3noma de Santo Domingo, UASD,  maestro Mateo Aquino Febrillet, dijo que el trabajo continuo de la UASD con la del Pa\u00eds Vasco se ve a diario y  puso como ejemplo que de 35 graduando en doctorados, 25 provienen de nuestra academia.<\/span><\/p>\n<\/p>\n<p><span class=\"text1noticias\">\u00abAunque en t\u00e9rmino absoluto parezca peque\u00f1o, en t\u00e9rminos de calidad y el esfuerzo que significa es un gran n\u00famero, porque formar un doctor es una tarea que no es tan sencilla\u00bb, indic\u00f3.<\/span><\/p>\n<\/p>\n<p><span class=\"text1noticias\">Aquino Febrillet resalt\u00f3 tambi\u00e9n la importancia del tema en momentos en que la UASD est\u00e1 inmersa en el redise\u00f1o de su pol\u00edtica investigativa, trabajando para elevar por la v\u00eda del desarrollo la  investigaci\u00f3n coherente y pertinente con los planes y desarrollo del pa\u00eds y con la misi\u00f3n de la universidad.<\/span><\/p>\n<\/p>\n<p><span class=\"text1noticias\">\u00abDe manera tal que podamos optimizar los recursos que recibimos y que podamos canalizar el trabajo de los doctorando hacia \u00e1reas y temas que puedan ser \u00fatil a la Rep\u00fablica Dominicana\u00bb, dijo el rector de la Primada de Am\u00e9rica. <\/span><\/p>\n<\/p>\n<p><span class=\"text1noticias\">Ambos rectores hablaron en momentos que el Rector Universidad Pa\u00eds Vasco dicta conferencia en la UASD sobre el futuro de la Investigaci\u00f3n<\/span>.<\/p>\n<h6> 2012-02-08 22:00:01 <\/h6>\n<p><!--\n<link rel=\"stylesheet\" href=\"css\/bootstrap.min.css\">\n\n\n<ul class=\"pagination\">\n\t    \n\t\n\n<li >\n\t<a href='?page_no=17971'>Previous<\/a>\n\t<\/li>\n\n\n       \n    \n\n<li><a href='?page_no=1'>1<\/a><\/li>\n\n\n\n<li><a href='?page_no=2'>2<\/a><\/li>\n\n\n\n<li><a>...<\/a><\/li>\n\n\n\n<li><a href='?page_no=17970'>17970<\/a><\/li>\n\n\n\n<li><a href='?page_no=17971'>17971<\/a><\/li>\n\n\n\n<li class='active'><a>17972<\/a><\/li>\n\n\n\n<li><a href='?page_no=17973'>17973<\/a><\/li>\n\n\n\n<li><a href='?page_no=17974'>17974<\/a><\/li>\n\n\n\n<li><a>...<\/a><\/li>\n\n\n\n<li><a href='?page_no=22911'>22911<\/a><\/li>\n\n\n\n<li><a href='?page_no=22912'>22912<\/a><\/li>\n\n    \n\t\n\n<li >\n\t<a href='?page_no=17973'>Next<\/a>\n\t<\/li>\n\n\n    \n\n<li><a href='?page_no=22912'>Last &rsaquo;&rsaquo;<\/a><\/li>\n\n<\/ul>\n\n\n--><br \/>\n<\/body><\/p>\n","protected":false},"excerpt":{"rendered":"<p>Rep. Dom, 8 de Febrero.- El rector del Pa\u00eds Vasco, calific\u00f3 a la formaci\u00f3n, investigaci\u00f3n y la transferencia del conocimiento como el tri\u00e1ngulo del conocimiento, que al final ?dijo- es lo que persiguen todas las universidades. Sin embargo, I\u00f1aki Goirizelaia Ordorika, explic\u00f3 que esto debe realizarse tomando en cuenta valores que no pueden perderse en [&hellip;]<\/p>\n","protected":false},"author":3,"featured_media":0,"comment_status":"open","ping_status":"open","sticky":false,"template":"","format":"standard","meta":{"footnotes":""},"categories":[21],"tags":[],"class_list":["post-66294","post","type-post","status-publish","format-standard","hentry","category-cultura"],"_links":{"self":[{"href":"https:\/\/diariodominicano.com\/index.php?rest_route=\/wp\/v2\/posts\/66294","targetHints":{"allow":["GET"]}}],"collection":[{"href":"https:\/\/diariodominicano.com\/index.php?rest_route=\/wp\/v2\/posts"}],"about":[{"href":"https:\/\/diariodominicano.com\/index.php?rest_route=\/wp\/v2\/types\/post"}],"author":[{"embeddable":true,"href":"https:\/\/diariodominicano.com\/index.php?rest_route=\/wp\/v2\/users\/3"}],"replies":[{"embeddable":true,"href":"https:\/\/diariodominicano.com\/index.php?rest_route=%2Fwp%2Fv2%2Fcomments&post=66294"}],"version-history":[{"count":0,"href":"https:\/\/diariodominicano.com\/index.php?rest_route=\/wp\/v2\/posts\/66294\/revisions"}],"wp:attachment":[{"href":"https:\/\/diariodominicano.com\/index.php?rest_route=%2Fwp%2Fv2%2Fmedia&parent=66294"}],"wp:term":[{"taxonomy":"category","embeddable":true,"href":"https:\/\/diariodominicano.com\/index.php?rest_route=%2Fwp%2Fv2%2Fcategories&post=66294"},{"taxonomy":"post_tag","embeddable":true,"href":"https:\/\/diariodominicano.com\/index.php?rest_route=%2Fwp%2Fv2%2Ftags&post=66294"}],"curies":[{"name":"wp","href":"https:\/\/api.w.org\/{rel}","templated":true}]}}