{"id":66293,"date":"2012-02-09T02:26:56","date_gmt":"2012-02-09T02:26:56","guid":{"rendered":"http:\/\/diariodominicano.ddns.net\/?p=66293"},"modified":"2012-02-09T02:26:56","modified_gmt":"2012-02-09T02:26:56","slug":"presidente-fernandez-encabeza-puesta-en-circulacion-de-libro-haiti-clama-la-mano-dominicana-responde","status":"publish","type":"post","link":"https:\/\/diariodominicano.com\/?p=66293","title":{"rendered":"Presidente Fern\u00e1ndez encabeza puesta en circulaci\u00f3n de libro \u00abHait\u00ed Clama: la Mano Dominicana Responde\u00bb"},"content":{"rendered":"<p><body><\/p>\n<p><img decoding=\"async\" src=\"img3\/haiti080201.jpg\" \/><br \/><img decoding=\"async\" src=\"img3\/haiti080802.jpg\" \/><br \/><img decoding=\"async\" src=\"img3\/haiti0802.jpg\" \/>  <\/p>\n<p align=\"justify\"><span class=\"text1noticias\">SANTO DOMINGO, Rep\u00fablica Dominicana,  9 enero.- En un acto que cont\u00f3 con la presencia del presidente Leonel Fern\u00e1ndez y la Primera Dama, Margarita Cede\u00f1o de Fern\u00e1ndez, fue puesto en circulaci\u00f3n este mi\u00e9rcoles el libro \u00abHait\u00ed Clama: la Mano Dominicana Responde\u00bb, una valiosa compilaci\u00f3n en la que se recoge en detalles el apoyo solidario sin precedentes que el pueblo dominicano ofreci\u00f3 a los haitianos a ra\u00edz del violento terremoto que estremeci\u00f3 a su pa\u00eds el 12 de enero de 2010.<\/span><\/p>\n<\/p>\n<p align=\"justify\"><span class=\"text1noticias\">El material bibliogr\u00e1fico, que est\u00e1 redactado en espa\u00f1ol, ingl\u00e9s y franc\u00e9s, fue compilado y editado por la Direcci\u00f3n de Informaci\u00f3n, Prensa y Publicidad de la Presidencia de la Rep\u00fablica.<\/span><\/p>\n<\/p>\n<p align=\"justify\"><span class=\"text1noticias\">En su discurso, Rafael  N\u00fa\u00f1ez explic\u00f3 que el libro fue elaborado con el objetivo de que la opini\u00f3n p\u00fablica mundial tenga acceso a documentos ver\u00eddicos sobre el rol que cada actor ha jugado en relaci\u00f3n, no solo a la mitigaci\u00f3n de los da\u00f1os ocasionados por el terremoto, sino al Plan de Reconstrucci\u00f3n asumido en la Cumbre de Punta Cana, el 2 de junio de 2010.<\/span><\/p>\n<\/p>\n<p align=\"justify\"><span class=\"text1noticias\">\u00abRep\u00fablica Dominicana, bajo el liderazgo del presidente Leonel Fern\u00e1ndez, ha jugado  un modesto pero oportuno papel para socorrer las familias haitianas\u00bb, proclam\u00f3 el comunicado.<\/span><\/p>\n<\/p>\n<p align=\"justify\"><span class=\"text1noticias\">Dijo que \u00abal ser el primer Jefe de Estado en presentarse en Hait\u00ed luego del movimiento tel\u00farico, el mandatario dominicano tuvo la oportunidad de, junto al entonces presidente haitiano Ren\u00e9 Preval, delinear el plan de acci\u00f3n inmediato, a los fines de llevar energ\u00eda el\u00e9ctrica, restablecer la comunicaci\u00f3n telef\u00f3nica y dar asistencia m\u00e9dica a los haitianos heridos, buena parte de los cuales fueron trasladados en helic\u00f3pteros de la Fuerza A\u00e9rea Dominicana a hospitales dominicanos\u00bb.<\/span><\/p>\n<\/p>\n<p align=\"justify\"><span class=\"text1noticias\">De igual manera, N\u00fa\u00f1ez resalt\u00f3 que la \u00abCumbre Mundial sobre Hait\u00ed: Solidaridad m\u00e1s All\u00e1 de la Crisis\u00bb  fue la \u00faltima de una serie de encuentros similares, el primero de los cuales se realiz\u00f3 en el Palacio Nacional  con la participaci\u00f3n de representantes de los pa\u00edses amigos de Hait\u00ed, as\u00ed como delegados de Organizaciones No Gubernamentales y de organismos multilaterales.<\/span><\/p>\n<\/p>\n<p align=\"justify\"><span class=\"text1noticias\">El funcionario sostuvo que m\u00e1s de dos a\u00f1os despu\u00e9s de la tragedia,  millares de haitianos, que aun residen bajo carpas,  languidecen por el hambre, sin servicios sanitarios adecuados, ilumin\u00e1ndose con velas o l\u00e1mparas, y castigados por la lluvia y el sol.<\/span><\/p>\n<\/p>\n<p align=\"justify\"><span class=\"text1noticias\">\u00abCon las limitaciones  propias de nuestros pa\u00edses, Rep\u00fablica Dominicana pone en pr\u00e1ctica, cada d\u00eda, el valor de la solidaridad con Hait\u00ed, teniendo a disposici\u00f3n de los inmigrantes de ese pa\u00eds las universidades, hospitales y otros servicios con que cuenta el Estado para servir a nuestros compatriotas\u00bb, puntualiz\u00f3 N\u00fa\u00f1ez.<\/span><\/p>\n<\/p>\n<p align=\"justify\"><strong><span class=\"text1noticias\">EL LIBRO<\/span><\/strong><\/p>\n<\/p>\n<p align=\"justify\"><span class=\"text1noticias\">El libro inicia con un recuento de los efectos destructivos del poderoso sismo y de inmediato pasa a destacar los diferentes \u00e1mbitos en que la solidaridad del gobierno y el pueblo dominicanos se hizo sentir desde pocas horas despu\u00e9s de ocurrir la enorme tragedia.<\/span><\/p>\n<\/p>\n<p align=\"justify\"><span class=\"text1noticias\">Entre las instituciones estatales dominicanas que se desbordaron en ayuda a Hait\u00ed, el libro cita la Defensa Civil, el Plan de Asistencia Social de la Presidencia de la Rep\u00fablica, los Comedores Econ\u00f3micos del Estado, la Cruz Roja Dominicana, la Corporaci\u00f3n de Acueducto y Alcantarillado de Santo Domingo (CAASD), el Instituto Nacional de Aguas Potables y Alcantarillados (INAPA) y la Corporaci\u00f3n Dominicana de Empresas El\u00e9ctricas Estatales (CDEEE).<\/span><\/p>\n<\/p>\n<p align=\"justify\"><span class=\"text1noticias\">Tambi\u00e9n, la Corporaci\u00f3n de Acueducto y Alcantarillado de Santiago (CORAASAN), el Instituto Dominicano de las Telecomunicaciones (INDOTEL), la Oficina Metropolitana de Servicios de Autobuses (OMSA), el Despacho de la Primera Dama, el Instituto de Formaci\u00f3n T\u00e9cnico Profesional (INFOTEP), el Centro de Operaciones de Emergencias (COE) y los ministerio de Salud P\u00fablica y las Fuerzas Armadas, respectivamente.<\/span><\/p>\n<\/p>\n<p align=\"justify\"><span class=\"text1noticias\">De igual manera, destaca los ingentes esfuerzos desplegados por el presidente Fern\u00e1ndez con miras a lograr  que la comunidad internacional acuda en ayuda de Hait\u00ed, as\u00ed como las expresiones de reconocimiento de que ha sido objeto el gobernante dominicano por ese gesto solidario sin precedente en la historia de las relaciones de los dos pa\u00edses que comparten la isla Hispaniola.<\/span><\/p>\n<\/p>\n<p align=\"justify\"><span class=\"text1noticias\">\u00abPor razones de tiempo, no pudimos incluir el gran aporte llevado a cabo por cientos de instituciones privadas, familias e iglesias que con dinero, ropa, alimentos y todo lo que le fue posible, escribieron en una p\u00e1gina de oro en el libro sobre los valores, demostrando una solidaridad, expresada manifestada con sinceridad a favor del pueblo haitiano\u00bb, explic\u00f3 N\u00fa\u00f1ez.       <\/span><\/p>\n<p align=\"justify\"><span class=\"text1noticias\">   <\/span><\/p>\n<p align=\"justify\"><span class=\"text1noticias\">Agreg\u00f3 que  \u00abesa solidaridad es un ejemplo de la nobleza de los dominicanos, y un ment\u00eds a quienes trataron en el pasado de presentarnos como indolentes, racistas y esclavistas\u00bb. <\/span><\/p>\n<\/p>\n<p align=\"justify\"><span class=\"text1noticias\">\u00abHait\u00ed Clama: la Mano Dominicana Responde\u00bb es el segundo material bibliogr\u00e1fico que edita la Direcci\u00f3n de Informaci\u00f3n, Prensa y Publicidad de la Presidencia, en relaci\u00f3n con la situaci\u00f3n de desolaci\u00f3n en que qued\u00f3 Hait\u00ed a causa del referido terremoto. <\/span><\/p>\n<\/p>\n<p align=\"justify\"><span class=\"text1noticias\">El primer libro tiene como t\u00edtulo \u00abUn Compromiso con Hait\u00ed\u00bb, y recoge b\u00e1sicamente los compromisos  asumidos por la comunidad internacional en el marco de la \u00abCumbre Mundial sobre el Futuro de Hait\u00ed: Solidaridad m\u00e1s all\u00e1 de la Crisis, celebrada en Punta Cana, provincia La Altagracia, el 2 de junio de 2010. <\/span><\/p>\n<p align=\"justify\"><span class=\"text1noticias\"><strong>LA CEREMONIA<\/strong><\/span><\/p>\n<\/p>\n<p align=\"justify\"><span class=\"text1noticias\">La ceremonia de puesta en circulaci\u00f3n de \u00abHait\u00ed Clama: la Mano Dominicana Responde\u00bb se efectu\u00f3 en el sal\u00f3n Las Cari\u00e1tides, del Palacio Nacional.<\/span><\/p>\n<\/p>\n<p align=\"justify\"><span class=\"text1noticias\">La obra, impresa por Editora Corripio, fue presentada por el  ministro de Econom\u00eda, Planificaci\u00f3n y Desarrollo, ingeniero Tem\u00edstocles Mont\u00e1s, quien destac\u00f3 la importancia de la compilaci\u00f3n y elogi\u00f3 el comportamiento asumido por el pueblo dominicano ante la tragedia que sacudi\u00f3 a Hait\u00ed.<\/span><\/p>\n<\/p>\n<p align=\"justify\"><span class=\"text1noticias\">El funcionario resalt\u00f3 que la obra muestra c\u00f3mo Rep\u00fablica Dominicana se convirti\u00f3 en puente obligado  del socorro mundial de los damnificados en el vecino pa\u00eds y resalt\u00f3 los trabajos que contin\u00faa realizando el pueblo dominicano para fortalecer las relaciones entre ambas naciones.<\/span><\/p>\n<\/p>\n<p align=\"justify\"><span class=\"text1noticias\">En la ceremonia tambi\u00e9n participaron los ministros de la Presidencia, C\u00e9sar Pina Toribio; de Relaciones Exteriores, Carlos Morales Troncoso, y Administrativo de la Presidencia, Luis Manuel Bonetti.<\/span><\/p>\n<\/p>\n<p align=\"justify\"><span class=\"text1noticias\">De igual manera, asistieron miembros del cuerpo diplom\u00e1tico y consular acreditados en el pa\u00eds, entre ellos el embajador de Hait\u00ed en la Rep\u00fablica Dominicana, Fritz Cineas, as\u00ed como rectores de universidades, empresarios y  ejecutivos de medios de comunicaci\u00f3n.<\/span><\/p>\n<\/p>\n<p align=\"justify\"><span class=\"text1noticias\">El programa de puesta en circulaci\u00f3n de \u00abHait\u00ed Clama: la Mano Dominicana Responde\u00bb incluy\u00f3 el rodaje de un audiovisual de 5 minutos cuyo contenido versa sobre el mismo tema.<\/span><\/p>\n<\/p>\n<\/p>\n<\/p>\n<h6> 2012-02-09 02:26:56 <\/h6>\n<p><!--\n<link rel=\"stylesheet\" href=\"css\/bootstrap.min.css\">\n\n\n<ul class=\"pagination\">\n\t    \n\t\n\n<li >\n\t<a href='?page_no=17970'>Previous<\/a>\n\t<\/li>\n\n\n       \n    \n\n<li><a href='?page_no=1'>1<\/a><\/li>\n\n\n\n<li><a href='?page_no=2'>2<\/a><\/li>\n\n\n\n<li><a>...<\/a><\/li>\n\n\n\n<li><a href='?page_no=17969'>17969<\/a><\/li>\n\n\n\n<li><a href='?page_no=17970'>17970<\/a><\/li>\n\n\n\n<li class='active'><a>17971<\/a><\/li>\n\n\n\n<li><a href='?page_no=17972'>17972<\/a><\/li>\n\n\n\n<li><a href='?page_no=17973'>17973<\/a><\/li>\n\n\n\n<li><a>...<\/a><\/li>\n\n\n\n<li><a href='?page_no=22911'>22911<\/a><\/li>\n\n\n\n<li><a href='?page_no=22912'>22912<\/a><\/li>\n\n    \n\t\n\n<li >\n\t<a href='?page_no=17972'>Next<\/a>\n\t<\/li>\n\n\n    \n\n<li><a href='?page_no=22912'>Last &rsaquo;&rsaquo;<\/a><\/li>\n\n<\/ul>\n\n\n--><br \/>\n<\/body><\/p>\n","protected":false},"excerpt":{"rendered":"<p>SANTO DOMINGO, Rep\u00fablica Dominicana, 9 enero.- En un acto que cont\u00f3 con la presencia del presidente Leonel Fern\u00e1ndez y la Primera Dama, Margarita Cede\u00f1o de Fern\u00e1ndez, fue puesto en circulaci\u00f3n este mi\u00e9rcoles el libro \u00abHait\u00ed Clama: la Mano Dominicana Responde\u00bb, una valiosa compilaci\u00f3n en la que se recoge en detalles el apoyo solidario sin precedentes [&hellip;]<\/p>\n","protected":false},"author":3,"featured_media":0,"comment_status":"open","ping_status":"open","sticky":false,"template":"","format":"standard","meta":{"footnotes":""},"categories":[21],"tags":[],"class_list":["post-66293","post","type-post","status-publish","format-standard","hentry","category-cultura"],"_links":{"self":[{"href":"https:\/\/diariodominicano.com\/index.php?rest_route=\/wp\/v2\/posts\/66293","targetHints":{"allow":["GET"]}}],"collection":[{"href":"https:\/\/diariodominicano.com\/index.php?rest_route=\/wp\/v2\/posts"}],"about":[{"href":"https:\/\/diariodominicano.com\/index.php?rest_route=\/wp\/v2\/types\/post"}],"author":[{"embeddable":true,"href":"https:\/\/diariodominicano.com\/index.php?rest_route=\/wp\/v2\/users\/3"}],"replies":[{"embeddable":true,"href":"https:\/\/diariodominicano.com\/index.php?rest_route=%2Fwp%2Fv2%2Fcomments&post=66293"}],"version-history":[{"count":0,"href":"https:\/\/diariodominicano.com\/index.php?rest_route=\/wp\/v2\/posts\/66293\/revisions"}],"wp:attachment":[{"href":"https:\/\/diariodominicano.com\/index.php?rest_route=%2Fwp%2Fv2%2Fmedia&parent=66293"}],"wp:term":[{"taxonomy":"category","embeddable":true,"href":"https:\/\/diariodominicano.com\/index.php?rest_route=%2Fwp%2Fv2%2Fcategories&post=66293"},{"taxonomy":"post_tag","embeddable":true,"href":"https:\/\/diariodominicano.com\/index.php?rest_route=%2Fwp%2Fv2%2Ftags&post=66293"}],"curies":[{"name":"wp","href":"https:\/\/api.w.org\/{rel}","templated":true}]}}