{"id":66292,"date":"2012-02-09T16:59:49","date_gmt":"2012-02-09T16:59:49","guid":{"rendered":"http:\/\/diariodominicano.ddns.net\/?p=66292"},"modified":"2012-02-09T16:59:49","modified_gmt":"2012-02-09T16:59:49","slug":"al-ritmo-del-caribe-comienza-feria-del-libro-cuba-2012","status":"publish","type":"post","link":"https:\/\/diariodominicano.com\/?p=66292","title":{"rendered":"Al ritmo del Caribe comienza feria del libro Cuba 2012"},"content":{"rendered":"<p><body><\/p>\n<p><img decoding=\"async\" src=\"img3\/cuba feria libro1.jpg\" \/>  <\/p>\n<p><span class=\"text1noticias\">\t \t <\/span><\/p>\n<p><span class=\"text1noticias\">La Habana, 9 feb (PL).-  La Feria Internacional del Libro Cuba 2012 iniciar\u00e1 hoy aqu\u00ed su marcha, en el Parque Morro-Caba\u00f1a, con m\u00e1s de 200 personalidades de 40 pa\u00edses y la cultura de los pueblos del Caribe como invitada de honor.<\/span><\/p>\n<\/p>\n<p><span class=\"text1noticias\">Esperada cada a\u00f1o por los cubanos, abrir\u00e1 su edici\u00f3n 21 al ritmo de la m\u00fasica de la regi\u00f3n con un concierto de bienvenida presidido por el trovador barbadense Mighty Gabby y el grupo vocal Desandam, oriundo de la oriental ciudad de Camag\u00fcey.<\/span><\/p>\n<\/p>\n<p><span class=\"text1noticias\">Dedicada a los escritores Ambrosio Fornet (Premio Nacional de Literatura 2009) y Zoila Lapique (Premio Nacional de Ciencias Sociales 2002), se multiplicar\u00e1 durante 10 d\u00edas en otras 11 sedes de la capital como la Casa de las Am\u00e9ricas, la Casa del Alba Cultural, el Centro Dulce Mar\u00eda Loynaz y la Sociedad Cultural Jos\u00e9 Mart\u00ed.<\/span><\/p>\n<\/p>\n<p><span class=\"text1noticias\">Entre las personalidades invitadas figuran el escritor mexicano Sergio Pitol (Premio Cervantes 2005), el te\u00f3logo brasile\u00f1o Frei Betto, los argentinos Miguel Bonasso y Vicente Battista, y el periodista francoespa\u00f1ol Ignacio Ramonet.<\/span><\/p>\n<\/p>\n<p><span class=\"text1noticias\">Los intelectuales del Caribe estar\u00e1n representados por figuras como el barbadense Sir Hilary Beckles, el jamaicano Norman Girvan y el santaluciano Kendel Hippolyte.<\/span><\/p>\n<\/p>\n<p><span class=\"text1noticias\">Tambi\u00e9n asistir\u00e1n los dominicanos Chiqui Vicioso y Roberto Carlos G\u00f3mez, la guyanesa Pauline Melvilla, el sanmartinense M. Lasana Sekou, los jamaicanos Keith Ellis y Olive Senior, y el puertorrique\u00f1o Humberto Garc\u00eda Mu\u00f1iz, entre otros.<\/span><\/p>\n<\/p>\n<p><span class=\"text1noticias\">Unas 130 casas impresoras participar\u00e1n en el encuentro, 65 de ellas extranjeras y algunas habituales como las peruanas El mundo de los minilibros y Los libros m\u00e1s peque\u00f1os del mundo; Ediciones Urano y Editorial Pax, de M\u00e9xico, y Patfhinder Books, de Gran Breta\u00f1a.<\/span><\/p>\n<\/p>\n<p><span class=\"text1noticias\">El programa acad\u00e9mico-literario contempla paneles, coloquios, mesas redondas, foros y debates con temas actuales, entre estos un acercamiento a la figura del guerrillero argentino-cubano Ernesto Che Guevara, a 45 a\u00f1os de su asesinato.<\/span><\/p>\n<\/p>\n<p><span class=\"text1noticias\">Habr\u00e1 libros de todos los g\u00e9neros y para todos los gustos, de autores cl\u00e1sicos y noveles procedentes de la regi\u00f3n y otras latitudes.<\/span><\/p>\n<\/p>\n<p><span class=\"text1noticias\">De forma paralela sesionar\u00e1 un programa art\u00edstico que abarca del cine a la m\u00fasica, con personalidades como el cantautor colombiano Andr\u00e9s Cabas, el chileno Patricio Maturano y el grupo venezolano SurConsiente.<\/span><\/p>\n<\/p>\n<p><span class=\"text1noticias\">Aunque ser\u00e1 inaugurada oficialmente hoy, la feria tuvo un anticipo la v\u00edspera en el c\u00e9ntrico Pabell\u00f3n Cuba, sede destinada en especial a los j\u00f3venes.<\/span><\/p>\n<\/p>\n<p><span class=\"text1noticias\">Fundada en 1982 bajo el lema Leer es crecer, en 2002 se extendi\u00f3 a 17 ciudades del pa\u00eds, a ra\u00edz de una propuesta del entonces presidente cubano, Fidel Castro, para convertirla en un acontecimiento nacional.<\/span><\/p>\n<\/p>\n<p><span class=\"text1noticias\">Finalizada su fase habanera, el 19 de febrero pr\u00f3ximo, comenzar\u00e1 su itinerario de occidente a oriente hasta concluir el 4 de marzo en la ciudad de Santiago de Cuba<\/span>.<\/p>\n<h6> 2012-02-09 16:59:49 <\/h6>\n<p><!--\n<link rel=\"stylesheet\" href=\"css\/bootstrap.min.css\">\n\n\n<ul class=\"pagination\">\n\t    \n\t\n\n<li >\n\t<a href='?page_no=17969'>Previous<\/a>\n\t<\/li>\n\n\n       \n    \n\n<li><a href='?page_no=1'>1<\/a><\/li>\n\n\n\n<li><a href='?page_no=2'>2<\/a><\/li>\n\n\n\n<li><a>...<\/a><\/li>\n\n\n\n<li><a href='?page_no=17968'>17968<\/a><\/li>\n\n\n\n<li><a href='?page_no=17969'>17969<\/a><\/li>\n\n\n\n<li class='active'><a>17970<\/a><\/li>\n\n\n\n<li><a href='?page_no=17971'>17971<\/a><\/li>\n\n\n\n<li><a href='?page_no=17972'>17972<\/a><\/li>\n\n\n\n<li><a>...<\/a><\/li>\n\n\n\n<li><a href='?page_no=22911'>22911<\/a><\/li>\n\n\n\n<li><a href='?page_no=22912'>22912<\/a><\/li>\n\n    \n\t\n\n<li >\n\t<a href='?page_no=17971'>Next<\/a>\n\t<\/li>\n\n\n    \n\n<li><a href='?page_no=22912'>Last &rsaquo;&rsaquo;<\/a><\/li>\n\n<\/ul>\n\n\n--><br \/>\n<\/body><\/p>\n","protected":false},"excerpt":{"rendered":"<p>La Habana, 9 feb (PL).- La Feria Internacional del Libro Cuba 2012 iniciar\u00e1 hoy aqu\u00ed su marcha, en el Parque Morro-Caba\u00f1a, con m\u00e1s de 200 personalidades de 40 pa\u00edses y la cultura de los pueblos del Caribe como invitada de honor. Esperada cada a\u00f1o por los cubanos, abrir\u00e1 su edici\u00f3n 21 al ritmo de la [&hellip;]<\/p>\n","protected":false},"author":3,"featured_media":0,"comment_status":"open","ping_status":"open","sticky":false,"template":"","format":"standard","meta":{"footnotes":""},"categories":[21],"tags":[],"class_list":["post-66292","post","type-post","status-publish","format-standard","hentry","category-cultura"],"_links":{"self":[{"href":"https:\/\/diariodominicano.com\/index.php?rest_route=\/wp\/v2\/posts\/66292","targetHints":{"allow":["GET"]}}],"collection":[{"href":"https:\/\/diariodominicano.com\/index.php?rest_route=\/wp\/v2\/posts"}],"about":[{"href":"https:\/\/diariodominicano.com\/index.php?rest_route=\/wp\/v2\/types\/post"}],"author":[{"embeddable":true,"href":"https:\/\/diariodominicano.com\/index.php?rest_route=\/wp\/v2\/users\/3"}],"replies":[{"embeddable":true,"href":"https:\/\/diariodominicano.com\/index.php?rest_route=%2Fwp%2Fv2%2Fcomments&post=66292"}],"version-history":[{"count":0,"href":"https:\/\/diariodominicano.com\/index.php?rest_route=\/wp\/v2\/posts\/66292\/revisions"}],"wp:attachment":[{"href":"https:\/\/diariodominicano.com\/index.php?rest_route=%2Fwp%2Fv2%2Fmedia&parent=66292"}],"wp:term":[{"taxonomy":"category","embeddable":true,"href":"https:\/\/diariodominicano.com\/index.php?rest_route=%2Fwp%2Fv2%2Fcategories&post=66292"},{"taxonomy":"post_tag","embeddable":true,"href":"https:\/\/diariodominicano.com\/index.php?rest_route=%2Fwp%2Fv2%2Ftags&post=66292"}],"curies":[{"name":"wp","href":"https:\/\/api.w.org\/{rel}","templated":true}]}}