{"id":66291,"date":"2012-02-09T20:13:42","date_gmt":"2012-02-09T20:13:42","guid":{"rendered":"http:\/\/diariodominicano.ddns.net\/?p=66291"},"modified":"2012-02-09T20:13:42","modified_gmt":"2012-02-09T20:13:42","slug":"historiadora-explica-origen-del-nombre-de-republica-dominicana","status":"publish","type":"post","link":"https:\/\/diariodominicano.com\/?p=66291","title":{"rendered":"Historiadora explica origen del nombre de Rep\u00fablica Dominicana"},"content":{"rendered":"<p><body><\/p>\n<p><img decoding=\"async\" src=\"img3\/nombrerd.JPG\" \/>  <\/p>\n<p><span class=\"text1noticias\">Santo Domingo, Rep.Dom, 9 de Febrero.- El origen del nombre de Rep\u00fablica Dominicana fue explicado a 120 estudiantes de escuelas p\u00fablicas por la historiadora Celsa Albert Batista durante la conferencia que dict\u00f3 en el Centro Cultural de las Telecomunicaciones (CCT), entidad del Instituto Dominicano de las Telecomunicaciones (INDOTEL), ubicada en la calle Isabel La Cat\u00f3lica de la Ciudad Colonial, en esta capital.<\/span><\/p>\n<p><span class=\"text1noticias\"> <\/span><\/p>\n<p><span class=\"text1noticias\">La doctora Albert Batista, en representaci\u00f3n de la Comisi\u00f3n Permanente de Efem\u00e9rides Patrias (CPEP), atribuy\u00f3 el nombre de Rep\u00fablica Dominicana a un reconocimiento a la Orden Religiosa de los padres Dominicos por su contribuci\u00f3n a la defensa de los derechos humanos de los ind\u00edgenas y al desarrollo de la educaci\u00f3n y la Cultura Letrada en el pa\u00eds, desde la llegada de los europeos.<\/span><\/p>\n<p><span class=\"text1noticias\"> <\/span><\/p>\n<p><span class=\"text1noticias\">Explic\u00f3 que los Dominicos contribuyeron a introducir desde las Primeras Letras  hasta la creaci\u00f3n formal de la primera Universidaddel continente en 1538, la hoy Universidad Aut\u00f3noma de Santo Domingo (UASD).<\/span><\/p>\n<p><span class=\"text1noticias\"> <\/span><\/p>\n<p><span class=\"text1noticias\">Se\u00f1al\u00f3 que Duarte y los Trinitarios catalizaron lo que fue el proceso hist\u00f3rico y utilizan el nombre de Dominicana para reconocer a la Orden de los Dominicos.<\/span><\/p>\n<p><span class=\"text1noticias\"> <\/span><\/p>\n<p><span class=\"text1noticias\">Manifest\u00f3 que los padres Dominicos fueron grandes defensores de los derechos humanos de los primeros habitantes de la isla. Cit\u00f3 espec\u00edficamente a Fray Ant\u00f3n de Montesinos, a quien le toc\u00f3 predicar la homil\u00eda en la que la Orden de los Dominicos reclama los derechos de los abor\u00edgenes.<\/span><\/p>\n<p><span class=\"text1noticias\"> <\/span><\/p>\n<p><span class=\"text1noticias\">En aquel serm\u00f3n Montesinos reclama los derechos de los ind\u00edgenas o abor\u00edgenes y es cuando exclama aquella frase \u00abSoy la voz del que clama en el desierto\u00bb para destacar que sal\u00eda en defensa de los ind\u00edgenas, diezmados entonces por el intenso trabajo a que los somet\u00edan los espa\u00f1oles, indic\u00f3 la historiadora.<\/span><\/p>\n<p><span class=\"text1noticias\"> <\/span><\/p>\n<p><span class=\"text1noticias\">Con la disertaci\u00f3n de Albert Batista se dio inicio a un ciclo de actividades que realizan el INDOTEL y la Comisi\u00f3n Permanente de Efem\u00e9rides Patria (CPEP) en el Centro Cultural de las Telecomunicaciones,  con motivo de las celebraciones del Mes de la Patria.<\/span><\/p>\n<p><span class=\"text1noticias\"> <\/span><\/p>\n<p><span class=\"text1noticias\">Expuso a los estudiantes las cualidades patri\u00f3ticas de Juan Pablo Duarte y destac\u00f3 c\u00f3mo un grupo de j\u00f3venes de esa \u00e9poca ?Duarte con menos 30 a\u00f1os de edad y otros que ten\u00edan entre 18 y 19 a\u00f1os- contribuyeron con la proclamaci\u00f3n de la Independencia Nacional, en momentos en que el pa\u00eds estaba ocupado por tropas haitianas.<\/span><\/p>\n<p><span class=\"text1noticias\"> <\/span><\/p>\n<p><span class=\"text1noticias\">Exhort\u00f3 a los j\u00f3venes a tomar el ejemplo del patricio Juan Pablo Duarte, en el sentido de que no importa la edad para ser una persona con grandes ideas. Les recomend\u00f3 \u00abprepararse para contribuir a desarrollar al pa\u00eds\u00bb. \u00abYa no tienen que tomar los fusiles, tienen que estudiar para prepararse e integrarse al desarrollo del pa\u00eds, esa ser\u00eda su gran contribuci\u00f3n\u00bb, expres\u00f3 la historiadora al grupo de estudiantes.<\/span><\/p>\n<p><span class=\"text1noticias\"> <\/span><\/p>\n<p><span class=\"text1noticias\">El INDOTEL y la Comisi\u00f3n Permanente de Efem\u00e9rides Patrias (CPEP) iniciaron, en la sede del CCT de la Ciudad Colonial, una serie de actividades alusivas al Mes de la Patria que sirven de marco conmemorativo del 168 aniversario de la fundaci\u00f3n de la naci\u00f3n dominicana.<\/span><\/p>\n<p><span class=\"text1noticias\"> <\/span><\/p>\n<p><span class=\"text1noticias\">La actividad de este mi\u00e9rcoles 8 se inici\u00f3 con la presentaci\u00f3n del documental \u00abNacimiento de una naci\u00f3n\u00bb, que relata el origen de nuestro pa\u00eds, partiendo de la \u00e9poca en que el Padre de la Patria, Juan Pablo Duarte, form\u00f3 la sociedad secreta La Trinitaria. Luego, la historiadora y doctora Celsa Albert Batista dict\u00f3 la conferencia sobre el nacimiento de la Rep\u00fablica, hecho acontecido el 27 de febrero de 1844.<\/span><\/p>\n<p><span class=\"text1noticias\"> <\/span><\/p>\n<p><span class=\"text1noticias\">Previamente, los estudiantes de las Escuelas Santa Teresa de Jes\u00fas y el Centro de Educaci\u00f3n Infantil recorrieron las instalaciones del Centro Cultural de las Telecomunicaciones, en las que pudieron conocer e interactuar con diferentes muestras tecnol\u00f3gicas que se exhiben en las salas del moderno museo.<\/span><\/p>\n<p><span class=\"text1noticias\"> <\/span><\/p>\n<p><span class=\"text1noticias\">El INDOTEL y la Comisi\u00f3n de Efem\u00e9rides Patrias exhortaron a los estudiantes de los liceos de esta capital a asistir a estas actividades que abarcan iniciativas que vinculan el trascendental hecho de la creaci\u00f3n de la naci\u00f3n dominicana con los aportes tecnol\u00f3gicos y culturales del Centro Cultural de las Telecomunicaciones.<\/span><\/p>\n<p><span class=\"text1noticias\"> <\/span><\/p>\n<p><span class=\"text1noticias\">Las actividades tienen lugar a las 11:00 de la ma\u00f1ana  de cada mi\u00e9rcoles los d\u00edas 8, 15,22 y 29 de este mes de febrero, en el auditorio Arturo Rodr\u00edguez Fern\u00e1ndez del Centro Cultural de las Telecomunicaciones (CTC), ubicado en la calle Isabel La Cat\u00f3lica esquina Emiliano Tejera, de la Ciudad Colonial<\/span>.<\/p>\n<h6> 2012-02-09 20:13:42 <\/h6>\n<p><!--\n<link rel=\"stylesheet\" href=\"css\/bootstrap.min.css\">\n\n\n<ul class=\"pagination\">\n\t    \n\t\n\n<li >\n\t<a href='?page_no=17968'>Previous<\/a>\n\t<\/li>\n\n\n       \n    \n\n<li><a href='?page_no=1'>1<\/a><\/li>\n\n\n\n<li><a href='?page_no=2'>2<\/a><\/li>\n\n\n\n<li><a>...<\/a><\/li>\n\n\n\n<li><a href='?page_no=17967'>17967<\/a><\/li>\n\n\n\n<li><a href='?page_no=17968'>17968<\/a><\/li>\n\n\n\n<li class='active'><a>17969<\/a><\/li>\n\n\n\n<li><a href='?page_no=17970'>17970<\/a><\/li>\n\n\n\n<li><a href='?page_no=17971'>17971<\/a><\/li>\n\n\n\n<li><a>...<\/a><\/li>\n\n\n\n<li><a href='?page_no=22911'>22911<\/a><\/li>\n\n\n\n<li><a href='?page_no=22912'>22912<\/a><\/li>\n\n    \n\t\n\n<li >\n\t<a href='?page_no=17970'>Next<\/a>\n\t<\/li>\n\n\n    \n\n<li><a href='?page_no=22912'>Last &rsaquo;&rsaquo;<\/a><\/li>\n\n<\/ul>\n\n\n--><br \/>\n<\/body><\/p>\n","protected":false},"excerpt":{"rendered":"<p>Santo Domingo, Rep.Dom, 9 de Febrero.- El origen del nombre de Rep\u00fablica Dominicana fue explicado a 120 estudiantes de escuelas p\u00fablicas por la historiadora Celsa Albert Batista durante la conferencia que dict\u00f3 en el Centro Cultural de las Telecomunicaciones (CCT), entidad del Instituto Dominicano de las Telecomunicaciones (INDOTEL), ubicada en la calle Isabel La Cat\u00f3lica [&hellip;]<\/p>\n","protected":false},"author":3,"featured_media":0,"comment_status":"open","ping_status":"open","sticky":false,"template":"","format":"standard","meta":{"footnotes":""},"categories":[21],"tags":[],"class_list":["post-66291","post","type-post","status-publish","format-standard","hentry","category-cultura"],"_links":{"self":[{"href":"https:\/\/diariodominicano.com\/index.php?rest_route=\/wp\/v2\/posts\/66291","targetHints":{"allow":["GET"]}}],"collection":[{"href":"https:\/\/diariodominicano.com\/index.php?rest_route=\/wp\/v2\/posts"}],"about":[{"href":"https:\/\/diariodominicano.com\/index.php?rest_route=\/wp\/v2\/types\/post"}],"author":[{"embeddable":true,"href":"https:\/\/diariodominicano.com\/index.php?rest_route=\/wp\/v2\/users\/3"}],"replies":[{"embeddable":true,"href":"https:\/\/diariodominicano.com\/index.php?rest_route=%2Fwp%2Fv2%2Fcomments&post=66291"}],"version-history":[{"count":0,"href":"https:\/\/diariodominicano.com\/index.php?rest_route=\/wp\/v2\/posts\/66291\/revisions"}],"wp:attachment":[{"href":"https:\/\/diariodominicano.com\/index.php?rest_route=%2Fwp%2Fv2%2Fmedia&parent=66291"}],"wp:term":[{"taxonomy":"category","embeddable":true,"href":"https:\/\/diariodominicano.com\/index.php?rest_route=%2Fwp%2Fv2%2Fcategories&post=66291"},{"taxonomy":"post_tag","embeddable":true,"href":"https:\/\/diariodominicano.com\/index.php?rest_route=%2Fwp%2Fv2%2Ftags&post=66291"}],"curies":[{"name":"wp","href":"https:\/\/api.w.org\/{rel}","templated":true}]}}