{"id":66290,"date":"2012-02-09T20:27:54","date_gmt":"2012-02-09T20:27:54","guid":{"rendered":"http:\/\/diariodominicano.ddns.net\/?p=66290"},"modified":"2012-02-09T20:27:54","modified_gmt":"2012-02-09T20:27:54","slug":"el-ministerio-de-educacion-realizo-acto-patriotico-e-instala-bandera-nacional-en-la-clinica-dr-cruz-jiminian","status":"publish","type":"post","link":"https:\/\/diariodominicano.com\/?p=66290","title":{"rendered":"El Ministerio de Educaci\u00f3n realiz\u00f3 acto patri\u00f3tico e instala bandera nacional  en la cl\u00ednica Dr. Cruz Jiminian"},"content":{"rendered":"<p><body><\/p>\n<p><span class=\"text1noticias\">Rep. Dom, 9 de Febrero.- El Ministerio de Educaci\u00f3n a trav\u00e9s del Viceministerio de Asuntos Culturales, realiz\u00f3 un acto especial  en el marco del Mes de la Patria en la Fundaci\u00f3n Cruz Jiminian e instalo una Bandera Dominicana en dicha cl\u00ednica, por ser este un centro de salud que con sus acciones humanitarias y de solidaridad rinde homenaje permanentemente a nuestros pr\u00f3ceres Juan Pablo Duarte, Francisco del Rosario S\u00e1nchez y Ram\u00f3n Matias Mella.<\/span><\/p>\n<\/p>\n<p><span class=\"text1noticias\">Con la presencia del Doctor Cruz Jiminian y todos los m\u00e9dicos y param\u00e9dicos de esta instituci\u00f3n, conjuntamente con centros educativos p\u00fablicos y privados, en la explanada que da entrada a dicha cl\u00ednica, se efectu\u00f3 dicho acto en donde se dejo instalado, el pedestal y la bandera dominicana.<\/span><\/p>\n<\/p>\n<p><span class=\"text1noticias\">El Viceministro Licenciado Luis de Le\u00f3n, quien habl\u00f3 a nombre del Ministerio de Educaci\u00f3n, manifest\u00f3 que, es una gran oportunidad para rescatar y fortalecer los valores de la dominicanidad y el patriotismo dominicano.<\/span><\/p>\n<\/p>\n<p><span class=\"text1noticias\">El servicio humanitario del Dr. Cruz Jiminian y su equipo de trabajo para con los pobres y sufridos de nuestro pueblo, es el mejor ejemplo de veneraci\u00f3n y respeto a los s\u00edmbolos patrios. <\/span><\/p>\n<\/p>\n<p><span class=\"text1noticias\">La colocaci\u00f3n de una bandera en este lugar que por su servicio humanitario -en tierra santa y espacio hist\u00f3rico- constituye una oportunidad para fortalecer la fe, la salud y el amor del personal m\u00e9dico y param\u00e9dico, en beneficio de los enfermos.<\/span><\/p>\n<\/p>\n<p><span class=\"text1noticias\">El izamiento de bandera y canto del himno nacional, de lunes a viernes contribuye a que la poblaci\u00f3n ame y respete al Dr. Cruz Jiminian y a todo su equipo.<\/span><\/p>\n<\/p>\n<p><span class=\"text1noticias\">El doctor Cruz Jiminian Manifest\u00f3 que agradece inmensamente al MINERD el que le haya instalado y colocado la Bandera Dominicana para que con orgullo servir mejor a la patria y ayudar a los enfermos que van all\u00ed y los que est\u00e1n internos para que se sientas acompa\u00f1ados y sanen m\u00e1s r\u00e1pido, porque el que est\u00e1 cerca de la patria, est\u00e1 cerca de Dios y cerca de la salud.<\/span><\/p>\n<\/p>\n<p><span class=\"text1noticias\">Tambi\u00e9n sentenci\u00f3 que no se daba cuenta que el servicio que estaba haciendo conjuntamente con los doctores de este prestigioso centro lo estaban haciendo sin el acompa\u00f1amiento de la bandera, y que gracias a la iniciativa del Viceministro Luis de le\u00f3n, se da cuenta de la falta que le hacia una Bandera y que esto lo incentiva a trabajar mejor, ya que diariamente iniciaran a trabajar m\u00e1s motivados por el amor a la patria misma, siempre de cara al pueblo, se paralizar\u00e1 el transito y se cantar\u00e1 el himno completo.<\/span><\/p>\n<\/p>\n<p><span class=\"text1noticias\">A esta actividad asistieron, el personal de dicha cl\u00ednica, las fundaciones que apoyan dicha cl\u00ednica y el personal t\u00e9cnico distrital, directores de centros, el Dr. Oviedo, el Dr. Ramon Alvarez, Dr. Mercedes , presidente de los derechos humanos, la maestra Ana Decamps, el director de distrito Jesus Contreras y centros educativos y colegios del \u00e1rea<\/span>.<\/p>\n<h6> 2012-02-09 20:27:54 <\/h6>\n<p><!--\n<link rel=\"stylesheet\" href=\"css\/bootstrap.min.css\">\n\n\n<ul class=\"pagination\">\n\t    \n\t\n\n<li >\n\t<a href='?page_no=17967'>Previous<\/a>\n\t<\/li>\n\n\n       \n    \n\n<li><a href='?page_no=1'>1<\/a><\/li>\n\n\n\n<li><a href='?page_no=2'>2<\/a><\/li>\n\n\n\n<li><a>...<\/a><\/li>\n\n\n\n<li><a href='?page_no=17966'>17966<\/a><\/li>\n\n\n\n<li><a href='?page_no=17967'>17967<\/a><\/li>\n\n\n\n<li class='active'><a>17968<\/a><\/li>\n\n\n\n<li><a href='?page_no=17969'>17969<\/a><\/li>\n\n\n\n<li><a href='?page_no=17970'>17970<\/a><\/li>\n\n\n\n<li><a>...<\/a><\/li>\n\n\n\n<li><a href='?page_no=22911'>22911<\/a><\/li>\n\n\n\n<li><a href='?page_no=22912'>22912<\/a><\/li>\n\n    \n\t\n\n<li >\n\t<a href='?page_no=17969'>Next<\/a>\n\t<\/li>\n\n\n    \n\n<li><a href='?page_no=22912'>Last &rsaquo;&rsaquo;<\/a><\/li>\n\n<\/ul>\n\n\n--><br \/>\n<\/body><\/p>\n","protected":false},"excerpt":{"rendered":"<p>Rep. Dom, 9 de Febrero.- El Ministerio de Educaci\u00f3n a trav\u00e9s del Viceministerio de Asuntos Culturales, realiz\u00f3 un acto especial en el marco del Mes de la Patria en la Fundaci\u00f3n Cruz Jiminian e instalo una Bandera Dominicana en dicha cl\u00ednica, por ser este un centro de salud que con sus acciones humanitarias y de [&hellip;]<\/p>\n","protected":false},"author":3,"featured_media":0,"comment_status":"open","ping_status":"open","sticky":false,"template":"","format":"standard","meta":{"footnotes":""},"categories":[21],"tags":[],"class_list":["post-66290","post","type-post","status-publish","format-standard","hentry","category-cultura"],"_links":{"self":[{"href":"https:\/\/diariodominicano.com\/index.php?rest_route=\/wp\/v2\/posts\/66290","targetHints":{"allow":["GET"]}}],"collection":[{"href":"https:\/\/diariodominicano.com\/index.php?rest_route=\/wp\/v2\/posts"}],"about":[{"href":"https:\/\/diariodominicano.com\/index.php?rest_route=\/wp\/v2\/types\/post"}],"author":[{"embeddable":true,"href":"https:\/\/diariodominicano.com\/index.php?rest_route=\/wp\/v2\/users\/3"}],"replies":[{"embeddable":true,"href":"https:\/\/diariodominicano.com\/index.php?rest_route=%2Fwp%2Fv2%2Fcomments&post=66290"}],"version-history":[{"count":0,"href":"https:\/\/diariodominicano.com\/index.php?rest_route=\/wp\/v2\/posts\/66290\/revisions"}],"wp:attachment":[{"href":"https:\/\/diariodominicano.com\/index.php?rest_route=%2Fwp%2Fv2%2Fmedia&parent=66290"}],"wp:term":[{"taxonomy":"category","embeddable":true,"href":"https:\/\/diariodominicano.com\/index.php?rest_route=%2Fwp%2Fv2%2Fcategories&post=66290"},{"taxonomy":"post_tag","embeddable":true,"href":"https:\/\/diariodominicano.com\/index.php?rest_route=%2Fwp%2Fv2%2Ftags&post=66290"}],"curies":[{"name":"wp","href":"https:\/\/api.w.org\/{rel}","templated":true}]}}