{"id":66289,"date":"2012-02-09T21:50:40","date_gmt":"2012-02-09T21:50:40","guid":{"rendered":"http:\/\/diariodominicano.ddns.net\/?p=66289"},"modified":"2012-02-09T21:50:40","modified_gmt":"2012-02-09T21:50:40","slug":"instituciones-dominicanas-depositan-ofrenda-floral","status":"publish","type":"post","link":"https:\/\/diariodominicano.com\/?p=66289","title":{"rendered":"Instituciones dominicanas depositan ofrenda floral"},"content":{"rendered":"<p><body><\/p>\n<p><img decoding=\"async\" src=\"http:\/\/localhost:8080\/img3\/cultura.JPG\" \/><br \/><img decoding=\"async\" src=\"img3\/procomunidad.JPG\" \/>  <\/p>\n<p><span class=\"text1noticias\">Rep.Dom, 9 de Febrero.- En el marco de la celebraci\u00f3n del Mes de la Patria el Ministerio de Cultura y el Fondo Patrimonial de las Iniciativas Comunitarias depositaron sendas flores en el Mes de la Patria.<\/span><\/p>\n<\/p>\n<p><span class=\"text1noticias\">El Ministerio de Cultura (MINC), en honor a los padres fundadores de la Rep\u00fablica Dominicana y en el marco de las actividades dedicadas al Mes de la Patria, deposit\u00f3 una ofrenda floral en el Altar de la Patria.<\/span><\/p>\n<\/p>\n<p><span class=\"text1noticias\">Esta actividad forma parte del empe\u00f1o del MINC por difundir y promover, entre sus empleados y el pa\u00eds, el respeto a los s\u00edmbolos patrios y los idearios de Duarte.<\/span><\/p>\n<\/p>\n<p><span class=\"text1noticias\">Bernarda Jorge, Viceministra de Creatividad y Participaci\u00f3n Popular, Mateo Morrison, Viceministro de Desarrollo Institucional, Alberto Valenzuela, Director T\u00e9cnico y Milagros Peralta, Directora de Recursos Humanos del MINC, presidieron la actividad.<\/span><\/p>\n<\/p>\n<p><span class=\"text1noticias\">El discurso central del acto estuvo a cargo de Alberto Valenzuela. El funcionario exhort\u00f3 a los dominicanos a emular el ideario de los Padres de la Patria, y de los pr\u00f3ceres de la Restauraci\u00f3n, de establecer una Rep\u00fablica libre, independiente, soberana y democr\u00e1tica.<\/span><\/p>\n<\/p>\n<p><span class=\"text1noticias\">De igual forma resalt\u00f3 la responsabilidad de los empleados del sector cultural, de trabajar para beneficio del pa\u00eds y cuidar el patrimonio nacional.<\/span><\/p>\n<\/p>\n<p><span class=\"text1noticias\"> \u00abQue se protejan los intereses morales y materiales sobre las obras de autores e inventores. <\/span><\/p>\n<\/p>\n<p><span class=\"text1noticias\">La salvaguarda del patrimonio cultural de la Naci\u00f3n, material e inmaterial.  Para que se reconozca el valor de la identidad cultural, individual y colectiva, su importancia para el desarrollo integral y sostenible, el crecimiento econ\u00f3mico, la innovaci\u00f3n y el bienestar humano, mediante el apoyo y difusi\u00f3n de la investigaci\u00f3n cient\u00edfica y la producci\u00f3n cultural\u00bb, resalt\u00f3 Valenzuela. <\/span><\/p>\n<\/p>\n<p><span class=\"text1noticias\">En el lugar sacrosanto donde reposan los restos de los Padres de la Patria, Juan Pablo Duarte, Francisco del Rosario S\u00e1nchez y Mat\u00edas Ram\u00f3n Mella, estuvieron presentes, adem\u00e1s de los viceministros, funcionarios y empleados del MINC, que se unieron  solemnemente para rendir tributo a los ide\u00f3logos de la Independencia Nacional.<\/span><\/p>\n<\/p>\n<p><span class=\"text1noticias\">Las actividades en honor a los Padres de la Patria iniciaron el 26 de enero, d\u00eda del natalicio de Juan Pablo Duarte y concluir\u00e1n el 27 de febrero, fecha de la proclamaci\u00f3n de la Independencia Nacional.<\/span><\/p>\n<\/p>\n<p><span class=\"text1noticias\">En tanto, El director ejecutivo del Fondo de Promoci\u00f3n a las Iniciativas Comunitarias (PROCOMUNIDAD) pidi\u00f3 a los dominicanos mantener vivos los ideales de los fundadores de la naci\u00f3n, especialmente ahora en que la globalizaci\u00f3n y el capital pretenden borrarlo todo y principalmente la independencia y la soberan\u00eda de los pa\u00edses y naciones.<\/span><\/p>\n<\/p>\n<p><span class=\"text1noticias\">Jos\u00e9 Gonz\u00e1lez Espinosa, ministro de Estado y director ejecutivo de la dependencia oficial exhort\u00f3 todos a los funcionarios y empleados de la instituci\u00f3n a imitar la obra de los Padres de la Patria.<\/span><\/p>\n<\/p>\n<p><span class=\"text1noticias\">Defini\u00f3 como una iniciativa altamente positiva y patri\u00f3tica del gobierno a trav\u00e9s de la Comisi\u00f3n Permanente de Efem\u00e9rides Patria rendir homenaje a los Padres de la Patria y a la nacionalidad desde el 26 de enero con el nacimiento de Juan Pablo Duarte, hasta concluir el 27 de febrero, fecha en que se conmemora la Independencia Nacional.<\/span><\/p>\n<\/p>\n<p><span class=\"text1noticias\">Resalt\u00f3 que Duarte, S\u00e1nchez y Mella lograron fundar cristalizar la Sociedad Secreta La Trinitaria en 1838 y seis a\u00f1os despu\u00e9s consiguieron cristalizar la Independencia Nacional.<\/span><\/p>\n<\/p>\n<p><span class=\"text1noticias\">Espinosa, quien adem\u00e1s es presidente del Partido de los Trabajadores Dominicanos (PTD) dijo que eso demuestra que las fuerzas unidas de un pueblo \u00abhicieron posible que hoy nosotros nos llamemos Rep\u00fablica Dominicana\u00bb.<\/span><\/p>\n<\/p>\n<p><span class=\"text1noticias\">Apunt\u00f3 que hay que hacer esfuerzo por conservar ese patrimonio por los siglos de los siglos, tras destacar que es uno de los pocos lugares del mundo en que en una isla conviven dos estados.<\/span><\/p>\n<\/p>\n<p><span class=\"text1noticias\">Dijo que ni los haitianos van a mudarse, ni nosotros tampoco, vamos a tener que convivir juntos, cooperando mutuamente para que cada uno de nuestros pueblos alcance un mejor nivel de vida y una mayor felicidad como resultado del trabajo, la sana administraci\u00f3n de nuestros recursos y la promoci\u00f3n del desarrollo y el progreso para ambos pueblos.<\/span><\/p>\n<\/p>\n<p><span class=\"text1noticias\">A la ofrenda floral de PROCOMUNIDAD asistieron subdirectores, gerentes, directores y empleados de esa dependencia gubernamental<\/span>.<\/p>\n<h6> 2012-02-09 21:50:40 <\/h6>\n<p><!--\n<link rel=\"stylesheet\" href=\"css\/bootstrap.min.css\">\n\n\n<ul class=\"pagination\">\n\t    \n\t\n\n<li >\n\t<a href='?page_no=17966'>Previous<\/a>\n\t<\/li>\n\n\n       \n    \n\n<li><a href='?page_no=1'>1<\/a><\/li>\n\n\n\n<li><a href='?page_no=2'>2<\/a><\/li>\n\n\n\n<li><a>...<\/a><\/li>\n\n\n\n<li><a href='?page_no=17965'>17965<\/a><\/li>\n\n\n\n<li><a href='?page_no=17966'>17966<\/a><\/li>\n\n\n\n<li class='active'><a>17967<\/a><\/li>\n\n\n\n<li><a href='?page_no=17968'>17968<\/a><\/li>\n\n\n\n<li><a href='?page_no=17969'>17969<\/a><\/li>\n\n\n\n<li><a>...<\/a><\/li>\n\n\n\n<li><a href='?page_no=22911'>22911<\/a><\/li>\n\n\n\n<li><a href='?page_no=22912'>22912<\/a><\/li>\n\n    \n\t\n\n<li >\n\t<a href='?page_no=17968'>Next<\/a>\n\t<\/li>\n\n\n    \n\n<li><a href='?page_no=22912'>Last &rsaquo;&rsaquo;<\/a><\/li>\n\n<\/ul>\n\n\n--><br \/>\n<\/body><\/p>\n","protected":false},"excerpt":{"rendered":"<p>Rep.Dom, 9 de Febrero.- En el marco de la celebraci\u00f3n del Mes de la Patria el Ministerio de Cultura y el Fondo Patrimonial de las Iniciativas Comunitarias depositaron sendas flores en el Mes de la Patria. El Ministerio de Cultura (MINC), en honor a los padres fundadores de la Rep\u00fablica Dominicana y en el marco [&hellip;]<\/p>\n","protected":false},"author":3,"featured_media":0,"comment_status":"open","ping_status":"open","sticky":false,"template":"","format":"standard","meta":{"footnotes":""},"categories":[21],"tags":[],"class_list":["post-66289","post","type-post","status-publish","format-standard","hentry","category-cultura"],"_links":{"self":[{"href":"https:\/\/diariodominicano.com\/index.php?rest_route=\/wp\/v2\/posts\/66289","targetHints":{"allow":["GET"]}}],"collection":[{"href":"https:\/\/diariodominicano.com\/index.php?rest_route=\/wp\/v2\/posts"}],"about":[{"href":"https:\/\/diariodominicano.com\/index.php?rest_route=\/wp\/v2\/types\/post"}],"author":[{"embeddable":true,"href":"https:\/\/diariodominicano.com\/index.php?rest_route=\/wp\/v2\/users\/3"}],"replies":[{"embeddable":true,"href":"https:\/\/diariodominicano.com\/index.php?rest_route=%2Fwp%2Fv2%2Fcomments&post=66289"}],"version-history":[{"count":0,"href":"https:\/\/diariodominicano.com\/index.php?rest_route=\/wp\/v2\/posts\/66289\/revisions"}],"wp:attachment":[{"href":"https:\/\/diariodominicano.com\/index.php?rest_route=%2Fwp%2Fv2%2Fmedia&parent=66289"}],"wp:term":[{"taxonomy":"category","embeddable":true,"href":"https:\/\/diariodominicano.com\/index.php?rest_route=%2Fwp%2Fv2%2Fcategories&post=66289"},{"taxonomy":"post_tag","embeddable":true,"href":"https:\/\/diariodominicano.com\/index.php?rest_route=%2Fwp%2Fv2%2Ftags&post=66289"}],"curies":[{"name":"wp","href":"https:\/\/api.w.org\/{rel}","templated":true}]}}