{"id":66288,"date":"2012-02-10T00:33:44","date_gmt":"2012-02-10T00:33:44","guid":{"rendered":"http:\/\/diariodominicano.ddns.net\/?p=66288"},"modified":"2012-02-10T00:33:44","modified_gmt":"2012-02-10T00:33:44","slug":"juramentaran-directivos-centro-cultural-y-deportivo-mocanos-en-nueva-york","status":"publish","type":"post","link":"https:\/\/diariodominicano.com\/?p=66288","title":{"rendered":"Juramentar\u00e1n directivos Centro Cultural y Deportivo Mocanos en Nueva York"},"content":{"rendered":"<p><body><\/p>\n<p><img decoding=\"async\" src=\"img3\/mocany.jpg\" \/>  <\/p>\n<p align=\"justify\"><span class=\"text1noticias\">NUEVA YORK, 9 febrero.-  La nueva directiva del Centro Cultural y Deportivo Los Mocanos en Nueva York Inc, ( CCDMNY), que encabeza el empresario y deportista Manuel Jim\u00e9nez, ser\u00e1 juramentada este s\u00e1bado 11 de febrero, a las 7:00 de la noche, en un acto a celebrarse en la sala del Comisionado Dominicano de Cultura en USA, localizado en el 541 West de la calle 145, 2do piso en Manhattan.<\/span><\/p>\n<p align=\"justify\"><span class=\"text1noticias\"> <\/span><\/p>\n<p align=\"justify\"><span class=\"text1noticias\">Ricardo Ram\u00f3n, representante del Ministerio de Deportes y Recreaci\u00f3n de la Rep\u00fablica Dominicana, (MIDEREC), se encargar\u00e1 de tomar el juramento a los nuevos directivos del CCDMNY, quienes se preparan para esta tercera ceremonia, a la cual han sido invitados dirigentes deportivos, empresarios, dirigentes comunitarios, autoridades civiles, estatales, federales, pol\u00edticas y deportivas en general.<\/span><\/p>\n<p align=\"justify\"><span class=\"text1noticias\"> <\/span><\/p>\n<p align=\"justify\"><span class=\"text1noticias\">El acto de juramentaci\u00f3n comenzar\u00e1 con las palabras de bienvenida e informes de su gesti\u00f3n del presidente saliente, se\u00f1or Jos\u00e9 Delio Morrobel.<\/span><\/p>\n<p align=\"justify\"><span class=\"text1noticias\"> <\/span><\/p>\n<p align=\"justify\"><span class=\"text1noticias\">Luego de ser juramentada la directiva hablar\u00e1 el presidente entrante se\u00f1or Manuel Jim\u00e9nez, quien versar\u00e1 principalmente sobre los planes de trabajo de la nueva directiva.<\/span><\/p>\n<p align=\"justify\"><span class=\"text1noticias\"> <\/span><\/p>\n<p align=\"justify\"><span class=\"text1noticias\">Acompa\u00f1an a Jim\u00e9nez en la nueva directiva del CCDMNY, M\u00e1rtires Adames, Marino Guzm\u00e1n y Jos\u00e9 Olivares, 1er, 2do y 3er vicepresidentes; Priamo F. Bencosme, secretario general; Erasmo Cuevas, tesorero; Jos\u00e9 Ortiz, secretario de deportes, y Jos\u00e9 Delio Morrobel, Sandy Guzm\u00e1n y Jos\u00e9 de Jes\u00fas Ortiz, asistentes de deportes.<\/span><\/p>\n<p align=\"justify\"><span class=\"text1noticias\"> <\/span><\/p>\n<p align=\"justify\"><span class=\"text1noticias\">Adem\u00e1s, Miguel Ortega, cultura; Andrea Cuevas, secretaria de la rama femenina; Antonio -Tom- V\u00e1squez, organizaci\u00f3n; Francis Olivares, gobernador; Radham\u00e9s Brea, asesor y Mart\u00edn Zapata, prensa.<\/span><\/p>\n<p align=\"justify\"><span class=\"text1noticias\"> <\/span><\/p>\n<p align=\"justify\"><span class=\"text1noticias\">El padre Osiris Salcedo, dar\u00e1 la invocaci\u00f3n a Dios, dejando bendecida esta nueva directiva, que tiene como meta trabajar por la uni\u00f3n de los mocanos en Nueva York y tener presente a su Moca querida, con la idea de llevar ayudas humanitarias.<\/span><\/p>\n<p align=\"justify\"><span class=\"text1noticias\"> <\/span><\/p>\n<p align=\"justify\"><span class=\"text1noticias\">En el acto se escuchar\u00e1n canciones en vivo del popular d\u00fao \u00abSon de Am\u00e9rica\u00bb, integrado por los mocanos Miguel Ortega y Carlos Ovalles.<\/span><\/p>\n<\/p>\n<h6> 2012-02-10 00:33:44 <\/h6>\n<p><!--\n<link rel=\"stylesheet\" href=\"css\/bootstrap.min.css\">\n\n\n<ul class=\"pagination\">\n\t    \n\t\n\n<li >\n\t<a href='?page_no=17965'>Previous<\/a>\n\t<\/li>\n\n\n       \n    \n\n<li><a href='?page_no=1'>1<\/a><\/li>\n\n\n\n<li><a href='?page_no=2'>2<\/a><\/li>\n\n\n\n<li><a>...<\/a><\/li>\n\n\n\n<li><a href='?page_no=17964'>17964<\/a><\/li>\n\n\n\n<li><a href='?page_no=17965'>17965<\/a><\/li>\n\n\n\n<li class='active'><a>17966<\/a><\/li>\n\n\n\n<li><a href='?page_no=17967'>17967<\/a><\/li>\n\n\n\n<li><a href='?page_no=17968'>17968<\/a><\/li>\n\n\n\n<li><a>...<\/a><\/li>\n\n\n\n<li><a href='?page_no=22911'>22911<\/a><\/li>\n\n\n\n<li><a href='?page_no=22912'>22912<\/a><\/li>\n\n    \n\t\n\n<li >\n\t<a href='?page_no=17967'>Next<\/a>\n\t<\/li>\n\n\n    \n\n<li><a href='?page_no=22912'>Last &rsaquo;&rsaquo;<\/a><\/li>\n\n<\/ul>\n\n\n--><br \/>\n<\/body><\/p>\n","protected":false},"excerpt":{"rendered":"<p>NUEVA YORK, 9 febrero.- La nueva directiva del Centro Cultural y Deportivo Los Mocanos en Nueva York Inc, ( CCDMNY), que encabeza el empresario y deportista Manuel Jim\u00e9nez, ser\u00e1 juramentada este s\u00e1bado 11 de febrero, a las 7:00 de la noche, en un acto a celebrarse en la sala del Comisionado Dominicano de Cultura en [&hellip;]<\/p>\n","protected":false},"author":3,"featured_media":0,"comment_status":"open","ping_status":"open","sticky":false,"template":"","format":"standard","meta":{"footnotes":""},"categories":[21],"tags":[],"class_list":["post-66288","post","type-post","status-publish","format-standard","hentry","category-cultura"],"_links":{"self":[{"href":"https:\/\/diariodominicano.com\/index.php?rest_route=\/wp\/v2\/posts\/66288","targetHints":{"allow":["GET"]}}],"collection":[{"href":"https:\/\/diariodominicano.com\/index.php?rest_route=\/wp\/v2\/posts"}],"about":[{"href":"https:\/\/diariodominicano.com\/index.php?rest_route=\/wp\/v2\/types\/post"}],"author":[{"embeddable":true,"href":"https:\/\/diariodominicano.com\/index.php?rest_route=\/wp\/v2\/users\/3"}],"replies":[{"embeddable":true,"href":"https:\/\/diariodominicano.com\/index.php?rest_route=%2Fwp%2Fv2%2Fcomments&post=66288"}],"version-history":[{"count":0,"href":"https:\/\/diariodominicano.com\/index.php?rest_route=\/wp\/v2\/posts\/66288\/revisions"}],"wp:attachment":[{"href":"https:\/\/diariodominicano.com\/index.php?rest_route=%2Fwp%2Fv2%2Fmedia&parent=66288"}],"wp:term":[{"taxonomy":"category","embeddable":true,"href":"https:\/\/diariodominicano.com\/index.php?rest_route=%2Fwp%2Fv2%2Fcategories&post=66288"},{"taxonomy":"post_tag","embeddable":true,"href":"https:\/\/diariodominicano.com\/index.php?rest_route=%2Fwp%2Fv2%2Ftags&post=66288"}],"curies":[{"name":"wp","href":"https:\/\/api.w.org\/{rel}","templated":true}]}}