{"id":66287,"date":"2012-02-10T14:02:40","date_gmt":"2012-02-10T14:02:40","guid":{"rendered":"http:\/\/diariodominicano.ddns.net\/?p=66287"},"modified":"2012-02-10T14:02:40","modified_gmt":"2012-02-10T14:02:40","slug":"bienes-nacionales-promese-y-camara-de-cuentas-rinden-tributo-a-los-padres-de-la-patria","status":"publish","type":"post","link":"https:\/\/diariodominicano.com\/?p=66287","title":{"rendered":"Bienes Nacionales, PROMESE y C\u00e1mara de Cuentas rinden tributo a los Padres de la Patria"},"content":{"rendered":"<p><body><\/p>\n<p><img decoding=\"async\" src=\"img3\/Tributo Padre de la Patria 1.jpg\" \/><br \/><img decoding=\"async\" src=\"img3\/Tributo Padre de la Patria.jpg\" \/><br \/><img decoding=\"async\" src=\"img3\/Tributo Padre de la Patria 2.jpg\" \/>  <\/p>\n<p><span class=\"text1noticias\">Santo Domingo, Rep. Dominicana, 10 feb.-  El Programa de Medicamentos Esenciales y Central de Apoyo Log\u00edstico(PROMESE\/CAL), la Administraci\u00f3n de Bienes Nacionales y la C\u00e1mara de Cuentas rindieron honor a los padres fundadores de la nacionalidad dominicana con sendas ofrendas florales en el Altar de la Patria con motivo del Mes de la patria<\/span><\/p>\n<p><span class=\"text1noticias\"> <\/span><\/p>\n<p><span class=\"text1noticias\">Destacaron la importancia de conservar y emular las acciones de nuestros h\u00e9roes para garantizar la conservaci\u00f3n de un Estado libre y soberano.<\/span><\/p>\n<p><span class=\"text1noticias\"> <\/span><\/p>\n<p><span class=\"text1noticias\">En declaraciones hechas al concluir la actividad, Niurka Carri\u00f3n, subdirectora de PROMESE\/CAL, destac\u00f3 los esfuerzos que realiza la instituci\u00f3n para contribuir con el bienestar y la accesibilidad a los medicamentos de los sectores pobres del pa\u00eds.<\/span><\/p>\n<p><span class=\"text1noticias\"> <\/span><\/p>\n<p><span class=\"text1noticias\">Resalt\u00f3 la importancia de los programas sociales como las farmacias del pueblo donde se adquieren medicamentos de buena calidad y a bajos costos  y el programa de bienestar social que coordina y ejecuta la donaci\u00f3n de medicamentos a personas de escasos recursos y ofrece soporte a otras instituciones con programas de donaciones.<\/span><\/p>\n<p><span class=\"text1noticias\"> <\/span><\/p>\n<p><span class=\"text1noticias\">Enfatiz\u00f3 la labor que se est\u00e1 llevando a cabo por medio del programa  especial de soporte a pacientes con c\u00e1ncer donde mujeres y ni\u00f1os de escasos recursos y diagnosticados con c\u00e1ncer reciben medicamentos y  atenci\u00f3n m\u00e9dica de manera gratuita.<\/span><\/p>\n<p><span class=\"text1noticias\"> <\/span><\/p>\n<p><span class=\"text1noticias\"> <\/span><\/p>\n<p><span class=\"text1noticias\">En tanto, la directora de Comunicaciones de Bienes Nacionales, Ada Reyes, resalt\u00f3 los valores y haza\u00f1as de nuestros h\u00e9roes patrios al depositar una ofrenda floral en el altar de la patria como parte de la celebraci\u00f3n del Mes de la Patrio.<\/span><\/p>\n<p><span class=\"text1noticias\"> <\/span><\/p>\n<p><span class=\"text1noticias\">Destac\u00f3  la importancia que tiene conocer la labor de nuestros patriotas y la inspiraci\u00f3n divina que recibieron para luchar por una naci\u00f3n libre y soberana.<\/span><\/p>\n<p><span class=\"text1noticias\"> <\/span><\/p>\n<p><span class=\"text1noticias\">Afirm\u00f3 que Rep\u00fablica Dominicana es cristiana por herencia de sus padres fundadores. Y puso de relieve que  los elementos cristianos incluidos en nuestra bandera as\u00ed como el juramento trinitario son pruebas de la fe latente de los patricios.<\/span><\/p>\n<p><span class=\"text1noticias\"> <\/span><\/p>\n<p><span class=\"text1noticias\">Resalt\u00f3 la importancia de retomar la Ley 44 del a\u00f1o 2000 propuesta por el actual director de Bienes Nacionales, El\u00edas Wessin Ch\u00e1vez, que ordena la lectura e instrucci\u00f3n b\u00edblica en las escuelas dominicanas y establece   que un pa\u00eds cristiano tiene mejor porvenir.<\/span><\/p>\n<p><span class=\"text1noticias\"> <\/span><\/p>\n<p><span class=\"text1noticias\">Reiter\u00f3  los esfuerzos del gobierno presidido por el doctor Leonel Fern\u00e1ndez por resaltar los valores patrios extendiendo sus felicitaciones a la Comisi\u00f3n Permanente de Efem\u00e9rides Patrias (CPEP) por ser la entidad que  vela por perpetuar la conservaci\u00f3n de los valores patrios.<\/span><\/p>\n<p><span class=\"text1noticias\"> <\/span><\/p>\n<p><span class=\"text1noticias\">Por la C\u00e1mara de Cuentas estuvo el vicepresidente Pablo del Rosario, en representaci\u00f3n de la presidenta Licelott Marte de Barrios<\/span>.<\/p>\n<h6> 2012-02-10 14:02:40 <\/h6>\n<p><!--\n<link rel=\"stylesheet\" href=\"css\/bootstrap.min.css\">\n\n\n<ul class=\"pagination\">\n\t    \n\t\n\n<li >\n\t<a href='?page_no=17964'>Previous<\/a>\n\t<\/li>\n\n\n       \n    \n\n<li><a href='?page_no=1'>1<\/a><\/li>\n\n\n\n<li><a href='?page_no=2'>2<\/a><\/li>\n\n\n\n<li><a>...<\/a><\/li>\n\n\n\n<li><a href='?page_no=17963'>17963<\/a><\/li>\n\n\n\n<li><a href='?page_no=17964'>17964<\/a><\/li>\n\n\n\n<li class='active'><a>17965<\/a><\/li>\n\n\n\n<li><a href='?page_no=17966'>17966<\/a><\/li>\n\n\n\n<li><a href='?page_no=17967'>17967<\/a><\/li>\n\n\n\n<li><a>...<\/a><\/li>\n\n\n\n<li><a href='?page_no=22911'>22911<\/a><\/li>\n\n\n\n<li><a href='?page_no=22912'>22912<\/a><\/li>\n\n    \n\t\n\n<li >\n\t<a href='?page_no=17966'>Next<\/a>\n\t<\/li>\n\n\n    \n\n<li><a href='?page_no=22912'>Last &rsaquo;&rsaquo;<\/a><\/li>\n\n<\/ul>\n\n\n--><br \/>\n<\/body><\/p>\n","protected":false},"excerpt":{"rendered":"<p>Santo Domingo, Rep. Dominicana, 10 feb.- El Programa de Medicamentos Esenciales y Central de Apoyo Log\u00edstico(PROMESE\/CAL), la Administraci\u00f3n de Bienes Nacionales y la C\u00e1mara de Cuentas rindieron honor a los padres fundadores de la nacionalidad dominicana con sendas ofrendas florales en el Altar de la Patria con motivo del Mes de la patria Destacaron la [&hellip;]<\/p>\n","protected":false},"author":3,"featured_media":0,"comment_status":"open","ping_status":"open","sticky":false,"template":"","format":"standard","meta":{"footnotes":""},"categories":[21],"tags":[],"class_list":["post-66287","post","type-post","status-publish","format-standard","hentry","category-cultura"],"_links":{"self":[{"href":"https:\/\/diariodominicano.com\/index.php?rest_route=\/wp\/v2\/posts\/66287","targetHints":{"allow":["GET"]}}],"collection":[{"href":"https:\/\/diariodominicano.com\/index.php?rest_route=\/wp\/v2\/posts"}],"about":[{"href":"https:\/\/diariodominicano.com\/index.php?rest_route=\/wp\/v2\/types\/post"}],"author":[{"embeddable":true,"href":"https:\/\/diariodominicano.com\/index.php?rest_route=\/wp\/v2\/users\/3"}],"replies":[{"embeddable":true,"href":"https:\/\/diariodominicano.com\/index.php?rest_route=%2Fwp%2Fv2%2Fcomments&post=66287"}],"version-history":[{"count":0,"href":"https:\/\/diariodominicano.com\/index.php?rest_route=\/wp\/v2\/posts\/66287\/revisions"}],"wp:attachment":[{"href":"https:\/\/diariodominicano.com\/index.php?rest_route=%2Fwp%2Fv2%2Fmedia&parent=66287"}],"wp:term":[{"taxonomy":"category","embeddable":true,"href":"https:\/\/diariodominicano.com\/index.php?rest_route=%2Fwp%2Fv2%2Fcategories&post=66287"},{"taxonomy":"post_tag","embeddable":true,"href":"https:\/\/diariodominicano.com\/index.php?rest_route=%2Fwp%2Fv2%2Ftags&post=66287"}],"curies":[{"name":"wp","href":"https:\/\/api.w.org\/{rel}","templated":true}]}}