{"id":662865,"date":"2026-01-30T11:49:49","date_gmt":"2026-01-30T15:49:49","guid":{"rendered":"https:\/\/diariodominicano.com\/?p=662865"},"modified":"2026-01-30T18:00:38","modified_gmt":"2026-01-30T22:00:38","slug":"uba-inicia-en-ny-ciclo-de-encuentros-para-enfrentar-desafios-del-sector","status":"publish","type":"post","link":"https:\/\/diariodominicano.com\/?p=662865","title":{"rendered":"UBA inicia en NY ciclo de encuentros para enfrentar desaf\u00edos del sector"},"content":{"rendered":"\n<p><strong>Por Ram\u00f3n Mercedes<\/strong><\/p>\n\n\n\n<p><strong>NUEVA YORK.-<\/strong>&nbsp;La Asociaci\u00f3n de Bodegueros Unidos de las Am\u00e9ricas (UBA) en esta ciudad, presidida por Radham\u00e9s Rodr\u00edguez, inici\u00f3 mesas de trabajo para analizar las principales preocupaciones que afectan al sector y trazar una agenda de soluciones conjuntas ante las autoridades municipales y estatales.<\/p>\n\n\n\n<p>Los directivos expusieron que el sector agrupa a m\u00e1s de 14 mil bodegas, las cuales contin\u00faan enfrentando retos vinculados a la seguridad, el acceso al cr\u00e9dito, la relaci\u00f3n con suplidores mayoristas y la necesidad urgente de implementar herramientas tecnol\u00f3gicas que permitan una respuesta r\u00e1pida ante una emergencia.<\/p>\n\n\n\n<p>Rodr\u00edguez enfatiz\u00f3 que una de las demandas prioritarias sigue siendo la instalaci\u00f3n del bot\u00f3n de p\u00e1nico en los establecimientos comerciales. \u201cEste mecanismo es vital para proteger la vida de nuestros comerciantes y empleados\u201d, precis\u00f3.<\/p>\n\n\n\n<p>\u201cNo puede seguir siendo un tema de discusi\u00f3n indefinida cuando los niveles de riesgo son reales y constantes\u201d, expres\u00f3. Asimismo, destac\u00f3 la importancia de fortalecer la seguridad en las comunidades donde operan las bodegas, que no son solo negocios, son centros de servicios\u201d.<\/p>\n\n\n\n<p>\u201cCada acto de vandalismo afecta directamente a familias trabajadoras que sostienen la econom\u00eda local\u201d, al tiempo que llam\u00f3 a una mayor coordinaci\u00f3n con la polic\u00eda y las agencias de seguridad de NYC.<\/p>\n\n\n\n<p>Rodr\u00edguez agreg\u00f3 que el 2026 representa una oportunidad para consolidar avances significativos.<\/p>\n\n\n\n<p>\u201cCreemos firmemente que ser\u00e1 un a\u00f1o de prosperidad si logramos que las pol\u00edticas p\u00fablicas respondan a las verdaderas necesidades del peque\u00f1o comerciante\u201d, manifest\u00f3.<\/p>\n\n\n\n<p>Por su parte, Jos\u00e9 Pe\u00f1a vicepresidente de la organizaci\u00f3n subray\u00f3 la necesidad de mejorar la relaci\u00f3n con las tiendas mayoristas y las instituciones financieras para facilitar l\u00edneas de cr\u00e9dito accesibles, porque muchos operan con m\u00e1rgenes muy limitados.<\/p>\n\n\n\n<p>\u201cContar con financiamiento justo les permitir\u00eda modernizar sus negocios, mejorar inventarios y competir en igualdad de condiciones\u201d.<\/p>\n\n\n\n<p>En tanto, Mar\u00eda L\u00f3pez, directora de relaciones comunitarias, se\u00f1al\u00f3 los trabajos&nbsp;&nbsp;permitir\u00e1n que las diferentes agencias municipales conozcan de primera mano la realidad del sector.<\/p>\n\n\n\n<p>\u201cQueremos que las autoridades escuchen directamente a los bodegueros, comprendan sus desaf\u00edos diarios y trabajemos juntos en soluciones sostenibles\u201d, puntualiz\u00f3.<\/p>\n\n\n\n<p>Los directivos coincidieron en que, pese a que varios establecimientos han sido v\u00edctimas de vandalismo en el \u00faltimo a\u00f1o, pero el gremio mantiene una actitud de esperanza y resiliencia.<\/p>\n\n\n\n<p>\u201cNuestros miembros no se rinden\u201d. \u201cSeguimos apostando al crecimiento, al empleo y al desarrollo de nuestras comunidades\u201d, indic\u00f3 Pe\u00f1a.<\/p>\n\n\n\n<p>Un elemento destacado durante el encuentro fue el reconocimiento institucional otorgado por el alcalde de la ciudad, Zohran Mamdani, al designar a Rodr\u00edguez como asesor de peque\u00f1os negocios en NYC.<\/p>\n\n\n\n<p>Este nombramiento fue valorado como un paso importante para fortalecer la representaci\u00f3n del sector en los espacios de toma de decisiones.<\/p>\n\n\n\n<p>La organizaci\u00f3n reiter\u00f3 su compromiso de continuar realizando encuentros peri\u00f3dicos, promoviendo el di\u00e1logo con las autoridades y defendiendo los intereses de miles de bodegueros que diariamente contribuyen al dinamismo econ\u00f3mico y social en la Gran Manzana.<\/p>\n","protected":false},"excerpt":{"rendered":"<p>Por Ram\u00f3n Mercedes NUEVA YORK.-&nbsp;La Asociaci\u00f3n de Bodegueros Unidos de las Am\u00e9ricas (UBA) en esta ciudad, presidida por Radham\u00e9s Rodr\u00edguez, inici\u00f3 mesas de trabajo para analizar las principales preocupaciones que afectan al sector y trazar una agenda de soluciones conjuntas ante las autoridades municipales y estatales. Los directivos expusieron que el sector agrupa a m\u00e1s [&hellip;]<\/p>\n","protected":false},"author":2,"featured_media":662866,"comment_status":"open","ping_status":"closed","sticky":false,"template":"","format":"standard","meta":{"footnotes":""},"categories":[18,27],"tags":[3935,181,4249],"class_list":["post-662865","post","type-post","status-publish","format-standard","has-post-thumbnail","hentry","category-economia","category-portada","tag-ny","tag-ramon-mercedes","tag-uba"],"_links":{"self":[{"href":"https:\/\/diariodominicano.com\/index.php?rest_route=\/wp\/v2\/posts\/662865","targetHints":{"allow":["GET"]}}],"collection":[{"href":"https:\/\/diariodominicano.com\/index.php?rest_route=\/wp\/v2\/posts"}],"about":[{"href":"https:\/\/diariodominicano.com\/index.php?rest_route=\/wp\/v2\/types\/post"}],"author":[{"embeddable":true,"href":"https:\/\/diariodominicano.com\/index.php?rest_route=\/wp\/v2\/users\/2"}],"replies":[{"embeddable":true,"href":"https:\/\/diariodominicano.com\/index.php?rest_route=%2Fwp%2Fv2%2Fcomments&post=662865"}],"version-history":[{"count":1,"href":"https:\/\/diariodominicano.com\/index.php?rest_route=\/wp\/v2\/posts\/662865\/revisions"}],"predecessor-version":[{"id":662867,"href":"https:\/\/diariodominicano.com\/index.php?rest_route=\/wp\/v2\/posts\/662865\/revisions\/662867"}],"wp:featuredmedia":[{"embeddable":true,"href":"https:\/\/diariodominicano.com\/index.php?rest_route=\/wp\/v2\/media\/662866"}],"wp:attachment":[{"href":"https:\/\/diariodominicano.com\/index.php?rest_route=%2Fwp%2Fv2%2Fmedia&parent=662865"}],"wp:term":[{"taxonomy":"category","embeddable":true,"href":"https:\/\/diariodominicano.com\/index.php?rest_route=%2Fwp%2Fv2%2Fcategories&post=662865"},{"taxonomy":"post_tag","embeddable":true,"href":"https:\/\/diariodominicano.com\/index.php?rest_route=%2Fwp%2Fv2%2Ftags&post=662865"}],"curies":[{"name":"wp","href":"https:\/\/api.w.org\/{rel}","templated":true}]}}