{"id":66285,"date":"2012-02-10T17:27:57","date_gmt":"2012-02-10T17:27:57","guid":{"rendered":"http:\/\/diariodominicano.ddns.net\/?p=66285"},"modified":"2012-02-10T17:27:57","modified_gmt":"2012-02-10T17:27:57","slug":"homenaje-a-pablo-neruda-en-feria-editorial-cubana","status":"publish","type":"post","link":"https:\/\/diariodominicano.com\/?p=66285","title":{"rendered":"Homenaje a Pablo Neruda en feria editorial cubana"},"content":{"rendered":"<p><body><\/p>\n<p><img decoding=\"async\" src=\"img3\/pablo neruda 102.jpg\" \/>  <\/p>\n<p><span class=\"text1noticias\">La Habana, 10 feb (PL).-  La 21 Feria Internacional del Libro Cuba 2012 iniciar\u00e1 hoy aqu\u00ed su programa literario con una conferencia sobre la vida y obra del poeta chileno Pablo Neruda y la presentaci\u00f3n de m\u00e1s de una treintena de t\u00edtulos.<\/span><\/p>\n<\/p>\n<p><span class=\"text1noticias\">Inaugurada oficialmente la v\u00edspera con la asistencia del vicepresidente cubano Esteban Lazo, la ministra de Cultura de Jamaica, Lisa Hanna, y el intelectual argentino Adolfo P\u00e9rez Esquivel (Premio Nobel de la Paz) abrir\u00e1 hoy sus puertas a un p\u00fablico masivo que tradicionalmente disfruta de sus propuestas.<\/span><\/p>\n<\/p>\n<p><span class=\"text1noticias\">En la Sala Nuestra Am\u00e9rica, dedicada a la cultura de los pueblos del Caribe, invitada de honor, se presentar\u00e1, el libro The silent killer, de Barbara Chase Main Library, de la University of the West Indies, de Barbados.<\/span><\/p>\n<\/p>\n<p><span class=\"text1noticias\">Una nueva edici\u00f3n de Sida, confesiones de un m\u00e9dico, del doctor cubano Jorge P\u00e9rez, figura entre las novedades que se podr\u00e1n adquirir en esta primera jornada.<\/span><\/p>\n<\/p>\n<p><span class=\"text1noticias\">El volumen recopila historias de personas infectadas con el virus de inmunodeficiencia humana (VIH). Su primera edici\u00f3n sirvi\u00f3 de base al realizador Gerardo Chijona para el filme Boletos al para\u00edso, candidato a los Goya 2012.<\/span><\/p>\n<\/p>\n<p><span class=\"text1noticias\">La literatura rusa estar\u00e1 presente con dos conferencias. La primera a cargo del novelista Zajar Prilepin y la segunda centrada en la poes\u00eda contempor\u00e1nea de ese pa\u00eds, en la que el autor Maxim Amelin abordar\u00e1 las nuevas tendencias en los \u00faltimos 20 a\u00f1os.<\/span><\/p>\n<\/p>\n<p><span class=\"text1noticias\">Fuera de la Fortaleza San Carlos de la Caba\u00f1a, su sede principal, se suceder\u00e1n tambi\u00e9n varias presentaciones, sesiones de lecturas y conferencias en otros puntos de la capital.<\/span><\/p>\n<\/p>\n<p><span class=\"text1noticias\">A la feria concurren hasta el 19 de febrero m\u00e1s de 260 invitados y 600 profesionales de 41 pa\u00edses, entre ellos el escritor mexicano Sergio Pitol (Premio Cervantes 2005), el te\u00f3logo brasile\u00f1o Frei Betto y el jamaicano Norman Girvan<\/span>.<\/p>\n<h6> 2012-02-10 17:27:57 <\/h6>\n<p><!--\n<link rel=\"stylesheet\" href=\"css\/bootstrap.min.css\">\n\n\n<ul class=\"pagination\">\n\t    \n\t\n\n<li >\n\t<a href='?page_no=17962'>Previous<\/a>\n\t<\/li>\n\n\n       \n    \n\n<li><a href='?page_no=1'>1<\/a><\/li>\n\n\n\n<li><a href='?page_no=2'>2<\/a><\/li>\n\n\n\n<li><a>...<\/a><\/li>\n\n\n\n<li><a href='?page_no=17961'>17961<\/a><\/li>\n\n\n\n<li><a href='?page_no=17962'>17962<\/a><\/li>\n\n\n\n<li class='active'><a>17963<\/a><\/li>\n\n\n\n<li><a href='?page_no=17964'>17964<\/a><\/li>\n\n\n\n<li><a href='?page_no=17965'>17965<\/a><\/li>\n\n\n\n<li><a>...<\/a><\/li>\n\n\n\n<li><a href='?page_no=22911'>22911<\/a><\/li>\n\n\n\n<li><a href='?page_no=22912'>22912<\/a><\/li>\n\n    \n\t\n\n<li >\n\t<a href='?page_no=17964'>Next<\/a>\n\t<\/li>\n\n\n    \n\n<li><a href='?page_no=22912'>Last &rsaquo;&rsaquo;<\/a><\/li>\n\n<\/ul>\n\n\n--><br \/>\n<\/body><\/p>\n","protected":false},"excerpt":{"rendered":"<p>La Habana, 10 feb (PL).- La 21 Feria Internacional del Libro Cuba 2012 iniciar\u00e1 hoy aqu\u00ed su programa literario con una conferencia sobre la vida y obra del poeta chileno Pablo Neruda y la presentaci\u00f3n de m\u00e1s de una treintena de t\u00edtulos. Inaugurada oficialmente la v\u00edspera con la asistencia del vicepresidente cubano Esteban Lazo, la [&hellip;]<\/p>\n","protected":false},"author":3,"featured_media":0,"comment_status":"open","ping_status":"open","sticky":false,"template":"","format":"standard","meta":{"footnotes":""},"categories":[21],"tags":[],"class_list":["post-66285","post","type-post","status-publish","format-standard","hentry","category-cultura"],"_links":{"self":[{"href":"https:\/\/diariodominicano.com\/index.php?rest_route=\/wp\/v2\/posts\/66285","targetHints":{"allow":["GET"]}}],"collection":[{"href":"https:\/\/diariodominicano.com\/index.php?rest_route=\/wp\/v2\/posts"}],"about":[{"href":"https:\/\/diariodominicano.com\/index.php?rest_route=\/wp\/v2\/types\/post"}],"author":[{"embeddable":true,"href":"https:\/\/diariodominicano.com\/index.php?rest_route=\/wp\/v2\/users\/3"}],"replies":[{"embeddable":true,"href":"https:\/\/diariodominicano.com\/index.php?rest_route=%2Fwp%2Fv2%2Fcomments&post=66285"}],"version-history":[{"count":0,"href":"https:\/\/diariodominicano.com\/index.php?rest_route=\/wp\/v2\/posts\/66285\/revisions"}],"wp:attachment":[{"href":"https:\/\/diariodominicano.com\/index.php?rest_route=%2Fwp%2Fv2%2Fmedia&parent=66285"}],"wp:term":[{"taxonomy":"category","embeddable":true,"href":"https:\/\/diariodominicano.com\/index.php?rest_route=%2Fwp%2Fv2%2Fcategories&post=66285"},{"taxonomy":"post_tag","embeddable":true,"href":"https:\/\/diariodominicano.com\/index.php?rest_route=%2Fwp%2Fv2%2Ftags&post=66285"}],"curies":[{"name":"wp","href":"https:\/\/api.w.org\/{rel}","templated":true}]}}