{"id":66283,"date":"2012-02-10T20:15:41","date_gmt":"2012-02-10T20:15:41","guid":{"rendered":"http:\/\/diariodominicano.ddns.net\/?p=66283"},"modified":"2012-02-10T20:15:41","modified_gmt":"2012-02-10T20:15:41","slug":"director-de-bellas-artes-realizara-conversatorio-esta-noche-en-ny","status":"publish","type":"post","link":"https:\/\/diariodominicano.com\/?p=66283","title":{"rendered":"&#13;Director de Bellas Artes realizar\u00e1 Conversatorio esta noche en NY"},"content":{"rendered":"<p><body><\/p>\n<p><span class=\"text1noticias\">Nueva York, 10 febrero.- El comisionado dominicano de Cultura en los Estados Unidos, Carlos S\u00e1nchez, realizar\u00e1 un conversatorio con el director general de Bellas Artes de la Rep\u00fablica Dominicana, Franklin Dom\u00ednguez, por lo cual invita a la comunidad dominicana a asistir al mismo.<\/span><\/p>\n<\/p>\n<p><span class=\"text1noticias\">El encuentro con el dramaturgo, director teatral y profesor se realizar\u00e1 este viernes 10 de febrero, a las 6:30 de la tarde, en la sala de eventos Andr\u00e9s Francisco Requena, del Comisionado, localizada en el segundo piso del edificio n\u00famero 541 West de la calle 145, casi esquina Broadway, en el Alto Manhattan.<\/span><\/p>\n<\/p>\n<p><span class=\"text1noticias\">S\u00e1nchez dijo que el conversatorio ser\u00e1 sobre arte en general y teatro en particular, por lo que son bienvenidos los teatristas, dramaturgos, actores, pintores, escritores y amantes de las bellas artes.<\/span><\/p>\n<\/p>\n<p><span class=\"text1noticias\">La actividad es gratis. Para m\u00e1s informaci\u00f3n, llamar al (212) 234-8149.<\/span><\/p>\n<\/p>\n<p><span class=\"text1noticias\">Sobre Franklin Dom\u00ednguez <\/span><\/p>\n<\/p>\n<p><span class=\"text1noticias\">Naci\u00f3 en Santiago de los Caballeros, en 1931. Dramaturgo, director teatral, abogado, actor y pol\u00edtico. <\/span><\/p>\n<\/p>\n<p><span class=\"text1noticias\">Es el m\u00e1s prol\u00edfico dramaturgo dominicano hasta este momento. Estudi\u00f3 actuaci\u00f3n en la Escuela Nacional de Bellas Artes en Santo Domingo. Es licenciado en filosof\u00eda  y doctor en derecho por la Universidad Aut\u00f3noma de Santo Domingo. Fue firector de Informaci\u00f3n y Prensa de la Presidencia (1965), director General de Bellas Artes en dos ocasiones y presidente de la Sociedad de Autores y Compositores Dram\u00e1ticos de Rep\u00fablica Dominicana. Fund\u00f3 la agrupaci\u00f3n pol\u00edtica Movimiento de Conciliaci\u00f3n Nacional. <\/span><\/p>\n<\/p>\n<p><span class=\"text1noticias\">Su producci\u00f3n dram\u00e1tica es abundante y abarca la comedia, la tragedia, la s\u00e1tira pol\u00edtica y el drama cotidiano. <\/span><\/p>\n<\/p>\n<p><span class=\"text1noticias\">En 1979 recibi\u00f3 el Gran Dorado como el artista m\u00e1s sobresaliente del a\u00f1o y en 1983 ocup\u00f3 el segundo puesto en el Certamen Internacional de Dramaturgos Diego Fabbri, celebrado en Italia. <\/span><\/p>\n<\/p>\n<p><span class=\"text1noticias\">Ha obtenido el Premio Nacional de Teatro Crist\u00f3bal de Llerena en ocho ocasiones. En 1975 con Omar y los dem\u00e1s, en 1979 con Lis\u00edstrata odia la pol\u00edtica, en 1983 con Los borrachos, en 1986 con Drogas, en 1992 con Las extra\u00f1as presencias, en 1997 con Bailemos ese tango, en 1998 con Duarte, fundador de la Rep\u00fablica y en 1999 con La telara\u00f1a del poder. <\/span><\/p>\n<\/p>\n<p><span class=\"text1noticias\">Ha representado al pa\u00eds en numerosos festivales internacionales de teatro. Algunas de sus obras han sido traducidas al ingl\u00e9s, franc\u00e9s, chino y ruso. <\/span><\/p>\n<\/p>\n<p><span class=\"text1noticias\">En el 2003 recibi\u00f3 el Premio Nacional de Literatura, reconocimiento otorgado por el Estado Dominicano y la Fundaci\u00f3n Corripio a la obra conjunta de un autor<\/span>. <\/p>\n<\/p>\n<\/p>\n<\/p>\n<h6> 2012-02-10 20:15:41 <\/h6>\n<p><!--\n<link rel=\"stylesheet\" href=\"css\/bootstrap.min.css\">\n\n\n<ul class=\"pagination\">\n\t    \n\t\n\n<li >\n\t<a href='?page_no=17960'>Previous<\/a>\n\t<\/li>\n\n\n       \n    \n\n<li><a href='?page_no=1'>1<\/a><\/li>\n\n\n\n<li><a href='?page_no=2'>2<\/a><\/li>\n\n\n\n<li><a>...<\/a><\/li>\n\n\n\n<li><a href='?page_no=17959'>17959<\/a><\/li>\n\n\n\n<li><a href='?page_no=17960'>17960<\/a><\/li>\n\n\n\n<li class='active'><a>17961<\/a><\/li>\n\n\n\n<li><a href='?page_no=17962'>17962<\/a><\/li>\n\n\n\n<li><a href='?page_no=17963'>17963<\/a><\/li>\n\n\n\n<li><a>...<\/a><\/li>\n\n\n\n<li><a href='?page_no=22911'>22911<\/a><\/li>\n\n\n\n<li><a href='?page_no=22912'>22912<\/a><\/li>\n\n    \n\t\n\n<li >\n\t<a href='?page_no=17962'>Next<\/a>\n\t<\/li>\n\n\n    \n\n<li><a href='?page_no=22912'>Last &rsaquo;&rsaquo;<\/a><\/li>\n\n<\/ul>\n\n\n--><br \/>\n<\/body><\/p>\n","protected":false},"excerpt":{"rendered":"<p>Nueva York, 10 febrero.- El comisionado dominicano de Cultura en los Estados Unidos, Carlos S\u00e1nchez, realizar\u00e1 un conversatorio con el director general de Bellas Artes de la Rep\u00fablica Dominicana, Franklin Dom\u00ednguez, por lo cual invita a la comunidad dominicana a asistir al mismo. El encuentro con el dramaturgo, director teatral y profesor se realizar\u00e1 este [&hellip;]<\/p>\n","protected":false},"author":3,"featured_media":0,"comment_status":"open","ping_status":"open","sticky":false,"template":"","format":"standard","meta":{"footnotes":""},"categories":[21],"tags":[],"class_list":["post-66283","post","type-post","status-publish","format-standard","hentry","category-cultura"],"_links":{"self":[{"href":"https:\/\/diariodominicano.com\/index.php?rest_route=\/wp\/v2\/posts\/66283","targetHints":{"allow":["GET"]}}],"collection":[{"href":"https:\/\/diariodominicano.com\/index.php?rest_route=\/wp\/v2\/posts"}],"about":[{"href":"https:\/\/diariodominicano.com\/index.php?rest_route=\/wp\/v2\/types\/post"}],"author":[{"embeddable":true,"href":"https:\/\/diariodominicano.com\/index.php?rest_route=\/wp\/v2\/users\/3"}],"replies":[{"embeddable":true,"href":"https:\/\/diariodominicano.com\/index.php?rest_route=%2Fwp%2Fv2%2Fcomments&post=66283"}],"version-history":[{"count":0,"href":"https:\/\/diariodominicano.com\/index.php?rest_route=\/wp\/v2\/posts\/66283\/revisions"}],"wp:attachment":[{"href":"https:\/\/diariodominicano.com\/index.php?rest_route=%2Fwp%2Fv2%2Fmedia&parent=66283"}],"wp:term":[{"taxonomy":"category","embeddable":true,"href":"https:\/\/diariodominicano.com\/index.php?rest_route=%2Fwp%2Fv2%2Fcategories&post=66283"},{"taxonomy":"post_tag","embeddable":true,"href":"https:\/\/diariodominicano.com\/index.php?rest_route=%2Fwp%2Fv2%2Ftags&post=66283"}],"curies":[{"name":"wp","href":"https:\/\/api.w.org\/{rel}","templated":true}]}}