{"id":66282,"date":"2012-02-10T20:18:56","date_gmt":"2012-02-10T20:18:56","guid":{"rendered":"http:\/\/diariodominicano.ddns.net\/?p=66282"},"modified":"2012-02-10T20:18:56","modified_gmt":"2012-02-10T20:18:56","slug":"alcaldia-sdo-anuncia-desfile-de-carnaval-2012","status":"publish","type":"post","link":"https:\/\/diariodominicano.com\/?p=66282","title":{"rendered":"Alcald\u00eda SDO anuncia desfile de Carnaval 2012"},"content":{"rendered":"<p><body><\/p>\n<p><span class=\"text1noticias\">Santo Domingo Oeste, RD 10 febrero.- El Ayuntamiento de Santo Domingo Oeste anunci\u00f3 la realizaci\u00f3n de su carnaval popular los d\u00edas 27 de febrero, 11 y 18 de marzo de este a\u00f1o.<\/span><\/p>\n<p><span class=\"text1noticias\"> <\/span><\/p>\n<p><span class=\"text1noticias\">El alcalde Francis Pe\u00f1a inform\u00f3 que ya una comisi\u00f3n trabaja en la elaboraci\u00f3n de las actividades que tendr\u00e1n lugar a lo largo y ancho de este gran municipio.<\/span><\/p>\n<p><span class=\"text1noticias\"> <\/span><\/p>\n<p><span class=\"text1noticias\">Pe\u00f1a dijo que el 27 de febrero ser\u00e1 celebrado el carnaval en la avenida Isabel Aguiar, de Herrera, a partir de las 3:00 de la tarde, mientras que el 11 de marzo se har\u00e1 en la carretera de Manoguayabo.<\/span><\/p>\n<p><span class=\"text1noticias\"> <\/span><\/p>\n<p><span class=\"text1noticias\">Anunci\u00f3 para el 18 de marzo el Gran Desfile Municipal de Carnaval, partiendo desde la Avenid. Isabel Aguiar esquina Carretera Duarte Vieja, transitando hacia la Avenida Las Palmas y terminando en el parque de los Coquitos en Las Caobas.<\/span><\/p>\n<p><span class=\"text1noticias\"> <\/span><\/p>\n<p><span class=\"text1noticias\">\u00abTodo esto como una muestra y apoyo a incentivar la cultura, el folklore y las tradiciones que nos identifican, y como parte de la responsabilidad del gobierno local en incentivar las diferentes manifestaciones culturales que han venido fortaleci\u00e9ndose a\u00f1o tras a\u00f1o, hasta lograr tener aqu\u00ed la uni\u00f3n que aglutina a los carnavaleros de Santo Domingo Oeste\u00bb, indic\u00f3.<\/span><\/p>\n<p><span class=\"text1noticias\"> <\/span><\/p>\n<p><span class=\"text1noticias\">El Alcalde de Santo Domingo Oeste habl\u00f3 en el marco del acto donde fueron presentadas las comparsas y el comit\u00e9 organizador del carnaval popular.<\/span><\/p>\n<p><span class=\"text1noticias\"> <\/span><\/p>\n<p><span class=\"text1noticias\">En el acto, Silvio Mart\u00ednez, encargado de Cultura del Ayuntamiento, afirm\u00f3 que el desfile municipal de carnaval se ha fortalecido a tal punto que cada a\u00f1o trae una representaci\u00f3n carnavalesca de diferentes localidades del pa\u00eds y el extranjero<\/span>.<\/p>\n<\/p>\n<\/p>\n<h6> 2012-02-10 20:18:56 <\/h6>\n<p><!--\n<link rel=\"stylesheet\" href=\"css\/bootstrap.min.css\">\n\n\n<ul class=\"pagination\">\n\t    \n\t\n\n<li >\n\t<a href='?page_no=17959'>Previous<\/a>\n\t<\/li>\n\n\n       \n    \n\n<li><a href='?page_no=1'>1<\/a><\/li>\n\n\n\n<li><a href='?page_no=2'>2<\/a><\/li>\n\n\n\n<li><a>...<\/a><\/li>\n\n\n\n<li><a href='?page_no=17958'>17958<\/a><\/li>\n\n\n\n<li><a href='?page_no=17959'>17959<\/a><\/li>\n\n\n\n<li class='active'><a>17960<\/a><\/li>\n\n\n\n<li><a href='?page_no=17961'>17961<\/a><\/li>\n\n\n\n<li><a href='?page_no=17962'>17962<\/a><\/li>\n\n\n\n<li><a>...<\/a><\/li>\n\n\n\n<li><a href='?page_no=22911'>22911<\/a><\/li>\n\n\n\n<li><a href='?page_no=22912'>22912<\/a><\/li>\n\n    \n\t\n\n<li >\n\t<a href='?page_no=17961'>Next<\/a>\n\t<\/li>\n\n\n    \n\n<li><a href='?page_no=22912'>Last &rsaquo;&rsaquo;<\/a><\/li>\n\n<\/ul>\n\n\n--><br \/>\n<\/body><\/p>\n","protected":false},"excerpt":{"rendered":"<p>Santo Domingo Oeste, RD 10 febrero.- El Ayuntamiento de Santo Domingo Oeste anunci\u00f3 la realizaci\u00f3n de su carnaval popular los d\u00edas 27 de febrero, 11 y 18 de marzo de este a\u00f1o. El alcalde Francis Pe\u00f1a inform\u00f3 que ya una comisi\u00f3n trabaja en la elaboraci\u00f3n de las actividades que tendr\u00e1n lugar a lo largo y [&hellip;]<\/p>\n","protected":false},"author":3,"featured_media":0,"comment_status":"open","ping_status":"open","sticky":false,"template":"","format":"standard","meta":{"footnotes":""},"categories":[21],"tags":[],"class_list":["post-66282","post","type-post","status-publish","format-standard","hentry","category-cultura"],"_links":{"self":[{"href":"https:\/\/diariodominicano.com\/index.php?rest_route=\/wp\/v2\/posts\/66282","targetHints":{"allow":["GET"]}}],"collection":[{"href":"https:\/\/diariodominicano.com\/index.php?rest_route=\/wp\/v2\/posts"}],"about":[{"href":"https:\/\/diariodominicano.com\/index.php?rest_route=\/wp\/v2\/types\/post"}],"author":[{"embeddable":true,"href":"https:\/\/diariodominicano.com\/index.php?rest_route=\/wp\/v2\/users\/3"}],"replies":[{"embeddable":true,"href":"https:\/\/diariodominicano.com\/index.php?rest_route=%2Fwp%2Fv2%2Fcomments&post=66282"}],"version-history":[{"count":0,"href":"https:\/\/diariodominicano.com\/index.php?rest_route=\/wp\/v2\/posts\/66282\/revisions"}],"wp:attachment":[{"href":"https:\/\/diariodominicano.com\/index.php?rest_route=%2Fwp%2Fv2%2Fmedia&parent=66282"}],"wp:term":[{"taxonomy":"category","embeddable":true,"href":"https:\/\/diariodominicano.com\/index.php?rest_route=%2Fwp%2Fv2%2Fcategories&post=66282"},{"taxonomy":"post_tag","embeddable":true,"href":"https:\/\/diariodominicano.com\/index.php?rest_route=%2Fwp%2Fv2%2Ftags&post=66282"}],"curies":[{"name":"wp","href":"https:\/\/api.w.org\/{rel}","templated":true}]}}