{"id":66281,"date":"2012-02-10T20:23:24","date_gmt":"2012-02-10T20:23:24","guid":{"rendered":"http:\/\/diariodominicano.ddns.net\/?p=66281"},"modified":"2012-02-10T20:23:24","modified_gmt":"2012-02-10T20:23:24","slug":"presentaran-concierto-romance-latino-ii","status":"publish","type":"post","link":"https:\/\/diariodominicano.com\/?p=66281","title":{"rendered":"Presentar\u00e1n concierto \u00abRomance Latino II\u00bb"},"content":{"rendered":"<p><body><\/p>\n<p><span class=\"text1noticias\">Santo Domingo, RD 10 febrero.-\u00abRomance Latino II\u00bb, un recorrido por las mejores letras del cancionero latinoamericano en las voces del tenor dominicano Edgar P\u00e9rez y la soprano puertorrique\u00f1a Melliangee P\u00e9rez, ser\u00e1 presentado el pr\u00f3ximo lunes.<\/span><\/p>\n<\/p>\n<p><span class=\"text1noticias\">El concierto, bajo la producci\u00f3n general de Edgar P\u00e9rez Mart\u00ednez, ser\u00e1 exhibido en la Sala M\u00e1ximo Avil\u00e9s Blonda del Palacio de Bellas Artes.<\/span><\/p>\n<\/p>\n<p><span class=\"text1noticias\">Acompa\u00f1ados de la Orquesta Filarm\u00f3nica Dominicana, bajo la direcci\u00f3n del maestro Carlos Andr\u00e9s Mej\u00eda, \u00abRomance Latino\u00bb repasar\u00e1 esa noche hist\u00f3ricas melod\u00edas como \u00abHay noche\u00bb, \u00abTres veces te amo\u00bb, \u00abT\u00fa vives en mi pensamiento\u00bb, \u00abAlfonsina y el mar\u00bb, \u00abCampanitas de cristal\u00bb, \u00abPiel canela\u00bb,  entre otras canciones rom\u00e1nticas.<\/span><\/p>\n<\/p>\n<p><span class=\"text1noticias\">\u00abLa idea es presentar una selecci\u00f3n de los grandes autores latinoamericanos para que el p\u00fablico disfrute de esas canciones conocidas con nuevos arreglos, sinf\u00f3nicos, entre estos Rafael Solano, Manuel Troncoso, Bienvenido Brens, Consuelo Vel\u00e1squez, Manuel S\u00e1nchez Acosta, Arturo Castro Mar\u00eda Grever, Bobby Cap\u00f3, entre otros\u00bb, destac\u00f3 P\u00e9rez Mart\u00ednez.<\/span><\/p>\n<\/p>\n<h6> 2012-02-10 20:23:24 <\/h6>\n<p><!--\n<link rel=\"stylesheet\" href=\"css\/bootstrap.min.css\">\n\n\n<ul class=\"pagination\">\n\t    \n\t\n\n<li >\n\t<a href='?page_no=17958'>Previous<\/a>\n\t<\/li>\n\n\n       \n    \n\n<li><a href='?page_no=1'>1<\/a><\/li>\n\n\n\n<li><a href='?page_no=2'>2<\/a><\/li>\n\n\n\n<li><a>...<\/a><\/li>\n\n\n\n<li><a href='?page_no=17957'>17957<\/a><\/li>\n\n\n\n<li><a href='?page_no=17958'>17958<\/a><\/li>\n\n\n\n<li class='active'><a>17959<\/a><\/li>\n\n\n\n<li><a href='?page_no=17960'>17960<\/a><\/li>\n\n\n\n<li><a href='?page_no=17961'>17961<\/a><\/li>\n\n\n\n<li><a>...<\/a><\/li>\n\n\n\n<li><a href='?page_no=22911'>22911<\/a><\/li>\n\n\n\n<li><a href='?page_no=22912'>22912<\/a><\/li>\n\n    \n\t\n\n<li >\n\t<a href='?page_no=17960'>Next<\/a>\n\t<\/li>\n\n\n    \n\n<li><a href='?page_no=22912'>Last &rsaquo;&rsaquo;<\/a><\/li>\n\n<\/ul>\n\n\n--><br \/>\n<\/body><\/p>\n","protected":false},"excerpt":{"rendered":"<p>Santo Domingo, RD 10 febrero.-\u00abRomance Latino II\u00bb, un recorrido por las mejores letras del cancionero latinoamericano en las voces del tenor dominicano Edgar P\u00e9rez y la soprano puertorrique\u00f1a Melliangee P\u00e9rez, ser\u00e1 presentado el pr\u00f3ximo lunes. El concierto, bajo la producci\u00f3n general de Edgar P\u00e9rez Mart\u00ednez, ser\u00e1 exhibido en la Sala M\u00e1ximo Avil\u00e9s Blonda del Palacio [&hellip;]<\/p>\n","protected":false},"author":3,"featured_media":0,"comment_status":"open","ping_status":"open","sticky":false,"template":"","format":"standard","meta":{"footnotes":""},"categories":[21],"tags":[],"class_list":["post-66281","post","type-post","status-publish","format-standard","hentry","category-cultura"],"_links":{"self":[{"href":"https:\/\/diariodominicano.com\/index.php?rest_route=\/wp\/v2\/posts\/66281","targetHints":{"allow":["GET"]}}],"collection":[{"href":"https:\/\/diariodominicano.com\/index.php?rest_route=\/wp\/v2\/posts"}],"about":[{"href":"https:\/\/diariodominicano.com\/index.php?rest_route=\/wp\/v2\/types\/post"}],"author":[{"embeddable":true,"href":"https:\/\/diariodominicano.com\/index.php?rest_route=\/wp\/v2\/users\/3"}],"replies":[{"embeddable":true,"href":"https:\/\/diariodominicano.com\/index.php?rest_route=%2Fwp%2Fv2%2Fcomments&post=66281"}],"version-history":[{"count":0,"href":"https:\/\/diariodominicano.com\/index.php?rest_route=\/wp\/v2\/posts\/66281\/revisions"}],"wp:attachment":[{"href":"https:\/\/diariodominicano.com\/index.php?rest_route=%2Fwp%2Fv2%2Fmedia&parent=66281"}],"wp:term":[{"taxonomy":"category","embeddable":true,"href":"https:\/\/diariodominicano.com\/index.php?rest_route=%2Fwp%2Fv2%2Fcategories&post=66281"},{"taxonomy":"post_tag","embeddable":true,"href":"https:\/\/diariodominicano.com\/index.php?rest_route=%2Fwp%2Fv2%2Ftags&post=66281"}],"curies":[{"name":"wp","href":"https:\/\/api.w.org\/{rel}","templated":true}]}}