{"id":66280,"date":"2012-02-11T14:28:56","date_gmt":"2012-02-11T14:28:56","guid":{"rendered":"http:\/\/diariodominicano.ddns.net\/?p=66280"},"modified":"2012-02-11T14:28:56","modified_gmt":"2012-02-11T14:28:56","slug":"gran-interes-con-la-feria-gastronomica-fronteriza","status":"publish","type":"post","link":"https:\/\/diariodominicano.com\/?p=66280","title":{"rendered":"Gran inter\u00e9s con la feria gastronomica fronteriza"},"content":{"rendered":"<p><body><\/p>\n<p><span class=\"text1noticias\">Santo Domingo, RD 11 febrero.- Continuando con el desarrollo de la etapa organizativa a tono con el montaje de la Feria Gastron\u00f3mica y de la confraternidad fronteriza convocada por entidades culturales y comunitarias y varias asociaciones de ciudadanos oriundos de diferentes poblados fronterizos que residen principalmente en la urbe capitalina, tuvo efecto una importante reuni\u00f3n en las instalaciones del Colegio M\u00e9dico Dominicano.<\/span><\/p>\n<\/p>\n<p><span class=\"text1noticias\">All\u00ed se dieron cita un considerable n\u00famero de representativos de las diferentes asociaciones que agrupan a centenares de estudiantes, obreros, amas de casa y profesionales de diferentes disciplinas del saber, quienes emigraron del lar nativo en aras del desarrollo y la superaci\u00f3n personal y de sus familias, lo que no les impide disponer un espacio de sus vidas para fraternizar con sus compueblanos y compartir impresiones.<\/span><\/p>\n<\/p>\n<p><span class=\"text1noticias\">Es precisamente a partir de esta premisa que los directivos de la Fundaci\u00f3n Pro Desarrollo Educacional, Cultural y social de la Frontera ?FUDECESFRON- han ideado la realizaci\u00f3n de este multitudinario encuentro de fronterizos en la capital dominicana, en aras de mantener vigentes los lazos afectivos y culturales que unen e identifican a los ciudadanos oriundos de estos latitudes, al tiempo de aprovechar el escenario para debatir objetivos estrat\u00e9gicos que coadyuven al desarrollo de sus respectivas comunidades.<\/span><\/p>\n<\/p>\n<p><span class=\"text1noticias\">En ese tenor, junto a la apetitosa oferta culinaria que ofrece este evento, presentada en innovadores platillos  revestidos de asombrosas recetas que prestigian el paladar, los fronterizos eval\u00faan y discuten el rosario de males que padece su regi\u00f3n, mismos que le han impedido descollar y dar el salto hacia el desarrollo, a pesar de las inigualables condiciones que posee en cuanto a su oferta agropecuaria, su refrescante diversidad de destinos en materia de turismo ecol\u00f3gico y cultural, la resonante significaci\u00f3n hist\u00f3rica que por siglos ha jugado la region y sus gentes en cuanto a la conformaci\u00f3n y sotenimiento de la Rep\u00fablica y, finalmente, la capacidad y disposici\u00f3n de sus hombres y mujeres de dar un paso al frente en aras de contribuir con el crecimiento de la Patria.<\/span><\/p>\n<\/p>\n<p><span class=\"text1noticias\">En ese tenor, elementos tales como la urgente y necesaria reconstrucci\u00f3n y extensi\u00f3n de la Carretera Internacional, calificada en ocasiones como Hija olvidada de la Patria, resurge a cada instante en los temas de debate en las reuniones patrocinadas por el comit\u00e9 Organizador de la Feria Gastron\u00f3mica. Ello as\u00ed porque para nadie es un secreto que el verdadero desarrollo y la superaci\u00f3n en la calidad de vida de los fronterizos ha estado y estar\u00e1 unida de manera umbilical a la necesaria reparaci\u00f3n y mantenimiento de esa importante arteria que corre a lo largo de la frontera dominico-haitiana, enlazando el noroeste y el suroeste dominicano, lo que le convierte, adem\u00e1s de objetivo estrat\u00e9gico, en pieza vital para las comunicaciones, transporte de alimentos, comercializaci\u00f3n de cosechas e intercambio cultural en sentido general.<\/span><\/p>\n<\/p>\n<p><span class=\"text1noticias\">De igual forma, Francisco Paulino y otros directivos de las entidades fronterizas resaltaron la importancia de los trabajos que viene realizando el Consejo de Coordinaci\u00f3n de la Zona Especial de Desarrollo Fronterizo ?CCDF-, en aras de concitar el inter\u00e9s de empresarios con visi\u00f3n de futuro, a fin de que inviertan sus capitales y contribuyan con el desarrollo de la regi\u00f3n fronteriza.<\/span><\/p>\n<\/p>\n<p><span class=\"text1noticias\">A tono con dicho objetivo, una comisi\u00f3n de FUDECESFRON estar\u00e1 presente este fin de semana en el municipio de Sabaneta (Santiago Rodr\u00edguez), ciudad noroestana en donde habr\u00e1 de celebrarse un seminario convocado por la CCDF y la Federaci\u00f3n de Comerciantes y Empresarios de la Frontera ?FECFRON-, para dar a conocer los alcances de la Ley 28-01, que auspicia y protege la inversi\u00f3n en la frontera as\u00ed como los alcances y beneficios que la comunidades podr\u00edan obtener en la medida en que se conviertan en realidad dichas inversiones.<\/span><\/p>\n<\/p>\n<p><span class=\"text1noticias\">De tal suerte, los activistas culturales y comunitarios est\u00e1n sumando sus esfuerzos a la b\u00fasqueda del beneficio colectivo de los moradores de sus comunidades de origen al tiempo que aprovechar\u00e1n el escenario de este c\u00f3nclave para establecer contactos con empresarios, funcionarios, y legisladores representativos de las provincias fronterizas de quienes se ha de recabar el apoyo para la realizaci\u00f3n de la Feria gastron\u00f3mica.<\/span><\/p>\n<\/p>\n<p><span class=\"text1noticias\">Como se ve, las cosas marchan a todo vapor. Las invitaciones ya est\u00e1n siendo distribuidas y los afiches, brochures y dem\u00e1s elementos de tipo promocional est\u00e1n siendo colocados en lugares p\u00fablicos, universidades, estaciones de autobuses y centros de trabajo. <\/span><\/p>\n<\/p>\n<p><span class=\"text1noticias\">Desde ya se hacen aprestos a fin de elaborar los m\u00e1s apetitosos platillos y bocadillos en los que ha de estar presente toda una tradici\u00f3n del saz\u00f3n y el gusto que caracteriza los variados platos del arte culinario fronterizo y en las tertulias de las asociaciones de estudiantes, conglomerados familiares y corrillos de amigos y compueblanos la comidilla del d\u00eda esta cifrada en la novedad de platillos ex\u00f3ticos y rarezas gastron\u00f3micas en gran parte desconocidas por muchos, tales como el Moro de Yon-yon, Chivo horneado, Chench\u00e9n con chivo, Moro de semillas de cajuil tiernas, caldo de tilapias, sancocho de las siete carnes o las delicias del mamb\u00e1 con cazabe, entre otras m\u00faltiples opciones que estar\u00e1n disponibles para ser degustadas en esta rumbosa fiesta de la gastronom\u00eda y la confraternidad fronteriza.<\/span><\/p>\n<\/p>\n<p><span class=\"text1noticias\">Como proclama el dicho popular, el 25 de Marzo todos los caminos conducir\u00e1n al Club del Legislador, de la Avenida Espa\u00f1a,  en la zona oriental de Santo Domingo, a darnos un abrazo de hermanos con todos los fronterizos residentes en la capital y visitantes. All\u00ed hemos de dar el apoyo solidario a este evento y sus organizadores y habremos de empaparnos de la atrayente oferta cultural y culinaria de sus gentes, as\u00ed como de los desvelos, aspiraciones y necesidades, de esta importante regi\u00f3n dominicana<\/span>.<\/p>\n<\/p>\n<\/p>\n<p>.<\/p>\n<\/p>\n<h6> 2012-02-11 14:28:56 <\/h6>\n<p><!--\n<link rel=\"stylesheet\" href=\"css\/bootstrap.min.css\">\n\n\n<ul class=\"pagination\">\n\t    \n\t\n\n<li >\n\t<a href='?page_no=17957'>Previous<\/a>\n\t<\/li>\n\n\n       \n    \n\n<li><a href='?page_no=1'>1<\/a><\/li>\n\n\n\n<li><a href='?page_no=2'>2<\/a><\/li>\n\n\n\n<li><a>...<\/a><\/li>\n\n\n\n<li><a href='?page_no=17956'>17956<\/a><\/li>\n\n\n\n<li><a href='?page_no=17957'>17957<\/a><\/li>\n\n\n\n<li class='active'><a>17958<\/a><\/li>\n\n\n\n<li><a href='?page_no=17959'>17959<\/a><\/li>\n\n\n\n<li><a href='?page_no=17960'>17960<\/a><\/li>\n\n\n\n<li><a>...<\/a><\/li>\n\n\n\n<li><a href='?page_no=22911'>22911<\/a><\/li>\n\n\n\n<li><a href='?page_no=22912'>22912<\/a><\/li>\n\n    \n\t\n\n<li >\n\t<a href='?page_no=17959'>Next<\/a>\n\t<\/li>\n\n\n    \n\n<li><a href='?page_no=22912'>Last &rsaquo;&rsaquo;<\/a><\/li>\n\n<\/ul>\n\n\n--><br \/>\n<\/body><\/p>\n","protected":false},"excerpt":{"rendered":"<p>Santo Domingo, RD 11 febrero.- Continuando con el desarrollo de la etapa organizativa a tono con el montaje de la Feria Gastron\u00f3mica y de la confraternidad fronteriza convocada por entidades culturales y comunitarias y varias asociaciones de ciudadanos oriundos de diferentes poblados fronterizos que residen principalmente en la urbe capitalina, tuvo efecto una importante reuni\u00f3n [&hellip;]<\/p>\n","protected":false},"author":3,"featured_media":0,"comment_status":"open","ping_status":"open","sticky":false,"template":"","format":"standard","meta":{"footnotes":""},"categories":[21],"tags":[],"class_list":["post-66280","post","type-post","status-publish","format-standard","hentry","category-cultura"],"_links":{"self":[{"href":"https:\/\/diariodominicano.com\/index.php?rest_route=\/wp\/v2\/posts\/66280","targetHints":{"allow":["GET"]}}],"collection":[{"href":"https:\/\/diariodominicano.com\/index.php?rest_route=\/wp\/v2\/posts"}],"about":[{"href":"https:\/\/diariodominicano.com\/index.php?rest_route=\/wp\/v2\/types\/post"}],"author":[{"embeddable":true,"href":"https:\/\/diariodominicano.com\/index.php?rest_route=\/wp\/v2\/users\/3"}],"replies":[{"embeddable":true,"href":"https:\/\/diariodominicano.com\/index.php?rest_route=%2Fwp%2Fv2%2Fcomments&post=66280"}],"version-history":[{"count":0,"href":"https:\/\/diariodominicano.com\/index.php?rest_route=\/wp\/v2\/posts\/66280\/revisions"}],"wp:attachment":[{"href":"https:\/\/diariodominicano.com\/index.php?rest_route=%2Fwp%2Fv2%2Fmedia&parent=66280"}],"wp:term":[{"taxonomy":"category","embeddable":true,"href":"https:\/\/diariodominicano.com\/index.php?rest_route=%2Fwp%2Fv2%2Fcategories&post=66280"},{"taxonomy":"post_tag","embeddable":true,"href":"https:\/\/diariodominicano.com\/index.php?rest_route=%2Fwp%2Fv2%2Ftags&post=66280"}],"curies":[{"name":"wp","href":"https:\/\/api.w.org\/{rel}","templated":true}]}}