{"id":66279,"date":"2012-02-11T14:33:49","date_gmt":"2012-02-11T14:33:49","guid":{"rendered":"http:\/\/diariodominicano.ddns.net\/?p=66279"},"modified":"2012-02-11T14:33:49","modified_gmt":"2012-02-11T14:33:49","slug":"ministerio-de-cultura-participa-en-feria-del-libro-de-cuba","status":"publish","type":"post","link":"https:\/\/diariodominicano.com\/?p=66279","title":{"rendered":"Ministerio de Cultura participa en Feria del Libro de Cuba"},"content":{"rendered":"<p><body><\/p>\n<p><span class=\"text1noticias\">La Habana,Cuba 11 febrero.- El Ministro de Cultura dominicano, Jos\u00e9 Rafael Lantigua, presidi\u00f3 junto al Ministro de Cultura cubano, Abel Prieto, la Feria Internacional del Libro Cuba 2012.<\/span><\/p>\n<p><span class=\"text1noticias\"> <\/span><\/p>\n<p><span class=\"text1noticias\">Se inici\u00f3 bajo el lema \u00abLeer es crecer\u00bb, con la presencia de los 14 estados insulares del Caribe, incluyendo Rep\u00fablica Dominicana, como invitados de honor.<\/span><\/p>\n<p><span class=\"text1noticias\"> <\/span><\/p>\n<p><span class=\"text1noticias\">En la actividad tambi\u00e9n estuvo el vicepresidente del Consejo de Estado cubano, Esteban Lazo; la ministra de Cultura de Jamaica, Lissa Hanna y la presidenta del Instituto Cubano del Libro, Zuleika Romay, entre otros. El acto celebrado en el recinto ferial de San Carlos de la Caba\u00f1a.<\/span><\/p>\n<p><span class=\"text1noticias\"> <\/span><\/p>\n<p><span class=\"text1noticias\">La Rep\u00fablica Dominicana participa con un pabell\u00f3n en el que se encuentra un muestrario de autores dominicanos, destinado a la venta y un programa que incluye las presentaciones  de libros de varios escritores.<\/span><\/p>\n<p><span class=\"text1noticias\"> <\/span><\/p>\n<p><span class=\"text1noticias\">Es atendido por talleristas literarios dominicanos, los cuales tienen un programa de intercambio desde hace varios a\u00f1os con los cubanos del Centro Literario Onelio Jorge Cardoso.<\/span><\/p>\n<p><span class=\"text1noticias\"> <\/span><\/p>\n<p><span class=\"text1noticias\">En la actividad se pondr\u00e1n a circular los 15 primeros vol\u00famenes de las obras completas de Max Henr\u00edquez Ure\u00f1a, con presentaciones del poeta Le\u00f3n F\u00e9lix Batista, Director de la Editora Nacional y del historiador Luis Felipe C\u00e9spedes Espinosa, de la Universidad de La Habana.<\/span><\/p>\n<p><span class=\"text1noticias\"> <\/span><\/p>\n<p><span class=\"text1noticias\">Igualmente, se presentar\u00e1n los libros \u00abAntes de que pierda la memoria\u00bb y \u00abCelebrando la vida\u00bb, de Freddy Ginebra; la novela \u00abMi coraz\u00f3n tiembla en la sombra\u00bb y los libros de cuentos \u00abEl callej\u00f3n de las flores\u00bb y \u00abMujeres de vida alegre\u00bb de Ligia Minaya.<\/span><\/p>\n<p><span class=\"text1noticias\"> <\/span><\/p>\n<p><span class=\"text1noticias\">Tambi\u00e9n, el libro de cuentos \u00abPapeles de Astarot\u00bb de Pedro Antonio Valdez, publicado por la Editorial Arte y Literatura, de Cuba; y \u00abLeyendas dominicanas\u00bb, de Eleanor Grimaldi y Margarita Luciano de Sang, publicado por Ediciones Uni\u00f3n, de Cuba. Estas obras ser\u00e1n presentadas por la editora cubana Olga Martha P\u00e9rez.<\/span><\/p>\n<p><span class=\"text1noticias\"> <\/span><\/p>\n<p><span class=\"text1noticias\">Grimaldi y Luciano participar\u00e1n, adem\u00e1s, en un panel en el Pabell\u00f3n Infantil sobre el t\u00edtulo \u00abUn mismo Caribe para todos\u00bb, donde expondr\u00e1n escritoras de literatura infantil de Puerto Rico, Colombia, Estados Unidos, Barbados, Curazao y Rep\u00fablica Dominicana.<\/span><\/p>\n<p><span class=\"text1noticias\"> <\/span><\/p>\n<p><span class=\"text1noticias\">En la feria est\u00e1 tambi\u00e9n el novelista dominicano Marcio Veloz Maggiolo, quien presentar\u00e1 algunos de sus libros y disertar\u00e1 sobre literatura y antropolog\u00eda dominicana.<\/span><\/p>\n<p><span class=\"text1noticias\"> <\/span><\/p>\n<p><span class=\"text1noticias\">La 21\u00aa Feria Internacional del Libro de La Habana se realizar\u00e1 durante 11 d\u00edas, con un amplio programa que incluye unas 800 actividades literarias, profesionales, acad\u00e9micas y art\u00edsticas, entre ellas 534 presentaciones de libros<\/span>.<\/p>\n<\/p>\n<h6> 2012-02-11 14:33:49 <\/h6>\n<p><!--\n<link rel=\"stylesheet\" href=\"css\/bootstrap.min.css\">\n\n\n<ul class=\"pagination\">\n\t    \n\t\n\n<li >\n\t<a href='?page_no=17956'>Previous<\/a>\n\t<\/li>\n\n\n       \n    \n\n<li><a href='?page_no=1'>1<\/a><\/li>\n\n\n\n<li><a href='?page_no=2'>2<\/a><\/li>\n\n\n\n<li><a>...<\/a><\/li>\n\n\n\n<li><a href='?page_no=17955'>17955<\/a><\/li>\n\n\n\n<li><a href='?page_no=17956'>17956<\/a><\/li>\n\n\n\n<li class='active'><a>17957<\/a><\/li>\n\n\n\n<li><a href='?page_no=17958'>17958<\/a><\/li>\n\n\n\n<li><a href='?page_no=17959'>17959<\/a><\/li>\n\n\n\n<li><a>...<\/a><\/li>\n\n\n\n<li><a href='?page_no=22911'>22911<\/a><\/li>\n\n\n\n<li><a href='?page_no=22912'>22912<\/a><\/li>\n\n    \n\t\n\n<li >\n\t<a href='?page_no=17958'>Next<\/a>\n\t<\/li>\n\n\n    \n\n<li><a href='?page_no=22912'>Last &rsaquo;&rsaquo;<\/a><\/li>\n\n<\/ul>\n\n\n--><br \/>\n<\/body><\/p>\n","protected":false},"excerpt":{"rendered":"<p>La Habana,Cuba 11 febrero.- El Ministro de Cultura dominicano, Jos\u00e9 Rafael Lantigua, presidi\u00f3 junto al Ministro de Cultura cubano, Abel Prieto, la Feria Internacional del Libro Cuba 2012. Se inici\u00f3 bajo el lema \u00abLeer es crecer\u00bb, con la presencia de los 14 estados insulares del Caribe, incluyendo Rep\u00fablica Dominicana, como invitados de honor. En la [&hellip;]<\/p>\n","protected":false},"author":3,"featured_media":0,"comment_status":"open","ping_status":"open","sticky":false,"template":"","format":"standard","meta":{"footnotes":""},"categories":[21],"tags":[],"class_list":["post-66279","post","type-post","status-publish","format-standard","hentry","category-cultura"],"_links":{"self":[{"href":"https:\/\/diariodominicano.com\/index.php?rest_route=\/wp\/v2\/posts\/66279","targetHints":{"allow":["GET"]}}],"collection":[{"href":"https:\/\/diariodominicano.com\/index.php?rest_route=\/wp\/v2\/posts"}],"about":[{"href":"https:\/\/diariodominicano.com\/index.php?rest_route=\/wp\/v2\/types\/post"}],"author":[{"embeddable":true,"href":"https:\/\/diariodominicano.com\/index.php?rest_route=\/wp\/v2\/users\/3"}],"replies":[{"embeddable":true,"href":"https:\/\/diariodominicano.com\/index.php?rest_route=%2Fwp%2Fv2%2Fcomments&post=66279"}],"version-history":[{"count":0,"href":"https:\/\/diariodominicano.com\/index.php?rest_route=\/wp\/v2\/posts\/66279\/revisions"}],"wp:attachment":[{"href":"https:\/\/diariodominicano.com\/index.php?rest_route=%2Fwp%2Fv2%2Fmedia&parent=66279"}],"wp:term":[{"taxonomy":"category","embeddable":true,"href":"https:\/\/diariodominicano.com\/index.php?rest_route=%2Fwp%2Fv2%2Fcategories&post=66279"},{"taxonomy":"post_tag","embeddable":true,"href":"https:\/\/diariodominicano.com\/index.php?rest_route=%2Fwp%2Fv2%2Ftags&post=66279"}],"curies":[{"name":"wp","href":"https:\/\/api.w.org\/{rel}","templated":true}]}}