{"id":66278,"date":"2012-02-11T14:38:46","date_gmt":"2012-02-11T14:38:46","guid":{"rendered":"http:\/\/diariodominicano.ddns.net\/?p=66278"},"modified":"2012-02-11T14:38:46","modified_gmt":"2012-02-11T14:38:46","slug":"fidel-santana-pone-en-circulacion-libro","status":"publish","type":"post","link":"https:\/\/diariodominicano.com\/?p=66278","title":{"rendered":"Fidel Santana pone en circulaci\u00f3n libro"},"content":{"rendered":"<p><body><\/p>\n<p><span class=\"text1noticias\">Santo Domingo, RD 11 febrero.- El soci\u00f3logo Fidel Santana puso en circulaci\u00f3n el libro \u00abResistencia y Colectivismo en los Convites Campesinos de San Crist\u00f3bal\u00bb, con los auspicios del Departamento de Sociolog\u00eda de la Universidad Aut\u00f3noma de Santo Domingo (UASD), a trav\u00e9s de la Escuela de Trabajo Social. <\/span><\/p>\n<p><span class=\"text1noticias\"> <\/span><\/p>\n<p><span class=\"text1noticias\">El autor, dijo que con ello rinde un homenaje a los hombres y mujeres que hacen suya la solidaridad en el trabajo diario.<\/span><\/p>\n<p><span class=\"text1noticias\"> <\/span><\/p>\n<p><span class=\"text1noticias\">Advirti\u00f3 que la Rep\u00fablica Dominicana necesita un cambio donde se ponga en marcha la solidaridad y el colectivismo en contra el ego\u00edsmo y el af\u00e1n de lucro en este capitalismo salvaje que se vive en el mundo.<\/span><\/p>\n<p><span class=\"text1noticias\"> <\/span><\/p>\n<p><span class=\"text1noticias\">Manifest\u00f3 que se requiere de una salida colectiva, con solidaridad y la pr\u00e1ctica del amor humano como est\u00e1n desarrollando los campesinos a trav\u00e9s de los convites en San Crist\u00f3bal y otras poblaciones del pa\u00eds.<\/span><\/p>\n<p><span class=\"text1noticias\"> <\/span><\/p>\n<p><span class=\"text1noticias\">El libro, aborda el tema de los convites campesinos en la zona de San Crist\u00f3bal, donde destaca que estos grupos de pobladores de comunidades rurales trabajan la tierra en forma colectiva, apoy\u00e1ndose en las tradiciones culturales como el canto y la m\u00fasica.<\/span><\/p>\n<p><span class=\"text1noticias\"> <\/span><\/p>\n<p><span class=\"text1noticias\">El texto fue presentado por el soci\u00f3logo Dagoberto Tejada, folklorista y acad\u00e9mico dominicano, quien dijo que en el estudio Santana pone en manos del p\u00fablico un importante aporte al estudio de aspectos de la vida nacional que han estado olvidados.<\/span><\/p>\n<p><span class=\"text1noticias\"> <\/span><\/p>\n<p><span class=\"text1noticias\">Manifest\u00f3 que Santana ha reivindicado a los soci\u00f3logos dominicanos en la lucha revolucionaria contra el opresor, y destac\u00f3 que los revolucionarios tienen que estar en las calles, en el campo para hacer la revoluci\u00f3n.<\/span><\/p>\n<p><span class=\"text1noticias\"> <\/span><\/p>\n<p><span class=\"text1noticias\">Destac\u00f3 que el convite es una herencia africana y que la solidaridad del convite se transmite como un espacio de lucha, el cu\u00e1l es una expresi\u00f3n cultural asumido en los campos dominicanos con diferentes nombres.<\/span><\/p>\n<p><span class=\"text1noticias\"> <\/span><\/p>\n<p><span class=\"text1noticias\">De su parte, Marisela Duval, directora del  Departamento de Sociolog\u00eda y encargada de la Escuela de Trabajo Social, agradeci\u00f3 la presencia de personalidades, autoridades universitarias, acad\u00e9micos y estudiantes universitarios  en el acto de puesta en circulaci\u00f3n del libro<\/span>.<\/p>\n<\/p>\n<\/p>\n<h6> 2012-02-11 14:38:46 <\/h6>\n<p><!--\n<link rel=\"stylesheet\" href=\"css\/bootstrap.min.css\">\n\n\n<ul class=\"pagination\">\n\t    \n\t\n\n<li >\n\t<a href='?page_no=17955'>Previous<\/a>\n\t<\/li>\n\n\n       \n    \n\n<li><a href='?page_no=1'>1<\/a><\/li>\n\n\n\n<li><a href='?page_no=2'>2<\/a><\/li>\n\n\n\n<li><a>...<\/a><\/li>\n\n\n\n<li><a href='?page_no=17954'>17954<\/a><\/li>\n\n\n\n<li><a href='?page_no=17955'>17955<\/a><\/li>\n\n\n\n<li class='active'><a>17956<\/a><\/li>\n\n\n\n<li><a href='?page_no=17957'>17957<\/a><\/li>\n\n\n\n<li><a href='?page_no=17958'>17958<\/a><\/li>\n\n\n\n<li><a>...<\/a><\/li>\n\n\n\n<li><a href='?page_no=22911'>22911<\/a><\/li>\n\n\n\n<li><a href='?page_no=22912'>22912<\/a><\/li>\n\n    \n\t\n\n<li >\n\t<a href='?page_no=17957'>Next<\/a>\n\t<\/li>\n\n\n    \n\n<li><a href='?page_no=22912'>Last &rsaquo;&rsaquo;<\/a><\/li>\n\n<\/ul>\n\n\n--><br \/>\n<\/body><\/p>\n","protected":false},"excerpt":{"rendered":"<p>Santo Domingo, RD 11 febrero.- El soci\u00f3logo Fidel Santana puso en circulaci\u00f3n el libro \u00abResistencia y Colectivismo en los Convites Campesinos de San Crist\u00f3bal\u00bb, con los auspicios del Departamento de Sociolog\u00eda de la Universidad Aut\u00f3noma de Santo Domingo (UASD), a trav\u00e9s de la Escuela de Trabajo Social. El autor, dijo que con ello rinde un [&hellip;]<\/p>\n","protected":false},"author":3,"featured_media":0,"comment_status":"open","ping_status":"open","sticky":false,"template":"","format":"standard","meta":{"footnotes":""},"categories":[21],"tags":[],"class_list":["post-66278","post","type-post","status-publish","format-standard","hentry","category-cultura"],"_links":{"self":[{"href":"https:\/\/diariodominicano.com\/index.php?rest_route=\/wp\/v2\/posts\/66278","targetHints":{"allow":["GET"]}}],"collection":[{"href":"https:\/\/diariodominicano.com\/index.php?rest_route=\/wp\/v2\/posts"}],"about":[{"href":"https:\/\/diariodominicano.com\/index.php?rest_route=\/wp\/v2\/types\/post"}],"author":[{"embeddable":true,"href":"https:\/\/diariodominicano.com\/index.php?rest_route=\/wp\/v2\/users\/3"}],"replies":[{"embeddable":true,"href":"https:\/\/diariodominicano.com\/index.php?rest_route=%2Fwp%2Fv2%2Fcomments&post=66278"}],"version-history":[{"count":0,"href":"https:\/\/diariodominicano.com\/index.php?rest_route=\/wp\/v2\/posts\/66278\/revisions"}],"wp:attachment":[{"href":"https:\/\/diariodominicano.com\/index.php?rest_route=%2Fwp%2Fv2%2Fmedia&parent=66278"}],"wp:term":[{"taxonomy":"category","embeddable":true,"href":"https:\/\/diariodominicano.com\/index.php?rest_route=%2Fwp%2Fv2%2Fcategories&post=66278"},{"taxonomy":"post_tag","embeddable":true,"href":"https:\/\/diariodominicano.com\/index.php?rest_route=%2Fwp%2Fv2%2Ftags&post=66278"}],"curies":[{"name":"wp","href":"https:\/\/api.w.org\/{rel}","templated":true}]}}